{"id":118217,"date":"2025-12-16T20:58:09","date_gmt":"2025-12-16T20:58:09","guid":{"rendered":"https:\/\/www.europesays.com\/fi\/118217\/"},"modified":"2025-12-16T20:58:09","modified_gmt":"2025-12-16T20:58:09","slug":"sebastian-tynkkynen-tapasi-paavin","status":"publish","type":"post","link":"https:\/\/www.europesays.com\/fi\/118217\/","title":{"rendered":"Sebastian Tynkkynen tapasi paavin"},"content":{"rendered":"<p>Europarlamentaarikko Sebastian Tynkkynen (ps) kuvailee kokemusta etuoikeudeksi.<\/p>\n<p><img decoding=\"async\" class=\"image image-show image-preview\" src=\"https:\/\/www.europesays.com\/fi\/wp-content\/uploads\/2025\/12\/69a94c35d7b03cb8e1d8cb57dabb26c87bde34924ba7f440b78a95a8122252a8.jpg\" alt=\"\"\/><img decoding=\"async\" class=\"image image-show\" src=\"https:\/\/www.europesays.com\/fi\/wp-content\/uploads\/2025\/12\/1765918689_566_69a94c35d7b03cb8e1d8cb57dabb26c87bde34924ba7f440b78a95a8122252a8.jpg\" alt=\"\"\/><\/p>\n<p>Europarlamentaarikko Sebastian Tynkkynen (ps) arkistokuvassa. Inka Soveri<\/p>\n<p class=\"paragraph\">Europarlamentaarikko <strong>Sebastian Tynkkynen<\/strong> (ps) on tavannut paavi Leo XIV:n Vatikaanissa.<\/p>\n<p class=\"paragraph\">Tynkkynen kertoo asiasta viestipalvelu X:ss\u00e4.<\/p>\n<p class=\"paragraph\">\u2013 Oli suuri etuoikeus tavata ensimm\u00e4isen\u00e4 suomalaisena poliitikkona paavi Leo XIV, Tynkkynen kirjoittaa julkaisussaan.<\/p>\n<p class=\"paragraph\">Syv\u00e4 hiljaisuus laskeutui, kun paavi astui Apostolisessa palatsissa sijaitsevaan Sala Clementina -huoneeseen, Tynkkynen kuvailee.<\/p>\n<p class=\"paragraph\">Tynkkynen oli paikalla muiden Euroopan parlamentin konservatiiviryhm\u00e4\u00e4n kuuluvien europarlamentaarikkojen kanssa.<\/p>\n<p class=\"paragraph\">\u2013 H\u00e4n kiitti aloituspuheenvuorossaan konservatiiviryhm\u00e4\u00e4mme Euroopan eduskunnassa tekem\u00e4st\u00e4mme ty\u00f6st\u00e4 j\u00e4senmaidemme kansalaisten sek\u00e4 koko Euroopan hyv\u00e4ksi.<\/p>\n<p>Paavi Leo XIV Pietarinkirkon parvekkeella. AOP<\/p>\n<p class=\"paragraph\">Tynkkysen mukaan paavin tervehdyksen j\u00e4lkeen jokainen p\u00e4\u00e4si vuorollaan k\u00e4ym\u00e4\u00e4n h\u00e4nen kanssaan lyhyen keskustelun kahden kesken.<\/p>\n<p class=\"paragraph\">Se j\u00e4nnitti, Tynkkynen my\u00f6nt\u00e4\u00e4.<\/p>\n<p class=\"paragraph\">\u2013 Ty\u00f6ss\u00e4ni kansanedustajana olen p\u00e4\u00e4ssyt tapaamaan ei en\u00e4\u00e4 satojen, vaan tuhansien kansanedustajien kanssa sek\u00e4 presidenttien kanssa, mutta t\u00e4m\u00e4 meni kyll\u00e4 heitt\u00e4m\u00e4ll\u00e4 ykk\u00f6seksi.<\/p>\n<p class=\"paragraph\">Vain Yhdysvaltain presidentti <strong>Donald Trumpin<\/strong> tapaaminen saattaisi nousta paavin tapaamisen ohi ykk\u00f6spaikalle, Tynkkynen kirjoittaa julkaisunsa lopussa.<\/p>\n","protected":false},"excerpt":{"rendered":"Europarlamentaarikko Sebastian Tynkkynen (ps) kuvailee kokemusta etuoikeudeksi. Europarlamentaarikko Sebastian Tynkkynen (ps) arkistokuvassa. Inka Soveri Europarlamentaarikko Sebastian Tynkkynen (ps)&hellip;\n","protected":false},"author":2,"featured_media":118218,"comment_status":"","ping_status":"","sticky":false,"template":"","format":"standard","meta":{"footnotes":""},"categories":[14],"tags":[35,22,23,26,27,33,31,30,17,24,25,28,29,15,18,21,142,637,886,885,887,32,19,20,56,16,59,60,61],"class_list":{"0":"post-118217","1":"post","2":"type-post","3":"status-publish","4":"format-standard","5":"has-post-thumbnail","7":"category-ulkomaat","8":"tag-24h","9":"tag-breaking-news","10":"tag-breakingnews","11":"tag-featured-news","12":"tag-featurednews","13":"tag-fi","14":"tag-finland","15":"tag-finnish","16":"tag-headlines","17":"tag-latest-news","18":"tag-latestnews","19":"tag-main-news","20":"tag-mainnews","21":"tag-news","22":"tag-otsikot","23":"tag-paauutiset","24":"tag-poliitikot","25":"tag-politiikka","26":"tag-puolueet","27":"tag-suomen-poliittiset-puolueet","28":"tag-suomen-politiikka","29":"tag-suomi","30":"tag-top-stories","31":"tag-topstories","32":"tag-ulkomaat","33":"tag-uutiset","34":"tag-world","35":"tag-world-news","36":"tag-worldnews"},"share_on_mastodon":{"url":"https:\/\/pubeurope.com\/@fi\/115731254938215278","error":""},"_links":{"self":[{"href":"https:\/\/www.europesays.com\/fi\/wp-json\/wp\/v2\/posts\/118217","targetHints":{"allow":["GET"]}}],"collection":[{"href":"https:\/\/www.europesays.com\/fi\/wp-json\/wp\/v2\/posts"}],"about":[{"href":"https:\/\/www.europesays.com\/fi\/wp-json\/wp\/v2\/types\/post"}],"author":[{"embeddable":true,"href":"https:\/\/www.europesays.com\/fi\/wp-json\/wp\/v2\/users\/2"}],"replies":[{"embeddable":true,"href":"https:\/\/www.europesays.com\/fi\/wp-json\/wp\/v2\/comments?post=118217"}],"version-history":[{"count":0,"href":"https:\/\/www.europesays.com\/fi\/wp-json\/wp\/v2\/posts\/118217\/revisions"}],"wp:featuredmedia":[{"embeddable":true,"href":"https:\/\/www.europesays.com\/fi\/wp-json\/wp\/v2\/media\/118218"}],"wp:attachment":[{"href":"https:\/\/www.europesays.com\/fi\/wp-json\/wp\/v2\/media?parent=118217"}],"wp:term":[{"taxonomy":"category","embeddable":true,"href":"https:\/\/www.europesays.com\/fi\/wp-json\/wp\/v2\/categories?post=118217"},{"taxonomy":"post_tag","embeddable":true,"href":"https:\/\/www.europesays.com\/fi\/wp-json\/wp\/v2\/tags?post=118217"}],"curies":[{"name":"wp","href":"https:\/\/api.w.org\/{rel}","templated":true}]}}