{"id":118219,"date":"2025-12-16T20:59:08","date_gmt":"2025-12-16T20:59:08","guid":{"rendered":"https:\/\/www.europesays.com\/fi\/118219\/"},"modified":"2025-12-16T20:59:08","modified_gmt":"2025-12-16T20:59:08","slug":"liverpoolin-jalkapallojuhlien-yliajaja-sai-215-vuotta-vankeutta-uutisia-lyhyesti","status":"publish","type":"post","link":"https:\/\/www.europesays.com\/fi\/118219\/","title":{"rendered":"Liverpoolin jalkapallojuhlien yliajaja sai 21,5 vuotta vankeutta | Uutisia lyhyesti"},"content":{"rendered":"<p class=\"aw-1gybjub aw-1p7kakr kEtdKx cEmitX yle__article__paragraph\">Toukokuussa Liverpoolissa ihmismassaan ajanut mies on saanut 21,5 vuoden vankeustuomion.<\/p>\n<p class=\"aw-1gybjub aw-1p7kakr kEtdKx cEmitX yle__article__paragraph\">54-vuotias mies aiheutti vammoja 130 ihmiselle, jotka olivat Liverpoolin kaduilla juhlimassa jalkapallojoukkueensa Valioliiga-mestaruutta.<\/p>\n<p class=\"aw-1gybjub aw-1p7kakr kEtdKx cEmitX yle__article__paragraph\">Tapaukseen ei liittynyt terrorismia. Mies oli raivostunut, koska ihmisjoukot estiv\u00e4t h\u00e4nt\u00e4 hakemasta yst\u00e4vi\u00e4\u00e4n sovittuun aikaan.<\/p>\n<p class=\"aw-1gybjub aw-1p7kakr kEtdKx cEmitX yle__article__paragraph\">L\u00e4hde: AP<\/p>\n","protected":false},"excerpt":{"rendered":"Toukokuussa Liverpoolissa ihmismassaan ajanut mies on saanut 21,5 vuoden vankeustuomion. 54-vuotias mies aiheutti vammoja 130 ihmiselle, jotka olivat&hellip;\n","protected":false},"author":2,"featured_media":74,"comment_status":"","ping_status":"","sticky":false,"template":"","format":"standard","meta":{"footnotes":""},"categories":[12],"tags":[22,23,26,27,33,31,30,17,24,25,2290,529,28,29,15,837,18,21,32,19,20,56,16,8170],"class_list":{"0":"post-118219","1":"post","2":"type-post","3":"status-publish","4":"format-standard","5":"has-post-thumbnail","7":"category-suomi","8":"tag-breaking-news","9":"tag-breakingnews","10":"tag-featured-news","11":"tag-featurednews","12":"tag-fi","13":"tag-finland","14":"tag-finnish","15":"tag-headlines","16":"tag-latest-news","17":"tag-latestnews","18":"tag-liverpool","19":"tag-liverpool-fc","20":"tag-main-news","21":"tag-mainnews","22":"tag-news","23":"tag-onnettomuudet","24":"tag-otsikot","25":"tag-paauutiset","26":"tag-suomi","27":"tag-top-stories","28":"tag-topstories","29":"tag-ulkomaat","30":"tag-uutiset","31":"tag-vankeus"},"share_on_mastodon":{"url":"https:\/\/pubeurope.com\/@fi\/115731258807497430","error":""},"_links":{"self":[{"href":"https:\/\/www.europesays.com\/fi\/wp-json\/wp\/v2\/posts\/118219","targetHints":{"allow":["GET"]}}],"collection":[{"href":"https:\/\/www.europesays.com\/fi\/wp-json\/wp\/v2\/posts"}],"about":[{"href":"https:\/\/www.europesays.com\/fi\/wp-json\/wp\/v2\/types\/post"}],"author":[{"embeddable":true,"href":"https:\/\/www.europesays.com\/fi\/wp-json\/wp\/v2\/users\/2"}],"replies":[{"embeddable":true,"href":"https:\/\/www.europesays.com\/fi\/wp-json\/wp\/v2\/comments?post=118219"}],"version-history":[{"count":0,"href":"https:\/\/www.europesays.com\/fi\/wp-json\/wp\/v2\/posts\/118219\/revisions"}],"wp:featuredmedia":[{"embeddable":true,"href":"https:\/\/www.europesays.com\/fi\/wp-json\/wp\/v2\/media\/74"}],"wp:attachment":[{"href":"https:\/\/www.europesays.com\/fi\/wp-json\/wp\/v2\/media?parent=118219"}],"wp:term":[{"taxonomy":"category","embeddable":true,"href":"https:\/\/www.europesays.com\/fi\/wp-json\/wp\/v2\/categories?post=118219"},{"taxonomy":"post_tag","embeddable":true,"href":"https:\/\/www.europesays.com\/fi\/wp-json\/wp\/v2\/tags?post=118219"}],"curies":[{"name":"wp","href":"https:\/\/api.w.org\/{rel}","templated":true}]}}