{"id":118222,"date":"2025-12-16T21:12:09","date_gmt":"2025-12-16T21:12:09","guid":{"rendered":"https:\/\/www.europesays.com\/fi\/118222\/"},"modified":"2025-12-16T21:12:09","modified_gmt":"2025-12-16T21:12:09","slug":"riikka-purran-jarkyttava-kokemus-syntyivat-ja-kuolivat","status":"publish","type":"post","link":"https:\/\/www.europesays.com\/fi\/118222\/","title":{"rendered":"Riikka Purran j\u00e4rkytt\u00e4v\u00e4 kokemus \u2013 \u201dSyntyiv\u00e4t ja kuolivat\u201d"},"content":{"rendered":"<p>Valtiovarainministeri <strong>Riikka Purra<\/strong> on kahden lapsen \u00e4iti. H\u00e4n on saanut keskenmenoja, joita ilman h\u00e4n voisi olla viiden lapsen \u00e4iti. H\u00e4nen sometarinoissaan mainitaan yksi keskenmenoista. H\u00e4n oli odottanut tuolloin kaksosia.<\/p>\n<p>Lue my\u00f6s: <a href=\"https:\/\/www.como.fi\/uutiset\/riikka-purran-ikava-aamu-housut-repesivat\/\" title=\"Riikka Purran ik\u00e4v\u00e4 aamu \u2013 housut repesiv\u00e4t\" class=\"underline-custom !font-montserrat !font-bold !underline-offset-4 !decoration-4 !decoration-red-600 !text-md\" rel=\"nofollow noopener\" target=\"_blank\">Riikka Purran ik\u00e4v\u00e4 aamu \u2013 housut repesiv\u00e4t<\/a><\/p>\n<p>\u2013 Tulevana y\u00f6n\u00e4, vuosia sitten, syntyiv\u00e4t ja kuolivat Helsingin Naistenklinikalla pikkuruiset identtiset kaksospoikani. Oli todella kova pakkanen, pihassa loistava kuusi, lunta satoi hiljalleen.<\/p>\n<p>Purra kertoo ik\u00e4v\u00e4n tapahtuneen aikoihin sataneen paljon lunta.<\/p>\n<p>\u2013 Tulevina p\u00e4ivin\u00e4 ja viikkoina lunta vain satoi ja satoi, ja tuntui, ettei se koskaan lopu. Jouluna lauloin Haapaj\u00e4rven punaisessa puukirkossa I\u2019m walking in the air. Hanget olivat kuin valtava hauta. Mets\u00e4k\u00e4velyill\u00e4 suru poltti, mutta luonto kantoi.<\/p>\n<p>Purra on kokenut my\u00f6s lapsena kovan menetyksen. H\u00e4nen \u00e4itins\u00e4 kuoli h\u00e4nen ollessa vasta 12-vuotias.<\/p>\n<p>Kaikki Purran keskenmenot sattuivat raskauksien puoliv\u00e4liss\u00e4. H\u00e4nen lapsistaan vanhempi kirjoitti viime kev\u00e4\u00e4n\u00e4 ylioppilaaksi.<\/p>\n<p>Lue my\u00f6s: <a href=\"https:\/\/www.como.fi\/tilaa-comon-uutiskirje\/\" title=\"Tilaa Comon uutiskirje ja tied\u00e4t mist\u00e4 kahvitauolla puhutaan! Nappaa kotimaan tv-vinkit ja puheenaiheet suoraan s\u00e4hk\u00f6postiin t\u00e4st\u00e4.\" class=\"underline-custom !font-montserrat !font-bold !underline-offset-4 !decoration-4 !decoration-red-600 !text-md\" rel=\"nofollow noopener\" target=\"_blank\">Tilaa Comon uutiskirje ja tied\u00e4t mist\u00e4 kahvitauolla puhutaan! Nappaa kotimaan tv-vinkit ja puheenaiheet suoraan s\u00e4hk\u00f6postiin t\u00e4st\u00e4.<\/a><\/p>\n","protected":false},"excerpt":{"rendered":"Valtiovarainministeri Riikka Purra on kahden lapsen \u00e4iti. H\u00e4n on saanut keskenmenoja, joita ilman h\u00e4n voisi olla viiden lapsen&hellip;\n","protected":false},"author":2,"featured_media":118223,"comment_status":"","ping_status":"","sticky":false,"template":"","format":"standard","meta":{"footnotes":""},"categories":[136],"tags":[407,137,33,31,30,408,3302,32,109],"class_list":{"0":"post-118222","1":"post","2":"type-post","3":"status-publish","4":"format-standard","5":"has-post-thumbnail","7":"category-julkkikset","8":"tag-celebrities","9":"tag-entertainment","10":"tag-fi","11":"tag-finland","12":"tag-finnish","13":"tag-julkkikset","14":"tag-riikka-purra","15":"tag-suomi","16":"tag-viihde"},"share_on_mastodon":{"url":"https:\/\/pubeurope.com\/@fi\/115731309734212128","error":""},"_links":{"self":[{"href":"https:\/\/www.europesays.com\/fi\/wp-json\/wp\/v2\/posts\/118222","targetHints":{"allow":["GET"]}}],"collection":[{"href":"https:\/\/www.europesays.com\/fi\/wp-json\/wp\/v2\/posts"}],"about":[{"href":"https:\/\/www.europesays.com\/fi\/wp-json\/wp\/v2\/types\/post"}],"author":[{"embeddable":true,"href":"https:\/\/www.europesays.com\/fi\/wp-json\/wp\/v2\/users\/2"}],"replies":[{"embeddable":true,"href":"https:\/\/www.europesays.com\/fi\/wp-json\/wp\/v2\/comments?post=118222"}],"version-history":[{"count":0,"href":"https:\/\/www.europesays.com\/fi\/wp-json\/wp\/v2\/posts\/118222\/revisions"}],"wp:featuredmedia":[{"embeddable":true,"href":"https:\/\/www.europesays.com\/fi\/wp-json\/wp\/v2\/media\/118223"}],"wp:attachment":[{"href":"https:\/\/www.europesays.com\/fi\/wp-json\/wp\/v2\/media?parent=118222"}],"wp:term":[{"taxonomy":"category","embeddable":true,"href":"https:\/\/www.europesays.com\/fi\/wp-json\/wp\/v2\/categories?post=118222"},{"taxonomy":"post_tag","embeddable":true,"href":"https:\/\/www.europesays.com\/fi\/wp-json\/wp\/v2\/tags?post=118222"}],"curies":[{"name":"wp","href":"https:\/\/api.w.org\/{rel}","templated":true}]}}