{"id":118247,"date":"2025-12-16T21:50:08","date_gmt":"2025-12-16T21:50:08","guid":{"rendered":"https:\/\/www.europesays.com\/fi\/118247\/"},"modified":"2025-12-16T21:50:08","modified_gmt":"2025-12-16T21:50:08","slug":"sebastian-tynkkynen-tapasi-paavin-ilta-sanomat","status":"publish","type":"post","link":"https:\/\/www.europesays.com\/fi\/118247\/","title":{"rendered":"Sebastian Tynkkynen tapasi paavin &#8211; Ilta-Sanomat"},"content":{"rendered":"<p>Paavin tapaaminen oli Tynkkyselle vaikuttava hetki.<\/p>\n<p class=\"article-body mb-nof-24 px-nof-16\">Europarlamentaarikko <a class=\"article-personlink\" href=\"https:\/\/www.is.fi\/haku\/?query=Sebastian%20Tynkkynen\" rel=\"nofollow noopener\" target=\"_blank\">Sebastian Tynkkynen<\/a> (ps) on tavannut paavi <a class=\"article-personlink\" href=\"https:\/\/www.is.fi\/haku\/?query=Leo%20XIV:n\" rel=\"nofollow noopener\" target=\"_blank\">Leo XIV:n<\/a> Vatikaanissa.<\/p>\n<p class=\"article-body mb-nof-24 px-nof-16\">Tynkkynen kertoo asiasta viestipalvelu X:ss\u00e4. H\u00e4n kertoo tapaamisen olleen suuri kunnia.<\/p>\n<p class=\"article-body mb-nof-24 px-nof-16\">\u2013 Oli suuri etuoikeus tavata ensimm\u00e4isen\u00e4 suomalaisena poliitikkona paavi Leo XIV, Tynkkynen kirjoittaa.<\/p>\n<p class=\"article-body mb-nof-24 px-nof-16\">Tynkkynen tapasi katolisen kirkon johtajan yhdess\u00e4 Euroopan parlamentin konservatiiviryhm\u00e4 ECR:n kanssa edustajien kanssa.<\/p>\n<p class=\"article-body mb-nof-24 px-nof-16\">Tynkkynen kertoo paavin kiitt\u00e4neen puheenvuorossaan konservatiiviryhm\u00e4\u00e4 sen tekem\u00e4st\u00e4 ty\u00f6st\u00e4.<\/p>\n<p class=\"article-body mb-nof-24 px-nof-16\">Tynkkysen mukaan jokainen ryhm\u00e4n j\u00e4sen p\u00e4\u00e4si paavin puheenvuoron j\u00e4lkeen k\u00e4ym\u00e4\u00e4n lyhyen keskustelun t\u00e4m\u00e4n kanssa kahden kesken.<\/p>\n<p class=\"article-body mb-nof-24 px-nof-16\">\u2013 Voin my\u00f6nt\u00e4\u00e4, ett\u00e4 v\u00e4h\u00e4n j\u00e4nnitti.<\/p>\n<p class=\"article-body mb-nof-24 px-nof-16\">Tynkkynen kertoo p\u00e4\u00e4sseens\u00e4 ty\u00f6ns\u00e4 kautta tapaamaan tuhansien kansanedustajien kanssa sek\u00e4 presidenttien kanssa. Paavin tapaamista h\u00e4n pit\u00e4\u00e4 kuitenkin kaikkein hienoimpana.<\/p>\n<p class=\"article-body mb-nof-24 px-nof-16\">\u2013 T\u00e4m\u00e4n j\u00e4lkeen maailmassa on todenn\u00e4k\u00f6isesti en\u00e4\u00e4 yksi ihminen, jonka tapaaminen voisi nousta ykk\u00f6seksi ja se olisi presidentti <a class=\"article-personlink\" href=\"https:\/\/www.is.fi\/haku\/?query=Trump\" rel=\"nofollow noopener\" target=\"_blank\">Trump<\/a>, Tynkkynen ilmoittaa viestiss\u00e4\u00e4n.<\/p>\n<p class=\"article-body mb-nof-24 px-nof-16\">Paavi Leo XIV valittiin katolisen kirkon johtajaksi toukokuun alussa. Leo XIV, oikealta nimelt\u00e4\u00e4n <a class=\"article-personlink\" href=\"https:\/\/www.is.fi\/haku\/?query=Robert%20Francis%20Prevost\" rel=\"nofollow noopener\" target=\"_blank\">Robert Francis Prevost<\/a>, on ensimm\u00e4inen Yhdysvalloissa syntynyt paavi. H\u00e4net valittiin johtajaksi sen j\u00e4lkeen, kun paavi <a class=\"article-personlink\" href=\"https:\/\/www.is.fi\/haku\/?query=Franciscus\" rel=\"nofollow noopener\" target=\"_blank\">Franciscus <\/a>kuoli.<\/p>\n<p class=\"article-body mb-nof-24 px-nof-16\">Vatikaanin pyh\u00e4 istuin on julkaissut paavin EU:n konservatiiviryhm\u00e4n edustajille pit\u00e4m\u00e4n puheenvuoron <a class=\"article-genericlink\" href=\"https:\/\/www.vatican.va\/content\/leo-xiv\/en\/speeches\/2025\/december\/documents\/20251210-ecr.html\" rel=\"nofollow noopener\" target=\"_blank\">verkkosivuillaan<\/a>.<\/p>\n<p class=\"article-body mb-nof-24 px-nof-16\">Puheenvuorossaan paavi sanoi, ett\u00e4 korkean aseman mukana tulee velvollisuus edist\u00e4\u00e4 yhteist\u00e4 hyv\u00e4\u00e4. H\u00e4n rohkaisi vieraitaan olemaan koskaan unohtamatta yhteiskunnan marginaalissa olevia.<\/p>\n<p class=\"article-body mb-nof-24 px-nof-16\">Paavi kannusti edustajia my\u00f6s k\u00e4sittelem\u00e4\u00e4n erimielisyyksi\u00e4 kohteliaasti ja kunnioittavasti.<\/p>\n","protected":false},"excerpt":{"rendered":"Paavin tapaaminen oli Tynkkyselle vaikuttava hetki. Europarlamentaarikko Sebastian Tynkkynen (ps) on tavannut paavi Leo XIV:n Vatikaanissa. Tynkkynen kertoo&hellip;\n","protected":false},"author":2,"featured_media":118248,"comment_status":"","ping_status":"","sticky":false,"template":"","format":"standard","meta":{"footnotes":""},"categories":[14],"tags":[22,23,26,27,33,31,30,17,34,24,25,28,29,15,18,21,32,19,20,56,16,59,60,61],"class_list":{"0":"post-118247","1":"post","2":"type-post","3":"status-publish","4":"format-standard","5":"has-post-thumbnail","7":"category-ulkomaat","8":"tag-breaking-news","9":"tag-breakingnews","10":"tag-featured-news","11":"tag-featurednews","12":"tag-fi","13":"tag-finland","14":"tag-finnish","15":"tag-headlines","16":"tag-ilta-sanomat","17":"tag-latest-news","18":"tag-latestnews","19":"tag-main-news","20":"tag-mainnews","21":"tag-news","22":"tag-otsikot","23":"tag-paauutiset","24":"tag-suomi","25":"tag-top-stories","26":"tag-topstories","27":"tag-ulkomaat","28":"tag-uutiset","29":"tag-world","30":"tag-world-news","31":"tag-worldnews"},"share_on_mastodon":{"url":"https:\/\/pubeurope.com\/@fi\/115731459274639504","error":""},"_links":{"self":[{"href":"https:\/\/www.europesays.com\/fi\/wp-json\/wp\/v2\/posts\/118247","targetHints":{"allow":["GET"]}}],"collection":[{"href":"https:\/\/www.europesays.com\/fi\/wp-json\/wp\/v2\/posts"}],"about":[{"href":"https:\/\/www.europesays.com\/fi\/wp-json\/wp\/v2\/types\/post"}],"author":[{"embeddable":true,"href":"https:\/\/www.europesays.com\/fi\/wp-json\/wp\/v2\/users\/2"}],"replies":[{"embeddable":true,"href":"https:\/\/www.europesays.com\/fi\/wp-json\/wp\/v2\/comments?post=118247"}],"version-history":[{"count":0,"href":"https:\/\/www.europesays.com\/fi\/wp-json\/wp\/v2\/posts\/118247\/revisions"}],"wp:featuredmedia":[{"embeddable":true,"href":"https:\/\/www.europesays.com\/fi\/wp-json\/wp\/v2\/media\/118248"}],"wp:attachment":[{"href":"https:\/\/www.europesays.com\/fi\/wp-json\/wp\/v2\/media?parent=118247"}],"wp:term":[{"taxonomy":"category","embeddable":true,"href":"https:\/\/www.europesays.com\/fi\/wp-json\/wp\/v2\/categories?post=118247"},{"taxonomy":"post_tag","embeddable":true,"href":"https:\/\/www.europesays.com\/fi\/wp-json\/wp\/v2\/tags?post=118247"}],"curies":[{"name":"wp","href":"https:\/\/api.w.org\/{rel}","templated":true}]}}