{"id":118257,"date":"2025-12-16T22:12:14","date_gmt":"2025-12-16T22:12:14","guid":{"rendered":"https:\/\/www.europesays.com\/fi\/118257\/"},"modified":"2025-12-16T22:12:14","modified_gmt":"2025-12-16T22:12:14","slug":"kuva-james-cameronin-ohje-uutta-avatar-elokuvaa-esittaville-teattereille-on-monelle-taysi-vitsi","status":"publish","type":"post","link":"https:\/\/www.europesays.com\/fi\/118257\/","title":{"rendered":"Kuva: James Cameronin ohje uutta Avatar-elokuvaa esitt\u00e4ville teattereille on monelle t\u00e4ysi vitsi"},"content":{"rendered":"<p>James Cameronin uusi Avatar: Fire and Ash saa Suomessa ensi-iltansa huomenna.<\/p>\n<p>James Cameron on jakanut elokuvateattereille teknisi\u00e4 ohjeita uuden <a href=\"https:\/\/muropaketti.com\/avainsana\/avatar-fire-and-ash\/\" rel=\"nofollow noopener\" target=\"_blank\">Avatar: Fire and Ash<\/a> -elokuvan tiimoilta. Somessa jaetuissa ohjeissa Cameron muistuttaa teattereita tarkistamaan, ett\u00e4 kuva ja \u00e4\u00e4ni on kalibroitu juuri niin kuin h\u00e4n on tarkoittanut, uutisoi <a href=\"https:\/\/www.comingsoon.net\/movies\/news\/2074348-james-cameron-avatar-fire-and-ash-letter-becoming-meme\" target=\"_blank\" rel=\"noreferrer noopener nofollow\">Comingsoon<\/a>.<\/p>\n<p>Hyv\u00e4 tarkoitus on kuitenkin k\u00e4\u00e4ntynyt vitsiksi, sill\u00e4 moni on kiinnitt\u00e4nyt huomionsa fonttiin, jolla viesti on kirjoitettu. Se on Avatar-elokuvissa k\u00e4ytetty Papyrus-fontti, josta Ryan Gosling teki kuuluisan sketsins\u00e4 Saturday Night Livess\u00e4 vuonna 2017.<\/p>\n<p>Cameronin fonttivalinta onkin saanut monet muistelemaan tuota sketsi\u00e4, miss\u00e4 mies menett\u00e4\u00e4 j\u00e4rkens\u00e4 Papyrus-fontin takia.<\/p>\n<p>T\u00e4ss\u00e4 kyseinen SNL-sketsi muistin virkist\u00e4miseksi:<\/p>\n<p>Kolmas Avatar vie katsojat j\u00e4lleen seikkailemaan Pandora-planeetan metsiin, taivaalle ja merien syvyyksiin. Muistutuksena, ett\u00e4 elokuvalla on pituutta per\u00e4ti kolme tuntia ja 19 minuuttia.<\/p>\n","protected":false},"excerpt":{"rendered":"James Cameronin uusi Avatar: Fire and Ash saa Suomessa ensi-iltansa huomenna. James Cameron on jakanut elokuvateattereille teknisi\u00e4 ohjeita&hellip;\n","protected":false},"author":2,"featured_media":94145,"comment_status":"","ping_status":"","sticky":false,"template":"","format":"standard","meta":{"footnotes":""},"categories":[130],"tags":[1092,1093,137,33,31,30,434,3265,32,109],"class_list":{"0":"post-118257","1":"post","2":"type-post","3":"status-publish","4":"format-standard","5":"has-post-thumbnail","7":"category-viihde","8":"tag-avatar","9":"tag-avatar-fire-and-ash","10":"tag-entertainment","11":"tag-fi","12":"tag-finland","13":"tag-finnish","14":"tag-james-cameron","15":"tag-ryan-gosling","16":"tag-suomi","17":"tag-viihde"},"share_on_mastodon":{"url":"https:\/\/pubeurope.com\/@fi\/115731545650061754","error":""},"_links":{"self":[{"href":"https:\/\/www.europesays.com\/fi\/wp-json\/wp\/v2\/posts\/118257","targetHints":{"allow":["GET"]}}],"collection":[{"href":"https:\/\/www.europesays.com\/fi\/wp-json\/wp\/v2\/posts"}],"about":[{"href":"https:\/\/www.europesays.com\/fi\/wp-json\/wp\/v2\/types\/post"}],"author":[{"embeddable":true,"href":"https:\/\/www.europesays.com\/fi\/wp-json\/wp\/v2\/users\/2"}],"replies":[{"embeddable":true,"href":"https:\/\/www.europesays.com\/fi\/wp-json\/wp\/v2\/comments?post=118257"}],"version-history":[{"count":0,"href":"https:\/\/www.europesays.com\/fi\/wp-json\/wp\/v2\/posts\/118257\/revisions"}],"wp:featuredmedia":[{"embeddable":true,"href":"https:\/\/www.europesays.com\/fi\/wp-json\/wp\/v2\/media\/94145"}],"wp:attachment":[{"href":"https:\/\/www.europesays.com\/fi\/wp-json\/wp\/v2\/media?parent=118257"}],"wp:term":[{"taxonomy":"category","embeddable":true,"href":"https:\/\/www.europesays.com\/fi\/wp-json\/wp\/v2\/categories?post=118257"},{"taxonomy":"post_tag","embeddable":true,"href":"https:\/\/www.europesays.com\/fi\/wp-json\/wp\/v2\/tags?post=118257"}],"curies":[{"name":"wp","href":"https:\/\/api.w.org\/{rel}","templated":true}]}}