{"id":118260,"date":"2025-12-16T22:16:08","date_gmt":"2025-12-16T22:16:08","guid":{"rendered":"https:\/\/www.europesays.com\/fi\/118260\/"},"modified":"2025-12-16T22:16:08","modified_gmt":"2025-12-16T22:16:08","slug":"ranskan-kansalliskokous-sinetoi-elakeuudistuksen-lykkayksen-uutissuomalainen","status":"publish","type":"post","link":"https:\/\/www.europesays.com\/fi\/118260\/","title":{"rendered":"Ranskan kansalliskokous sinet\u00f6i el\u00e4keuudistuksen lykk\u00e4yksen | Uutissuomalainen"},"content":{"rendered":"<p>Ranskan parlamentin alahuone kansalliskokous vahvisti tiistaina niukasti maan uuden sosiaaliturvabudjetin ja siihen sis\u00e4ltyneen el\u00e4keuudistuksen lykk\u00e4yksen. Budjetti hyv\u00e4ksyttiin \u00e4\u00e4nin 247\u2013232.<\/p>\n<p>Ranska p\u00e4\u00e4tti toissa vuonna nostaa el\u00e4kei\u00e4n 62 vuodesta 64:\u00e4\u00e4n. P\u00e4\u00e4ministeri Sebastien Lecornu suostui kuitenkin lykk\u00e4\u00e4m\u00e4\u00e4n ep\u00e4suositun uudistuksen vuoteen 2028, jotta sai vaa&#8217;ankieliasemassa olevat sosialistit budjettinsa taakse. Vuonna 2028 presidentti Emmanuel Macron ei ole en\u00e4\u00e4 vallassa, ja uudistuksen lopullinen kohtalo riippuu h\u00e4nen seuraajastaan.<\/p>\n<p>Ranskassa budjetti jakautuu kahteen p\u00e4\u00e4osaan: valtion budjettiin ja sosiaaliturvabudjettiin. Parlamentin pit\u00e4\u00e4 viel\u00e4 hyv\u00e4ksy\u00e4 valtion budjetti loppuvuoden aikana.<\/p>\n<p>Ranska on euroalueen toiseksi suurin talous mutta pahasti velkaantunut. Sopeuttaminen on kuitenkin ollut vaikeaa, koska presidentti Macronin tukijat ovat parlamentissa v\u00e4hemmist\u00f6ss\u00e4. Lecornun lyhytaikaiset edelt\u00e4j\u00e4t p\u00e4\u00e4ministerin\u00e4 kaatuivat ep\u00e4luottamuslauseisiin yritt\u00e4ess\u00e4\u00e4n hillit\u00e4 valtion menoja.<\/p>\n","protected":false},"excerpt":{"rendered":"Ranskan parlamentin alahuone kansalliskokous vahvisti tiistaina niukasti maan uuden sosiaaliturvabudjetin ja siihen sis\u00e4ltyneen el\u00e4keuudistuksen lykk\u00e4yksen. Budjetti hyv\u00e4ksyttiin \u00e4\u00e4nin&hellip;\n","protected":false},"author":2,"featured_media":118261,"comment_status":"","ping_status":"","sticky":false,"template":"","format":"standard","meta":{"footnotes":""},"categories":[14],"tags":[22,23,26,27,33,31,30,2346,863,2168,17,24,25,28,29,15,18,1706,21,142,637,886,32,19,20,56,16,59,60,61],"class_list":{"0":"post-118260","1":"post","2":"type-post","3":"status-publish","4":"format-standard","5":"has-post-thumbnail","7":"category-ulkomaat","8":"tag-breaking-news","9":"tag-breakingnews","10":"tag-featured-news","11":"tag-featurednews","12":"tag-fi","13":"tag-finland","14":"tag-finnish","15":"tag-hallituksen-talouspolitiikka","16":"tag-hallitus","17":"tag-hallituspolitiikka","18":"tag-headlines","19":"tag-latest-news","20":"tag-latestnews","21":"tag-main-news","22":"tag-mainnews","23":"tag-news","24":"tag-otsikot","25":"tag-paaministeri","26":"tag-paauutiset","27":"tag-poliitikot","28":"tag-politiikka","29":"tag-puolueet","30":"tag-suomi","31":"tag-top-stories","32":"tag-topstories","33":"tag-ulkomaat","34":"tag-uutiset","35":"tag-world","36":"tag-world-news","37":"tag-worldnews"},"share_on_mastodon":{"url":"https:\/\/pubeurope.com\/@fi\/115731561558288392","error":""},"_links":{"self":[{"href":"https:\/\/www.europesays.com\/fi\/wp-json\/wp\/v2\/posts\/118260","targetHints":{"allow":["GET"]}}],"collection":[{"href":"https:\/\/www.europesays.com\/fi\/wp-json\/wp\/v2\/posts"}],"about":[{"href":"https:\/\/www.europesays.com\/fi\/wp-json\/wp\/v2\/types\/post"}],"author":[{"embeddable":true,"href":"https:\/\/www.europesays.com\/fi\/wp-json\/wp\/v2\/users\/2"}],"replies":[{"embeddable":true,"href":"https:\/\/www.europesays.com\/fi\/wp-json\/wp\/v2\/comments?post=118260"}],"version-history":[{"count":0,"href":"https:\/\/www.europesays.com\/fi\/wp-json\/wp\/v2\/posts\/118260\/revisions"}],"wp:featuredmedia":[{"embeddable":true,"href":"https:\/\/www.europesays.com\/fi\/wp-json\/wp\/v2\/media\/118261"}],"wp:attachment":[{"href":"https:\/\/www.europesays.com\/fi\/wp-json\/wp\/v2\/media?parent=118260"}],"wp:term":[{"taxonomy":"category","embeddable":true,"href":"https:\/\/www.europesays.com\/fi\/wp-json\/wp\/v2\/categories?post=118260"},{"taxonomy":"post_tag","embeddable":true,"href":"https:\/\/www.europesays.com\/fi\/wp-json\/wp\/v2\/tags?post=118260"}],"curies":[{"name":"wp","href":"https:\/\/api.w.org\/{rel}","templated":true}]}}