{"id":118266,"date":"2025-12-16T22:30:09","date_gmt":"2025-12-16T22:30:09","guid":{"rendered":"https:\/\/www.europesays.com\/fi\/118266\/"},"modified":"2025-12-16T22:30:09","modified_gmt":"2025-12-16T22:30:09","slug":"oletko-nahnyt-tata-miesta-vaasassa","status":"publish","type":"post","link":"https:\/\/www.europesays.com\/fi\/118266\/","title":{"rendered":"Oletko n\u00e4hnyt t\u00e4t\u00e4 miest\u00e4 Vaasassa?"},"content":{"rendered":"<p>Poliisi pyyt\u00e4\u00e4 edelleen tietoja miehest\u00e4, joka on kateissa Vaasassa. Miehen nimi on Daniel Ravindraraja.  Poliisi julkaisee nyt kadonneen nimen. Kuva on julkaistu aiemmin.<\/p>\n<p>Poliisi sai ilmoituksen miehen katoamisesta 26.12.2024. Kadonnut on n\u00e4hty viimeisen kerran 14.12.2024. H\u00e4nen puhelimensa on ollut p\u00e4\u00e4ll\u00e4 viimeksi 15.12.2024, jolloin se paikantui Vaasan Suvilahteen, kadonneen kotiosoitteen l\u00e4heisyyteen.<\/p>\n<p>Lue my\u00f6s: <a href=\"https:\/\/www.como.fi\/uutiset\/asiakas-kavi-taksissa-kuskin-paalle-vaasassa\/\" title=\"Asiakas k\u00e4vi taksissa kuskin p\u00e4\u00e4lle Vaasassa, poliisi kaipaa apua\" class=\"underline-custom !font-montserrat !font-bold !underline-offset-4 !decoration-4 !decoration-red-600 !text-md\" rel=\"nofollow noopener\" target=\"_blank\">Asiakas k\u00e4vi taksissa kuskin p\u00e4\u00e4lle Vaasassa, poliisi kaipaa apua<\/a><\/p>\n<p>Lue my\u00f6s: <a href=\"https:\/\/www.como.fi\/uutiset\/auta-vaasan-poliisia-liittyy-tahan-naispuoliseen-sahkopotkulautailijaan\/\" title=\"Auta Vaasan poliisia \u2013 liittyy t\u00e4h\u00e4n naispuoliseen s\u00e4hk\u00f6potkulautailijaan\" class=\"underline-custom !font-montserrat !font-bold !underline-offset-4 !decoration-4 !decoration-red-600 !text-md\" rel=\"nofollow noopener\" target=\"_blank\">Auta Vaasan poliisia \u2013 liittyy t\u00e4h\u00e4n naispuoliseen s\u00e4hk\u00f6potkulautailijaan<\/a><\/p>\n<p>Poliisi ei ole saanut varteenotettavia vihjeit\u00e4 miehen liikkeist\u00e4 katoamisp\u00e4iv\u00e4lt\u00e4 tai sen j\u00e4lkeiselt\u00e4 ajalta. Vuoden aikana poliisi on puhuttanut useita henkil\u00f6it\u00e4, kartoittanut kadonneen kaveripiiri\u00e4 sek\u00e4 suorittanut laajoja etsint\u00f6j\u00e4 Suvilahden alueella ja etel\u00e4isell\u00e4 kaupunginsel\u00e4ll\u00e4, my\u00f6s vesist\u00f6alueilla. Etsinn\u00f6ist\u00e4 huolimatta miest\u00e4 ei ole toistaiseksi l\u00f6ydetty.<\/p>\n<p>Lue my\u00f6s: <a href=\"https:\/\/www.como.fi\/uutiset\/huomio-mustasaari-ja-vaasa-tunnetko-taman-henkilon-kysyy-poliisi\/\" title=\"Huomio Mustasaari ja Vaasa \u2013 tunnetko t\u00e4m\u00e4n henkil\u00f6n, kysyy poliisi\" class=\"underline-custom !font-montserrat !font-bold !underline-offset-4 !decoration-4 !decoration-red-600 !text-md\" rel=\"nofollow noopener\" target=\"_blank\">Huomio Mustasaari ja Vaasa \u2013 tunnetko t\u00e4m\u00e4n henkil\u00f6n, kysyy poliisi<\/a><\/p>\n<p>Poliisi pyyt\u00e4\u00e4 kaikkia, joilla on tietoja kadonneesta tai h\u00e4nen liikkeist\u00e4\u00e4n ottamaan yhteytt\u00e4 poliisiin. Vihjeet pyydet\u00e4\u00e4n l\u00e4hett\u00e4m\u00e4\u00e4n s\u00e4hk\u00f6postitse osoitteeseen: vihjeet.pohjanmaa@poliisi.fi.<\/p>\n<p><img loading=\"lazy\" height=\"653\" width=\"500\" class=\"wp-image-126532 sp-no-webp perfmatters-lazy\" alt=\"\" decoding=\"async\" src=\"https:\/\/www.europesays.com\/fi\/wp-content\/uploads\/2025\/12\/image-3-127.jpg\"  data-\/> <\/p>\n<p>Lue my\u00f6s: <a href=\"https:\/\/www.como.fi\/tilaa-comon-uutiskirje\/\" title=\"Tilaa Comon uutiskirje ja tied\u00e4t mist\u00e4 kahvitauolla puhutaan! Nappaa kotimaan tv-vinkit ja puheenaiheet suoraan s\u00e4hk\u00f6postiin t\u00e4st\u00e4.\" class=\"underline-custom !font-montserrat !font-bold !underline-offset-4 !decoration-4 !decoration-red-600 !text-md\" rel=\"nofollow noopener\" target=\"_blank\">Tilaa Comon uutiskirje ja tied\u00e4t mist\u00e4 kahvitauolla puhutaan! Nappaa kotimaan tv-vinkit ja puheenaiheet suoraan s\u00e4hk\u00f6postiin t\u00e4st\u00e4.<\/a><\/p>\n","protected":false},"excerpt":{"rendered":"Poliisi pyyt\u00e4\u00e4 edelleen tietoja miehest\u00e4, joka on kateissa Vaasassa. Miehen nimi on Daniel Ravindraraja. Poliisi julkaisee nyt kadonneen&hellip;\n","protected":false},"author":2,"featured_media":56719,"comment_status":"","ping_status":"","sticky":false,"template":"","format":"standard","meta":{"footnotes":""},"categories":[136],"tags":[407,137,33,31,30,408,52,32,109],"class_list":{"0":"post-118266","1":"post","2":"type-post","3":"status-publish","4":"format-standard","5":"has-post-thumbnail","7":"category-julkkikset","8":"tag-celebrities","9":"tag-entertainment","10":"tag-fi","11":"tag-finland","12":"tag-finnish","13":"tag-julkkikset","14":"tag-poliisi","15":"tag-suomi","16":"tag-viihde"},"share_on_mastodon":{"url":"https:\/\/pubeurope.com\/@fi\/115731616668294941","error":""},"_links":{"self":[{"href":"https:\/\/www.europesays.com\/fi\/wp-json\/wp\/v2\/posts\/118266","targetHints":{"allow":["GET"]}}],"collection":[{"href":"https:\/\/www.europesays.com\/fi\/wp-json\/wp\/v2\/posts"}],"about":[{"href":"https:\/\/www.europesays.com\/fi\/wp-json\/wp\/v2\/types\/post"}],"author":[{"embeddable":true,"href":"https:\/\/www.europesays.com\/fi\/wp-json\/wp\/v2\/users\/2"}],"replies":[{"embeddable":true,"href":"https:\/\/www.europesays.com\/fi\/wp-json\/wp\/v2\/comments?post=118266"}],"version-history":[{"count":0,"href":"https:\/\/www.europesays.com\/fi\/wp-json\/wp\/v2\/posts\/118266\/revisions"}],"wp:featuredmedia":[{"embeddable":true,"href":"https:\/\/www.europesays.com\/fi\/wp-json\/wp\/v2\/media\/56719"}],"wp:attachment":[{"href":"https:\/\/www.europesays.com\/fi\/wp-json\/wp\/v2\/media?parent=118266"}],"wp:term":[{"taxonomy":"category","embeddable":true,"href":"https:\/\/www.europesays.com\/fi\/wp-json\/wp\/v2\/categories?post=118266"},{"taxonomy":"post_tag","embeddable":true,"href":"https:\/\/www.europesays.com\/fi\/wp-json\/wp\/v2\/tags?post=118266"}],"curies":[{"name":"wp","href":"https:\/\/api.w.org\/{rel}","templated":true}]}}