{"id":118273,"date":"2025-12-16T22:42:09","date_gmt":"2025-12-16T22:42:09","guid":{"rendered":"https:\/\/www.europesays.com\/fi\/118273\/"},"modified":"2025-12-16T22:42:09","modified_gmt":"2025-12-16T22:42:09","slug":"analyysi-ukrainalaiset-tietavat-jotain-jota-trumpin-vaki-ei-tunnu-ymmartavan-ulkomaat","status":"publish","type":"post","link":"https:\/\/www.europesays.com\/fi\/118273\/","title":{"rendered":"Analyysi: Ukrainalaiset tiet\u00e4v\u00e4t jotain, jota Trumpin v\u00e4ki ei tunnu ymm\u00e4rt\u00e4v\u00e4n | Ulkomaat"},"content":{"rendered":"<p class=\"aw-1gybjub aw-5vja16 kEtdKx kmuxyA yle__article__paragraph\">Ukrainassa ei uskota, ett\u00e4 rauhansopimusta saadaan jouluksi, kirjoittaa Ylen Ukrainan-toimittaja Maxim Fedorov.<\/p>\n<p><img decoding=\"async\" alt=\"Ukrainan presidentti Volodymyr Zelenskyi ja Saksan liittokansleri Friedrich Merz katsovat toisiaan silmiin lehdist\u00f6tilaisuudessa.\" src=\"https:\/\/www.europesays.com\/fi\/wp-content\/uploads\/2025\/12\/39-157033769404304419a0.jpeg\" class=\"aw-1l9m598 hKVVvP\"\/><\/p>\n<p>Avaa kuvien katselu<\/p>\n<p>Ukrainan presidentti Volodymyr Zelenskyi ja Saksan liittokansleri Friedrich Merz tapasivat Berliiniss\u00e4. Kuva: Clemens Bilan \/ EPA<img decoding=\"async\" alt=\"Yle Novostin toimittaja Maxim Fedorov.\" src=\"https:\/\/www.europesays.com\/fi\/wp-content\/uploads\/2025\/12\/39-9620356294896f6b45e.jpeg\" class=\"aw-1l9m598 hKVVvP\"\/><\/p>\n<ul class=\"aw-1jjocuh iJTSwP yle__article__list yle__article__list--ul\">\n<li class=\"aw-1j7gwms gNYKfi\">Berliiniss\u00e4 on neuvoteltu Ukrainan rauhasta, mutta osapuolten n\u00e4kemykset ovat kaukana toisistaan.<\/li>\n<li class=\"aw-1j7gwms gNYKfi\">Ukrainalaisten asiantuntijoiden mukaan pikaista rauhaa ei ole luvassa, mutta neuvottelut jatkuvat.<br \/>\nVen\u00e4j\u00e4 vaatii Ukrainan joukkojen vet\u00e4ytymist\u00e4 Donbasista. Yhdysvallat painostaa Ukrainaa suostumaan t\u00e4h\u00e4n.<\/li>\n<li class=\"aw-1j7gwms gNYKfi\">Ukraina ei suostu vet\u00e4ytymiseen, koska se uskoo sen johtavan vain uusiin Ven\u00e4j\u00e4n vaatimuksiin.<\/li>\n<\/ul>\n<p class=\"aw-1gybjub aw-1p7kakr kEtdKx cEmitX yle__article__paragraph\">\u201dMerkitt\u00e4v\u00e4 mahdollisuus sodan p\u00e4\u00e4ttymiselle.\u201d<\/p>\n<p class=\"aw-1gybjub aw-1p7kakr kEtdKx cEmitX yle__article__paragraph\">N\u00e4in Ukrainan presidentti <strong class=\"aw-ak79eh KyCXm yle__article__strong\">Volodymyr Zelenskyi<\/strong> pohjusti Berliiniss\u00e4 viime p\u00e4ivin\u00e4 k\u00e4ytyj\u00e4 neuvotteluja.<\/p>\n<p class=\"aw-1gybjub aw-1p7kakr kEtdKx cEmitX yle__article__paragraph\">Rauhanprosessin merkitt\u00e4v\u00e4st\u00e4 edistymisest\u00e4 tai jopa mahdollisesta joulun ajan rauhasta on kuultu monelta l\u00e4nsimaiselta poliitikolta.<\/p>\n<p class=\"aw-1gybjub aw-1p7kakr kEtdKx cEmitX yle__article__paragraph\">Samanlaisia ylevi\u00e4 lupauksia ukrainalaiset ovat kuulleet aiemmin, joten suurta toiveikkuutta t\u00e4m\u00e4nk\u00e4\u00e4n neuvottelukierroksen suhteen ei ollut.<\/p>\n<p class=\"aw-1gybjub aw-1p7kakr kEtdKx cEmitX yle__article__paragraph\">Ukrainalainen politiikan toimittaja <strong class=\"aw-ak79eh KyCXm yle__article__strong\">Vitali Portnikov<\/strong> sanoo <a class=\"aw-iao6s4 iHOxEa yle__article__link\" href=\"https:\/\/www.youtube.com\/watch?v=T9tsi1kUgGQ\" role=\"link\" rel=\"nofollow noopener\" target=\"_blank\">Youtube-kanavallaan<\/a>, ett\u00e4 Ukrainan t\u00e4rkein tavoite Berliiniss\u00e4 oli kallistaa Yhdysvallat omalle puolelleen.<\/p>\n<p class=\"aw-1gybjub aw-1p7kakr kEtdKx cEmitX yle__article__paragraph\">H\u00e4nen mukaansa neuvottelut auttoivat Ukrainaa, Eurooppaa ja Yhdysvaltoja muodostamaan yhteisi\u00e4 rauhanehtoja.<\/p>\n<p class=\"aw-1gybjub aw-1p7kakr kEtdKx cEmitX yle__article__paragraph\">Aivan eri asia kuitenkin on, kuinka Ven\u00e4j\u00e4 suhtautuu niihin.<\/p>\n<p>Haasteena turvatakuut<\/p>\n<p class=\"aw-1gybjub aw-1p7kakr kEtdKx cEmitX yle__article__paragraph\">Ukrainalainen politiikan tutkija <strong class=\"aw-ak79eh KyCXm yle__article__strong\">Volodymyr Fesenko<\/strong> <a class=\"aw-iao6s4 iHOxEa yle__article__link\" href=\"https:\/\/www.facebook.com\/vladimir.fesenko1\/posts\/pfbid0wQ7EfGPjZ4jSbuCuFMrN1Buj71DyNNcwcJvLgYeVFnkgGyHyZTdaQzoSC9zhJcfgl?locale=ru_RU\" role=\"link\" rel=\"nofollow noopener\" target=\"_blank\">kirjoittaa Facebookissa<\/a>, ett\u00e4 Ukraina ja Yhdysvallat pystyv\u00e4t p\u00e4\u00e4sem\u00e4\u00e4n yhteisymm\u00e4rrykseen noin 90 prosentista asioista.<\/p>\n<p class=\"aw-1gybjub aw-1p7kakr kEtdKx cEmitX yle__article__paragraph\">Sen sijaan Fesenko ei usko, ett\u00e4 Ukraina ja Yhdysvallat p\u00e4\u00e4sev\u00e4t samalle viivalle kysymyksess\u00e4 ukrainalaisjoukkojen vet\u00e4ytymisest\u00e4 my\u00f6s niist\u00e4 Donbasin osista, joita Ven\u00e4j\u00e4 ei ole miehitt\u00e4nyt.<\/p>\n<p class=\"aw-1gybjub aw-1p7kakr kEtdKx cEmitX yle__article__paragraph\">Ven\u00e4j\u00e4 vaatii sit\u00e4, ja Yhdysvallat on painostanut Ukrainaa suostumaan t\u00e4h\u00e4n vaatimukseen.<\/p>\n<p class=\"aw-1gybjub aw-1p7kakr kEtdKx cEmitX yle__article__paragraph\">\u2013 [Yhdysvaltain presidentti <strong class=\"aw-ak79eh KyCXm yle__article__strong\">Donald<\/strong>] <strong class=\"aw-ak79eh KyCXm yle__article__strong\">Trumpin<\/strong> hallinnon edustajat uskovat, ett\u00e4 ukrainalaisjoukkojen vet\u00e4ytyminen johtaa sodan p\u00e4\u00e4ttymiseen. Mutta se on harhakuvitelma. Ukrainassa ymm\u00e4rret\u00e4\u00e4n hyvin, ett\u00e4 yksipuoliset my\u00f6nnytykset hy\u00f6kk\u00e4\u00e4j\u00e4lle johtavat uusiin uhkavaatimuksiin, Fesenko kirjoittaa Facebookissa.<\/p>\n<p class=\"aw-1gybjub aw-1p7kakr kEtdKx cEmitX yle__article__paragraph\"><a class=\"aw-iao6s4 iHOxEa yle__article__link\" href=\"https:\/\/kiis.com.ua\/?lang=ukr&amp;cat=reports&amp;id=1569&amp;page=1\" role=\"link\" rel=\"nofollow noopener\" target=\"_blank\">Tuoreen mielipidetutkimuksen mukaan<\/a> 75 prosenttia ukrainalaisista ei hyv\u00e4ksyisi sellaista rauhansopimusta, joka vaatisi Ukrainaa vet\u00e4ytym\u00e4\u00e4n koko Donbasin alueelta ja rajoittamaan armeijansa kokoa tai ei sis\u00e4lt\u00e4isi turvatakuita.<\/p>\n<p><img decoding=\"async\" alt=\"Alexander Stubb ja Ukrainan presidentti Volodymyr Zelenskyi k\u00e4ttelev\u00e4t.\" src=\"https:\/\/www.europesays.com\/fi\/wp-content\/uploads\/2025\/12\/39-1570150694008fcb6993.jpeg\" loading=\"lazy\" class=\"aw-1l9m598 hKVVvP\"\/><\/p>\n<p>Avaa kuvien katselu<\/p>\n<p>Muun muassa tasavallan presidentti Alexander Stubbin mukaan rauha Ukrainassa on t\u00e4ll\u00e4 hetkell\u00e4 l\u00e4hemp\u00e4n\u00e4 kuin koskaan sodan aikana. Kuva: Ukrainan presidentinkanslia \/ Lehtikuva<\/p>\n<p class=\"aw-1gybjub aw-1p7kakr kEtdKx cEmitX yle__article__paragraph\">Turvatakuut ovatkin haaste, sanoo toimittaja Portnikov.<\/p>\n<p class=\"aw-1gybjub aw-1p7kakr kEtdKx cEmitX yle__article__paragraph\">Ukraina haluaa, ett\u00e4 sen turvallisuus pohjautuu sek\u00e4 omaan, tarpeeksi laajaan armeijaan ett\u00e4 l\u00e4nnelt\u00e4 saatuihin uskottaviin turvatakuihin.<\/p>\n<p class=\"aw-1gybjub aw-1p7kakr kEtdKx cEmitX yle__article__paragraph\">Sanomalehti <a class=\"aw-iao6s4 iHOxEa yle__article__link\" href=\"https:\/\/www.wsj.com\/world\/europe\/u-s-offers-ukraine-security-guarantee-in-bid-to-break-peace-talks-deadlock-a79336dc\" role=\"link\" rel=\"nofollow noopener\" target=\"_blank\">Wall Street Journalin mukaan<\/a> Yhdysvallat voi sitoutua turvaamaan Ukrainan turvallisuuden, mik\u00e4li Ven\u00e4j\u00e4 hy\u00f6kk\u00e4\u00e4 uudestaan Ukrainaan.<\/p>\n<p class=\"aw-1gybjub aw-1p7kakr kEtdKx cEmitX yle__article__paragraph\">Portnikov sanoo, ett\u00e4 Ven\u00e4j\u00e4 tuskin nielee helpolla sellaisia turvatakuita, jotka muistuttaisivat Naton viidett\u00e4 artiklaa, vaikka Ukraina ei kuuluisikaan Natoon.<\/p>\n<p class=\"aw-1gybjub aw-1p7kakr kEtdKx cEmitX yle__article__paragraph\">\u2013 On j\u00e4rjet\u00f6nt\u00e4 ajatella, ett\u00e4 [<strong class=\"aw-ak79eh KyCXm yle__article__strong\">Vladimir<\/strong>] <strong class=\"aw-ak79eh KyCXm yle__article__strong\">Putin<\/strong> olisi aloittanut sodan vain miehitt\u00e4\u00e4kseen osan ukrainalaisalueista, Portnikov sanoo.<\/p>\n<p class=\"aw-1gybjub aw-1p7kakr kEtdKx cEmitX yle__article__paragraph\">H\u00e4nen mukaansa Putinin tavoite on tuhota Ukrainan valtiollinen itsen\u00e4isyys ja alistaa Ukraina Ven\u00e4j\u00e4n tahdolle. Nato-sopimusta muistuttavat turvatakuut haittaisivat t\u00e4m\u00e4n tavoitteen saavuttamista.<\/p>\n<p>Mit\u00e4 Berliinin j\u00e4lkeen?<\/p>\n<p class=\"aw-1gybjub aw-1p7kakr kEtdKx cEmitX yle__article__paragraph\">Politiikan tutkija Volodymyr Fesenko sanoo yksiselitteisesti, ett\u00e4 rauhansopimusta on turha odottaa jouluksi, mutta neuvottelut jatkuvat.<\/p>\n<p class=\"aw-1gybjub aw-1p7kakr kEtdKx cEmitX yle__article__paragraph\">H\u00e4nen mukaansa avainkysymys on, mit\u00e4 presidentti Donald Trumpin hallinto tekee huomattuaan, ett\u00e4 neuvottelut eiv\u00e4t johda nopeaan rauhaan.<\/p>\n<p class=\"aw-1gybjub aw-1p7kakr kEtdKx cEmitX yle__article__paragraph\">Ukrainan kannalta pahin skenaario on, ett\u00e4 Yhdysvallat koventaa painetta sit\u00e4 kohtaan. On kuitenkin my\u00f6s mahdollista, ett\u00e4 painostus kohdistuisikin Ven\u00e4j\u00e4\u00e4n.<\/p>\n<p class=\"aw-1gybjub aw-1p7kakr kEtdKx cEmitX yle__article__paragraph\">Joka tapauksessa Ven\u00e4j\u00e4 pysyy tavalla tai toisella mukana neuvotteluprosessissa, koska se on kiinnostunut yhteisty\u00f6st\u00e4 Trumpin kanssa, sanovat sek\u00e4 Portnikov ett\u00e4 Fesenko.<\/p>\n<p class=\"aw-1gybjub aw-1p7kakr kEtdKx cEmitX yle__article__paragraph\">Ven\u00e4j\u00e4 yritt\u00e4\u00e4 pitkitt\u00e4\u00e4 neuvotteluja my\u00f6s siksi, ett\u00e4 se ei ole halukas my\u00f6ntym\u00e4\u00e4n muiden ehtoihin, vaan haluaa rauhan omilla ehdoillaan.<\/p>\n<p class=\"aw-1gybjub aw-1p7kakr kEtdKx cEmitX yle__article__paragraph\"><a class=\"aw-iao6s4 iHOxEa yle__article__link\" href=\"https:\/\/suspilne.media\/1190040-zelenskij-rozpoviv-pro-peremovini-v-berlini-garantii-bezpeki-dla-ukraini-golovni-novini-ranku-16-grudna\/\" role=\"link\" rel=\"nofollow noopener\" target=\"_blank\">Zelenskyin mukaan<\/a> seuraavaksi amerikkalaiset keskustelevat Berliinin neuvottelujen annista ven\u00e4l\u00e4isten kanssa, mink\u00e4 j\u00e4lkeen Ukrainan ja Yhdysvaltain valtuuskunnat tapaavat j\u00e4lleen, mahdollisesti jo ensi viikonloppuna.<\/p>\n<p class=\"aw-1gybjub aw-1p7kakr kEtdKx cEmitX yle__article__paragraph\"><strong class=\"aw-ak79eh KyCXm yle__article__strong\">Katso Ylen Eurooppa-kirjeenvaihtajan Anna Karismon videoanalyysi Berliinin Ukraina-kokouksesta:<\/strong><\/p>\n<p>Eurooppa-kirjeenvaihtaja Anna Karismo summaa Berliinin kokouksen annin videoanalyysissa.<\/p>\n","protected":false},"excerpt":{"rendered":"Ukrainassa ei uskota, ett\u00e4 rauhansopimusta saadaan jouluksi, kirjoittaa Ylen Ukrainan-toimittaja Maxim Fedorov. Avaa kuvien katselu Ukrainan presidentti Volodymyr&hellip;\n","protected":false},"author":2,"featured_media":118274,"comment_status":"","ping_status":"","sticky":false,"template":"","format":"standard","meta":{"footnotes":""},"categories":[14],"tags":[22,23,585,26,27,33,31,30,17,24,25,28,29,2579,15,18,21,32,19,20,1303,56,16,547,987,3963,59,60,61,619],"class_list":{"0":"post-118273","1":"post","2":"type-post","3":"status-publish","4":"format-standard","5":"has-post-thumbnail","7":"category-ulkomaat","8":"tag-breaking-news","9":"tag-breakingnews","10":"tag-donald-trump","11":"tag-featured-news","12":"tag-featurednews","13":"tag-fi","14":"tag-finland","15":"tag-finnish","16":"tag-headlines","17":"tag-latest-news","18":"tag-latestnews","19":"tag-main-news","20":"tag-mainnews","21":"tag-nato","22":"tag-news","23":"tag-otsikot","24":"tag-paauutiset","25":"tag-suomi","26":"tag-top-stories","27":"tag-topstories","28":"tag-ukraina","29":"tag-ulkomaat","30":"tag-uutiset","31":"tag-venaja","32":"tag-venajan-hyokkays","33":"tag-volodymyr-zelenskyi","34":"tag-world","35":"tag-world-news","36":"tag-worldnews","37":"tag-yhdysvallat"},"share_on_mastodon":{"url":"https:\/\/pubeurope.com\/@fi\/115731664015290379","error":""},"_links":{"self":[{"href":"https:\/\/www.europesays.com\/fi\/wp-json\/wp\/v2\/posts\/118273","targetHints":{"allow":["GET"]}}],"collection":[{"href":"https:\/\/www.europesays.com\/fi\/wp-json\/wp\/v2\/posts"}],"about":[{"href":"https:\/\/www.europesays.com\/fi\/wp-json\/wp\/v2\/types\/post"}],"author":[{"embeddable":true,"href":"https:\/\/www.europesays.com\/fi\/wp-json\/wp\/v2\/users\/2"}],"replies":[{"embeddable":true,"href":"https:\/\/www.europesays.com\/fi\/wp-json\/wp\/v2\/comments?post=118273"}],"version-history":[{"count":0,"href":"https:\/\/www.europesays.com\/fi\/wp-json\/wp\/v2\/posts\/118273\/revisions"}],"wp:featuredmedia":[{"embeddable":true,"href":"https:\/\/www.europesays.com\/fi\/wp-json\/wp\/v2\/media\/118274"}],"wp:attachment":[{"href":"https:\/\/www.europesays.com\/fi\/wp-json\/wp\/v2\/media?parent=118273"}],"wp:term":[{"taxonomy":"category","embeddable":true,"href":"https:\/\/www.europesays.com\/fi\/wp-json\/wp\/v2\/categories?post=118273"},{"taxonomy":"post_tag","embeddable":true,"href":"https:\/\/www.europesays.com\/fi\/wp-json\/wp\/v2\/tags?post=118273"}],"curies":[{"name":"wp","href":"https:\/\/api.w.org\/{rel}","templated":true}]}}