{"id":118277,"date":"2025-12-16T22:44:10","date_gmt":"2025-12-16T22:44:10","guid":{"rendered":"https:\/\/www.europesays.com\/fi\/118277\/"},"modified":"2025-12-16T22:44:10","modified_gmt":"2025-12-16T22:44:10","slug":"helsingin-kaupunginorkesteri-ja-radion-sinfoniaorkesteri-eivat-kayta-kaikkia-konserttipaiviaan-helsingin-musiikkitalossa","status":"publish","type":"post","link":"https:\/\/www.europesays.com\/fi\/118277\/","title":{"rendered":"Helsingin kaupunginorkesteri ja Radion sinfoniaorkesteri eiv\u00e4t k\u00e4yt\u00e4 kaikkia konserttip\u00e4ivi\u00e4\u00e4n Helsingin Musiikkitalossa"},"content":{"rendered":"<p>Miksi?|Musiikkitalon mukaan sali saadaan yleens\u00e4 vuokrattua eteenp\u00e4in, jos Helsingin kaupunginorkesteri tai Radion sinfoniaorkesteri eiv\u00e4t k\u00e4yt\u00e4 niille varattua konserttip\u00e4iv\u00e4\u00e4.<\/p>\n<p>16.12. 19:51<\/p>\n<p>Lue tiivistelm\u00e4<\/p>\n<p>Tiivistelm\u00e4 on teko\u00e4lyn tekem\u00e4 ja ihmisen tarkistama.<\/p>\n<p class=\"article-body mb-nof-24 px-nof-16 sndp-summary-bullet-point-font\">Helsingin Musiikkitalon orkesterit eiv\u00e4t aina k\u00e4yt\u00e4 niille varattuja konserttip\u00e4ivi\u00e4.<\/p>\n<p class=\"article-body mb-nof-24 px-nof-16 sndp-summary-bullet-point-font\">Helsingin kaupunginorkesterin intendentti Jari Eskola sanoo, ett\u00e4 poikkeamat johtuvat muun muassa lastenkonserteista ja pyh\u00e4p\u00e4ivien ajoista.<\/p>\n<p class=\"article-body mb-nof-24 px-nof-16 sndp-summary-bullet-point-font\">Radion sinfoniaorkesterin intendentti Maris Goth\u00f3ni kertoo, ett\u00e4 mediaorkesterilla on kausikonserttien lis\u00e4ksi monia muita velvollisuuksia kuten levytyksi\u00e4 ja yhteisty\u00f6hankkeita.<\/p>\n<p class=\"article-body mb-nof-24 px-nof-16 sndp-summary-bullet-point-font\">Musiikkitalon markkinointi- ja viestint\u00e4johtaja Juha Paaso sanoo, ett\u00e4 tyhj\u00e4t p\u00e4iv\u00e4t saadaan yleens\u00e4 myyty\u00e4 muille konserttij\u00e4rjest\u00e4jille tai yritystapahtumille.<\/p>\n<p class=\"article-body mb-nof-24 px-nof-16\">Musiikkitalo varaa Helsingin kaupunginorkesterille (HKO) ja Radion sinfoniaorkesterille (RSO) suuren konserttisalin konserttik\u00e4ytt\u00f6\u00f6n keskiviikosta perjantaihin, mutta orkesterit eiv\u00e4t k\u00e4yt\u00e4 jokaista konserttimahdollisuutta.<\/p>\n<p class=\"article-body mb-nof-24 px-nof-16\">Normiviikkoina joka toinen viikko RSO:lle on varattu konserttip\u00e4iviksi keskiviikko ja torstai ja HKO:lle perjantai. Joka toinen viikko osat vaihtuvat.<\/p>\n<p class=\"article-body mb-nof-24 px-nof-16\">Perinteisesti perjantai- ja keskiviikkovuorot k\u00e4ytet\u00e4\u00e4n. Vaihtelua on ollut siin\u00e4, k\u00e4ytet\u00e4\u00e4nk\u00f6 joka toinen viikko tarjolla oleva toistomahdollisuus eli musisoidaanko sek\u00e4 keskiviikkona ett\u00e4 torstaina.<\/p>\n<p class=\"article-body mb-nof-24 px-nof-16\">Konserttiohjelman toisto auttaa kehitt\u00e4m\u00e4\u00e4n orkesteria, kun uusikin teos on kahden konsertin ansiosta yh\u00e4 paremmin \u201dn\u00e4peiss\u00e4\u201d. Joidenkin suurkaupunkien orkesterit esitt\u00e4v\u00e4t saman ohjelmiston viikossa kolmeen tai nelj\u00e4\u00e4nkin kertaan. Toisaalta Ylen 99 valittua -sarja osoittaa, ett\u00e4 ty\u00f6uupumuksia ja rasitusvammoja voi synty\u00e4 orkesterimuusikkojen nykyisell\u00e4kin ty\u00f6tahdilla.<\/p>\n<p class=\"article-body mb-nof-24 px-nof-16\">HKO j\u00e4tt\u00e4\u00e4 k\u00e4ytt\u00e4m\u00e4tt\u00e4 mahdollisuuden toistaa konsertti syys- ja kev\u00e4tkauden aikana nelj\u00e4 kertaa, RSO seitsem\u00e4n.<\/p>\n<p class=\"article-body mb-nof-24 px-nof-16\">Miksi ette k\u00e4yt\u00e4 useammin mahdollisuutta ohjelman toistamiseen kahtena p\u00e4iv\u00e4n\u00e4 per\u00e4kk\u00e4in, Helsingin kaupunginorkesterin intendentti Jari Eskola?<\/p>\n<p class=\"article-body mb-nof-24 px-nof-16\">\u201dOn osin sattumaa, ett\u00e4 t\u00e4lle kaudelle on osunut useampia normikaavasta poikkeamisia. Torstaina 25.9. oli yleis\u00f6lle avoin lastenkonsertti, jota edelsi kaikkiaan kolme kutsuvierasyleis\u00f6n kummikonserttia samalla ohjelmalla. Torstain 6.11. konsertti soitettiin ilman kapellimestaria, joten halusimme varata hieman ylim\u00e4\u00e4r\u00e4ist\u00e4 aikaa. Keskiviikko 1.4. edelt\u00e4\u00e4 p\u00e4\u00e4si\u00e4ist\u00e4 ja keskiviikko 13.5. on sekin pyh\u00e4p\u00e4iv\u00e4n aatto. Ne ovat tuotanto- ja henkil\u00f6st\u00f6kuluiltaan korkeampia ja my\u00f6s yleis\u00f6n n\u00e4k\u00f6kulmasta usein hankalia. Kausikorttisarjoihin kuuluu kuitenkin normaalim\u00e4\u00e4r\u00e4 konsertteja eli keskim\u00e4\u00e4rin 5\u20136 konserttia sarjaa kohti.\u201d<\/p>\n<p class=\"article-body mb-nof-24 px-nof-16\">Radion sinfoniaorkesteri on aina k\u00e4ytt\u00e4nyt konsertin toistomahdollisuutta s\u00e4\u00e4steli\u00e4\u00e4mmin kuin Helsingin kaupunginorkesteri. Miksi on n\u00e4in, Radion sinfoniaorkesterin intendentti Maris Goth\u00f3ni?<\/p>\n<p class=\"article-body mb-nof-24 px-nof-16\">\u201dRSO:lla on mediaorkesterina monenlaisia velvollisuuksia kausikonserttien lis\u00e4ksi: olemme mukana erityisprojekteissa, kuten El\u00e4m\u00e4ni biisiss\u00e4, Taidetestaajissa, yhteisty\u00f6hankkeissa eri Ylen osastojen kanssa, joiden lis\u00e4ksi levyt\u00e4mme, \u00e4\u00e4nit\u00e4mme kantanauhoja ja esiinnymme kiertueilla ja vierailukonserteissa. Sin\u00e4ns\u00e4 my\u00f6s torstaina pidettyj\u00e4 konsertteja taitaa itseasiassa olla enemm\u00e4n 2025\/26-kaudella kuin useampaan vuoteen.\u201d<\/p>\n<p class=\"article-body mb-nof-24 px-nof-16\">Meneek\u00f6 hieno konserttisali \u201dhukkaan\u201d, jos orkesterit eiv\u00e4t konsertoi salissa niille varattuina p\u00e4ivin\u00e4, Musiikkitalon markkinointi- ja viestint\u00e4johtaja Juha Paaso?<\/p>\n<p class=\"article-body mb-nof-24 px-nof-16\">\u201dSaamme orkestereilta tyhjiksi j\u00e4\u00e4v\u00e4t p\u00e4iv\u00e4t tietoomme tarpeeksi aikaisin, ja kysynt\u00e4 Musiikkitalon konserttisaliin on ilahduttavan kovaa. Yleens\u00e4 saamme orkestereilta j\u00e4\u00e4v\u00e4t p\u00e4iv\u00e4t myyty\u00e4 hyvin toisille konserttij\u00e4rjest\u00e4jille tai joskus yritystapahtumille. Sama koskee muita p\u00e4ivi\u00e4, joita ei ole alun alkaenkaan ole varattu p\u00e4\u00e4toimijoillemme.\u201d<\/p>\n","protected":false},"excerpt":{"rendered":"Miksi?|Musiikkitalon mukaan sali saadaan yleens\u00e4 vuokrattua eteenp\u00e4in, jos Helsingin kaupunginorkesteri tai Radion sinfoniaorkesteri eiv\u00e4t k\u00e4yt\u00e4 niille varattua konserttip\u00e4iv\u00e4\u00e4.&hellip;\n","protected":false},"author":2,"featured_media":118278,"comment_status":"","ping_status":"","sticky":false,"template":"","format":"standard","meta":{"footnotes":""},"categories":[5],"tags":[22,23,26,27,33,31,30,17,46,24,25,28,29,15,18,21,32,19,20,16],"class_list":{"0":"post-118277","1":"post","2":"type-post","3":"status-publish","4":"format-standard","5":"has-post-thumbnail","7":"category-otsikot","8":"tag-breaking-news","9":"tag-breakingnews","10":"tag-featured-news","11":"tag-featurednews","12":"tag-fi","13":"tag-finland","14":"tag-finnish","15":"tag-headlines","16":"tag-helsingin-sanomat","17":"tag-latest-news","18":"tag-latestnews","19":"tag-main-news","20":"tag-mainnews","21":"tag-news","22":"tag-otsikot","23":"tag-paauutiset","24":"tag-suomi","25":"tag-top-stories","26":"tag-topstories","27":"tag-uutiset"},"share_on_mastodon":{"url":"https:\/\/pubeurope.com\/@fi\/115731671441864392","error":""},"_links":{"self":[{"href":"https:\/\/www.europesays.com\/fi\/wp-json\/wp\/v2\/posts\/118277","targetHints":{"allow":["GET"]}}],"collection":[{"href":"https:\/\/www.europesays.com\/fi\/wp-json\/wp\/v2\/posts"}],"about":[{"href":"https:\/\/www.europesays.com\/fi\/wp-json\/wp\/v2\/types\/post"}],"author":[{"embeddable":true,"href":"https:\/\/www.europesays.com\/fi\/wp-json\/wp\/v2\/users\/2"}],"replies":[{"embeddable":true,"href":"https:\/\/www.europesays.com\/fi\/wp-json\/wp\/v2\/comments?post=118277"}],"version-history":[{"count":0,"href":"https:\/\/www.europesays.com\/fi\/wp-json\/wp\/v2\/posts\/118277\/revisions"}],"wp:featuredmedia":[{"embeddable":true,"href":"https:\/\/www.europesays.com\/fi\/wp-json\/wp\/v2\/media\/118278"}],"wp:attachment":[{"href":"https:\/\/www.europesays.com\/fi\/wp-json\/wp\/v2\/media?parent=118277"}],"wp:term":[{"taxonomy":"category","embeddable":true,"href":"https:\/\/www.europesays.com\/fi\/wp-json\/wp\/v2\/categories?post=118277"},{"taxonomy":"post_tag","embeddable":true,"href":"https:\/\/www.europesays.com\/fi\/wp-json\/wp\/v2\/tags?post=118277"}],"curies":[{"name":"wp","href":"https:\/\/api.w.org\/{rel}","templated":true}]}}