{"id":118279,"date":"2025-12-16T22:56:09","date_gmt":"2025-12-16T22:56:09","guid":{"rendered":"https:\/\/www.europesays.com\/fi\/118279\/"},"modified":"2025-12-16T22:56:09","modified_gmt":"2025-12-16T22:56:09","slug":"marion-rungilta-tarkea-tieto-kaappaavat-tietosi","status":"publish","type":"post","link":"https:\/\/www.europesays.com\/fi\/118279\/","title":{"rendered":"Marion Rungilta t\u00e4rke\u00e4 tieto: Kaappaavat tietosi"},"content":{"rendered":"<p>Vastik\u00e4\u00e4n 80-vuotisp\u00e4ivi\u00e4\u00e4n viett\u00e4nyt suosikkilaulaja Marion Rung on kirjoittanut seuraajilleen isoin kirjaimin viestin, joka alkaa sanoin: HUOMIO!!<\/p>\n<p>Marion haluaa varoittaa seuraajiaan netin vaaroista. H\u00e4n k\u00e4ytt\u00e4\u00e4 huutosanoja eli isoin kirjaimin kirjoitettuja sanoja kirjoituksessaan:<\/p>\n<p>-Minulla EI ole TELEGRAM-tili\u00e4, ei yksityisesti, eik\u00e4 Fan page -tili\u00e4. T\u00e4m\u00e4 on siis fuulausta, huijaustilej\u00e4! Kaappaavat tietosi.<\/p>\n<p>Tiedonanto jatkuu:<\/p>\n<p>Lue my\u00f6s: <a href=\"https:\/\/www.como.fi\/uutiset\/marion-rung-kertoo-terveydestaan-uutisia\/\" title=\"Marion Rung kertoo terveydest\u00e4\u00e4n: \u201dEn yleens\u00e4 jaa t\u00e4llaisia\u201d\" class=\"underline-custom !font-montserrat !font-bold !underline-offset-4 !decoration-4 !decoration-red-600 !text-md\" rel=\"nofollow noopener\" target=\"_blank\">Marion Rung kertoo terveydest\u00e4\u00e4n: \u201dEn yleens\u00e4 jaa t\u00e4llaisia\u201d<\/a><\/p>\n<p>-\u00c4l\u00e4 usko \u00e4l\u00e4k\u00e4 liity niihin. Ei siis ole minun tilej\u00e4ni!<\/p>\n<p>Lue my\u00f6s: <a href=\"https:\/\/www.como.fi\/uutiset\/marion-rung-kertoi-murheellisia-uutisia\/\" title=\"Marion Rung kertoi murheellisia uutisia\" class=\"underline-custom !font-montserrat !font-bold !underline-offset-4 !decoration-4 !decoration-red-600 !text-md\" rel=\"nofollow noopener\" target=\"_blank\">Marion Rung kertoi murheellisia uutisia<\/a><\/p>\n<p>Lopuksi Marion viel\u00e4 kiitt\u00e4\u00e4 h\u00e4nt\u00e4, joka on ilmoittanut h\u00e4nelle kyseisist\u00e4 h\u00e4nen nimill\u00e4\u00e4n tekeill\u00e4 olevista huijauksista.<\/p>\n<p>Valitettava tosiasia on, ett\u00e4 l\u00e4hestulkoon jokainen v\u00e4h\u00e4nk\u00e4\u00e4n nimek\u00e4s artisti kokee saman kohtalon. Voitaneen jopa todeta, ett\u00e4 t\u00e4m\u00e4 on k\u00e4\u00e4nteisesti yksi suosion mittareista. Viime aikoina muiden muassa Saija Tuupanen ja Pirita Niemenmaa ovat kertoneet heid\u00e4n nimill\u00e4\u00e4n operoivista huijareista.<\/p>\n<p>Lue my\u00f6s: <a href=\"https:\/\/www.como.fi\/tilaa-comon-uutiskirje\/\" title=\"Tilaa Comon uutiskirje ja tied\u00e4t mist\u00e4 kahvitauolla puhutaan! Nappaa kotimaan tv-vinkit ja puheenaiheet suoraan s\u00e4hk\u00f6postiin t\u00e4st\u00e4.\" class=\"underline-custom !font-montserrat !font-bold !underline-offset-4 !decoration-4 !decoration-red-600 !text-md\" rel=\"nofollow noopener\" target=\"_blank\">Tilaa Comon uutiskirje ja tied\u00e4t mist\u00e4 kahvitauolla puhutaan! Nappaa kotimaan tv-vinkit ja puheenaiheet suoraan s\u00e4hk\u00f6postiin t\u00e4st\u00e4.<\/a><\/p>\n","protected":false},"excerpt":{"rendered":"Vastik\u00e4\u00e4n 80-vuotisp\u00e4ivi\u00e4\u00e4n viett\u00e4nyt suosikkilaulaja Marion Rung on kirjoittanut seuraajilleen isoin kirjaimin viestin, joka alkaa sanoin: HUOMIO!! Marion haluaa&hellip;\n","protected":false},"author":2,"featured_media":118280,"comment_status":"","ping_status":"","sticky":false,"template":"","format":"standard","meta":{"footnotes":""},"categories":[136],"tags":[407,137,33,31,30,408,1034,32,109],"class_list":{"0":"post-118279","1":"post","2":"type-post","3":"status-publish","4":"format-standard","5":"has-post-thumbnail","7":"category-julkkikset","8":"tag-celebrities","9":"tag-entertainment","10":"tag-fi","11":"tag-finland","12":"tag-finnish","13":"tag-julkkikset","14":"tag-marion-rung","15":"tag-suomi","16":"tag-viihde"},"share_on_mastodon":{"url":"https:\/\/pubeurope.com\/@fi\/115731718691609052","error":""},"_links":{"self":[{"href":"https:\/\/www.europesays.com\/fi\/wp-json\/wp\/v2\/posts\/118279","targetHints":{"allow":["GET"]}}],"collection":[{"href":"https:\/\/www.europesays.com\/fi\/wp-json\/wp\/v2\/posts"}],"about":[{"href":"https:\/\/www.europesays.com\/fi\/wp-json\/wp\/v2\/types\/post"}],"author":[{"embeddable":true,"href":"https:\/\/www.europesays.com\/fi\/wp-json\/wp\/v2\/users\/2"}],"replies":[{"embeddable":true,"href":"https:\/\/www.europesays.com\/fi\/wp-json\/wp\/v2\/comments?post=118279"}],"version-history":[{"count":0,"href":"https:\/\/www.europesays.com\/fi\/wp-json\/wp\/v2\/posts\/118279\/revisions"}],"wp:featuredmedia":[{"embeddable":true,"href":"https:\/\/www.europesays.com\/fi\/wp-json\/wp\/v2\/media\/118280"}],"wp:attachment":[{"href":"https:\/\/www.europesays.com\/fi\/wp-json\/wp\/v2\/media?parent=118279"}],"wp:term":[{"taxonomy":"category","embeddable":true,"href":"https:\/\/www.europesays.com\/fi\/wp-json\/wp\/v2\/categories?post=118279"},{"taxonomy":"post_tag","embeddable":true,"href":"https:\/\/www.europesays.com\/fi\/wp-json\/wp\/v2\/tags?post=118279"}],"curies":[{"name":"wp","href":"https:\/\/api.w.org\/{rel}","templated":true}]}}