{"id":118287,"date":"2025-12-16T23:08:12","date_gmt":"2025-12-16T23:08:12","guid":{"rendered":"https:\/\/www.europesays.com\/fi\/118287\/"},"modified":"2025-12-16T23:08:12","modified_gmt":"2025-12-16T23:08:12","slug":"vuoden-2025-saharov-palkinto-myonnettiin-andrzej-patsobutille-ja-mzia-amaglobelille","status":"publish","type":"post","link":"https:\/\/www.europesays.com\/fi\/118287\/","title":{"rendered":"Vuoden 2025 Saharov-palkinto my\u00f6nnettiin Andrzej Pat\u0161obutille ja Mzia Amaglobelille"},"content":{"rendered":"<p>Mielipiteenvapauden Saharov-palkinto 2025 jaettiin tiistaina 16. joulukuuta Strasbourgissa pidetyss\u00e4 seremoniassa. Puhemies Roberta Metsola sanoi:<\/p>\n<p>\u201dMy\u00f6nn\u00e4n t\u00e4m\u00e4n vuoden Saharov-palkinnon ylpe\u00e4n\u00e4 Andrzej Pat\u0161obutille ja Mzia Amaglobelille tunnustuksena n\u00e4iden toimittajien taistelusta ilmaisunvapauden ja demokratian puolesta Valko-Ven\u00e4j\u00e4ll\u00e4 ja Georgiassa. Parlamentti osoittaa solidaarisuutensa Andrzejlle ja Mzialle sek\u00e4 vaatii heid\u00e4n v\u00e4lit\u00f6nt\u00e4 vapauttamistaan vankilasta. Totuuden puhumisen valtaapit\u00e4ville ei pit\u00e4isi koskaan olla rikos.\u201d<\/p>\n<p><strong><br \/>Andrzej Pat\u0161obut, toimittaja, vangittuna Valko-Ven\u00e4j\u00e4ll\u00e4<\/strong><\/p>\n<p><a href=\"https:\/\/www.europarl.europa.eu\/news\/fi\/press-room\/20251016IPR30949\/vuoden-2025-saharov-palkinnon-saavat-andrzej-patsobut-ja-mzia-amaglobeli\" target=\"_blank\" rel=\"nofollow noopener\">Andrzej Pat\u0161obut<\/a>\u00a0on toimittaja, esseisti ja bloggaaja. H\u00e4n kuuluu Valko-Ven\u00e4j\u00e4n puolalaisv\u00e4hemmist\u00f6\u00f6n. Seremoniassa Pat\u0161obutia edusti h\u00e4nen tytt\u00e4rens\u00e4 Jana Pat\u0161obut, joka sanoi parlamentin j\u00e4senille seuraavaa: \u201dOn suuri kunnia seist\u00e4 t\u00e4\u00e4ll\u00e4 t\u00e4n\u00e4\u00e4n ja vastaanottaa t\u00e4m\u00e4 palkinto is\u00e4ni puolesta. (&#8230;) Jo l\u00e4hes viiden vuoden ajan perheeni on el\u00e4nyt hiljaisuudessa, ep\u00e4varmuudessa ja ilman rakasta l\u00e4heist\u00e4\u00e4n. T\u00e4n\u00e4\u00e4n haluan ilmaista syv\u00e4n kiitollisuuteni Euroopan parlamentille siit\u00e4, ett\u00e4 se muistaa h\u00e4net \u2013 ja ne kaikki perheet, jotka el\u00e4v\u00e4t samojen kysymysten kanssa saamatta niihin vastauksia.\u201d<\/p>\n<p>H\u00e4n viittasi puheessaan merkitt\u00e4v\u00e4\u00e4n valkoven\u00e4l\u00e4isen opposition edustajaan Mikalai Statkevit\u0161iin, joka katosi syyskuussa 2025. Sitten h\u00e4n lis\u00e4si: \u201dKun lausumme (heid\u00e4n) nimens\u00e4 \u00e4\u00e4neen, he lakkaavat olemasta vain numeroja. Heist\u00e4 tulee j\u00e4lleen todellisia ihmisi\u00e4. Siksi teid\u00e4n antamanne huomionne, Euroopan parlamentin antama huomio, on niin t\u00e4rke\u00e4\u00e4. Se s\u00e4ilytt\u00e4\u00e4 ihmisarvon siell\u00e4, miss\u00e4 kaikki muu yritt\u00e4\u00e4 tuhota sen.\u201d<\/p>\n<p>Parlamentin j\u00e4senet ovat hyv\u00e4ksyneet useita p\u00e4\u00e4t\u00f6slauselmia, joissa tuomitaan Valko\u2011Ven\u00e4j\u00e4n sortotoimet, vaaditaan vapauttamaan poliittiset vangit (joita on arviolta yli 1 200), tuomitaan presidentti Luka\u0161enkan osallisuus Ven\u00e4j\u00e4n rinnalla Ukrainan sotaan ja vaaditaan tiukempia pakotteita sek\u00e4 tukea Valko-Ven\u00e4j\u00e4n demokraattisille voimille, riippumattomille tiedotusv\u00e4lineille ja ihmisoikeuksien puolustajille. Parlamentti tukee voimakkaasti Valko-Ven\u00e4j\u00e4n demokraattista oppositiota. Se my\u00f6nsi sille\u00a0<a href=\"https:\/\/www.europarl.europa.eu\/topics\/fi\/article\/20201210STO93502\/saharov-palkinto-luovutettiin-valko-venajan-demokraattiselle-oppositiolle\" target=\"_blank\" rel=\"nofollow noopener\">mielipiteenvapauden Saharov-palkinnon vuonna 2020<\/a>.\u00a0<a href=\"https:\/\/www.europarl.europa.eu\/doceo\/document\/TA-9-2023-0075_FI.html\" target=\"_blank\" rel=\"nofollow noopener\">P\u00e4\u00e4t\u00f6slauselma Andrzej Pat\u0161obutin tapauksesta<\/a>\u00a0hyv\u00e4ksyttiin maaliskuussa 2023.<\/p>\n<p><strong><br \/>Mzia Amaglobeli, toimittaja, vangittuna Georgiassa<\/strong><\/p>\n<p><a href=\"https:\/\/www.europarl.europa.eu\/news\/fi\/press-room\/20251016IPR30949\/vuoden-2025-saharov-palkinnon-saavat-andrzej-patsobut-ja-mzia-amaglobeli\" target=\"_blank\" rel=\"nofollow noopener\">Mzia Amaglobeli<\/a>\u00a0on georgialainen toimittaja sek\u00e4 riippumattomien tiedotusv\u00e4lineiden Batumelebi ja Netgazeti perustaja ja johtaja. H\u00e4nt\u00e4 edusti seremoniassa h\u00e4nen kollegansa Irma Dimitradze Batumelebist\u00e4, joka luki Amaglobelin kirjoittaman puheen. Siin\u00e4 sanottiin:<\/p>\n<p>&#8221;Otan t\u00e4m\u00e4n palkinnon vastaan kollegoidemme, Georgiassa journalismia puolustavien toimittajien puolesta. He ty\u00f6skentelev\u00e4t v\u00e4sym\u00e4tt\u00e4 varmistaakseen, ett\u00e4 Georgian kansalaisten vastarinnan \u00e4\u00e4ni kuuluu ja ett\u00e4 totuutta ei vaienneta.\u201d<\/p>\n<p>Amaglobeli jatkoi viitaten Georgian tilanteeseen: &#8221;T\u00e4m\u00e4 hallinto on armoton (&#8230;). Se tuhoaa vapaan journalismin, lakkauttaa oppositiopuolueet ja vangitsee niiden johtajat, hajottaa kansalaisj\u00e4rjest\u00f6t ja leimaa niiden ty\u00f6ntekij\u00e4t \u2018ulkomaisiksi agenteiksi\u2019 (&#8230;). Silti se ei ole onnistunut vaimentamaan protesteja. Ehk\u00e4 siksi Euroopan unionin Georgian kansaa tukevat lausunnot ovat olleet vahvempia ja tarkempia kuin koskaan. T\u00e4st\u00e4 olen syv\u00e4sti kiitollinen.&#8221;<\/p>\n<p>Viitattuaan Georgian kansan EU-j\u00e4senyystoiveisiin h\u00e4n p\u00e4\u00e4tti puheensa korostaen: \u201dTaistelumme lopputulos ei riipu pelk\u00e4st\u00e4\u00e4n meist\u00e4, sill\u00e4 kyse ei ole vain meist\u00e4. (&#8230;) Taistelkaa kanssamme ja puolestamme. Taistelkaa niin kuin taistelisitte oman maanne vapauden puolesta. K\u00e4ytt\u00e4k\u00e4\u00e4 kaikkia k\u00e4ytett\u00e4viss\u00e4nne olevia keinoja, ennen kuin on liian my\u00f6h\u00e4ist\u00e4.\u201d<\/p>\n<p>Georgia haki EU:n j\u00e4senyytt\u00e4 vuonna 2023. Parlamentin j\u00e4senet ovat tuominneet jyrk\u00e4sti demokratian merkitt\u00e4v\u00e4n taantumisen maassa sek\u00e4 sen sortavat lait (kuten lain ulkomaisista agenteista) sek\u00e4 sananvapauden ja lehdist\u00f6nvapauden loukkaukset ja rauhanomaisten mielenosoitusten tukahduttamisen.<\/p>\n<p>Mepit ovat my\u00f6s vaatineet, ett\u00e4 lokakuun 2024 vaalit uusitaan. Vaaleissa voittajaksi julistettiin hallitseva Georgialainen unelma -puolue. He ovat my\u00f6s tuominneet Ven\u00e4j\u00e4n vaikutusvallan maassa ja vaatineet pid\u00e4tettyjen vapauttamista. Parlamentti kannattaa kuitenkin j\u00e4senyysn\u00e4kymien s\u00e4ilytt\u00e4mist\u00e4. Ehtona on, ett\u00e4 maassa toteutetaan uudistuksia ja kunnioitetaan oikeusvaltioperiaatetta. J\u00e4senet vaativat my\u00f6s henkil\u00f6kohtaisia pakotteita v\u00e4kivallasta vastuussa oleville henkil\u00f6ille.<\/p>\n<p>Kes\u00e4kuussa 2025 hyv\u00e4ksyttiin p\u00e4\u00e4t\u00f6slauselma<a href=\"https:\/\/www.europarl.europa.eu\/news\/en\/press-room\/20250616IPR28962\/human-rights-breaches-in-georgia-iran-and-mali\" target=\"_blank\" rel=\"nofollow noopener\">\u00a0lehdist\u00f6n vapaudesta Georgiassa ja Mzia Amaglobelin tapauksesta<\/a>.<\/p>\n<p><strong><br \/>Taustaa<\/strong><\/p>\n<p>Mielipiteenvapauden Saharov-palkinto on EU:n korkein tunnustus ihmisoikeuksien puolustamisesta. Palkinto on nimetty\u00a0<a href=\"https:\/\/www.europarl.europa.eu\/sakharovprize\/fi\/the-prize\/andrei-sakharov\" target=\"_blank\" rel=\"nofollow noopener\">neuvostoliittolaisen fyysikon ja poliittisen toisinajattelijan Andrei Saharovin<\/a>\u00a0mukaan. Euroopan parlamentti on vuodesta 1988 alkaen my\u00f6nt\u00e4nyt palkinnon joka vuosi henkil\u00f6ille, ryhmille tai j\u00e4rjest\u00f6ille tunnustuksena ihmisoikeuksien, sananvapauden ja demokraattisten arvojen puolustamisesta. Palkintosumma on 50 000 euroa.<\/p>\n<p>Palkinnon ovat saaneet useat toimittajat, tiedotusv\u00e4lineet ja lehdist\u00f6nvapausj\u00e4rjest\u00f6t. T\u00e4ss\u00e4 muutamia esimerkkej\u00e4: vuonna 2005 palkinnon sai valtiosta riippumaton Toimittajat ilman rajoja -j\u00e4rjest\u00f6, vuonna 2004 Valko-Ven\u00e4j\u00e4n journalistiliitto, vuonna 1997 algerialainen toimittaja ja kirjailija Salima Ghezali ja vuonna 1993 suosittu sanomalehti Oslobodenje, joka edisti monietnist\u00e4 n\u00e4kemyst\u00e4 Bosnia ja Hertsegovinasta. Parlamentti osoittaa my\u00f6s vankkumatonta tukea tutkivalle journalismille ja merkitt\u00e4v\u00e4n\u00e4 pit\u00e4m\u00e4lleen lehdist\u00f6n vapaudelle. Siksi se jakaa vuosittain\u00a0<a href=\"https:\/\/daphnejournalismprize.eu\/\" target=\"_blank\" rel=\"nofollow noopener\">Daphne Caruana Galizia -journalismipalkinnon<\/a>, joka on nimetty vuonna 2017 murhatun maltalaisen toimittajan mukaan.<\/p>\n<p>Luettelo kaikista aiemmista palkinnonsaajista ja muuta tietoa l\u00f6ytyy\u00a0<a href=\"https:\/\/www.europarl.europa.eu\/sakharovprize\/fi\/laureates\/around-the-world\" target=\"_blank\" rel=\"nofollow noopener\">parlamentin Saharov-palkinnon verkkosivustolta<\/a>. Tallennetta palkintoseremoniasta voi katsoa\u00a0<a href=\"https:\/\/multimedia.europarl.europa.eu\/fr\/event\/award-of-the-sakharov-prize-2025_av-20250701-4311?tab=overview\" target=\"_blank\" rel=\"nofollow noopener\">parlamentin multimediakeskuksen verkkosivustolla<\/a>.<\/p>\n<p>Lis\u00e4tietoa<\/p>\n","protected":false},"excerpt":{"rendered":"Mielipiteenvapauden Saharov-palkinto 2025 jaettiin tiistaina 16. joulukuuta Strasbourgissa pidetyss\u00e4 seremoniassa. Puhemies Roberta Metsola sanoi: \u201dMy\u00f6nn\u00e4n t\u00e4m\u00e4n vuoden Saharov-palkinnon&hellip;\n","protected":false},"author":2,"featured_media":118288,"comment_status":"","ping_status":"","sticky":false,"template":"","format":"standard","meta":{"footnotes":""},"categories":[14],"tags":[22,23,26,27,33,31,30,17,24,25,28,29,15,18,21,32,19,20,56,16,59,60,61],"class_list":{"0":"post-118287","1":"post","2":"type-post","3":"status-publish","4":"format-standard","5":"has-post-thumbnail","7":"category-ulkomaat","8":"tag-breaking-news","9":"tag-breakingnews","10":"tag-featured-news","11":"tag-featurednews","12":"tag-fi","13":"tag-finland","14":"tag-finnish","15":"tag-headlines","16":"tag-latest-news","17":"tag-latestnews","18":"tag-main-news","19":"tag-mainnews","20":"tag-news","21":"tag-otsikot","22":"tag-paauutiset","23":"tag-suomi","24":"tag-top-stories","25":"tag-topstories","26":"tag-ulkomaat","27":"tag-uutiset","28":"tag-world","29":"tag-world-news","30":"tag-worldnews"},"share_on_mastodon":{"url":"https:\/\/pubeurope.com\/@fi\/115731766028879665","error":""},"_links":{"self":[{"href":"https:\/\/www.europesays.com\/fi\/wp-json\/wp\/v2\/posts\/118287","targetHints":{"allow":["GET"]}}],"collection":[{"href":"https:\/\/www.europesays.com\/fi\/wp-json\/wp\/v2\/posts"}],"about":[{"href":"https:\/\/www.europesays.com\/fi\/wp-json\/wp\/v2\/types\/post"}],"author":[{"embeddable":true,"href":"https:\/\/www.europesays.com\/fi\/wp-json\/wp\/v2\/users\/2"}],"replies":[{"embeddable":true,"href":"https:\/\/www.europesays.com\/fi\/wp-json\/wp\/v2\/comments?post=118287"}],"version-history":[{"count":0,"href":"https:\/\/www.europesays.com\/fi\/wp-json\/wp\/v2\/posts\/118287\/revisions"}],"wp:featuredmedia":[{"embeddable":true,"href":"https:\/\/www.europesays.com\/fi\/wp-json\/wp\/v2\/media\/118288"}],"wp:attachment":[{"href":"https:\/\/www.europesays.com\/fi\/wp-json\/wp\/v2\/media?parent=118287"}],"wp:term":[{"taxonomy":"category","embeddable":true,"href":"https:\/\/www.europesays.com\/fi\/wp-json\/wp\/v2\/categories?post=118287"},{"taxonomy":"post_tag","embeddable":true,"href":"https:\/\/www.europesays.com\/fi\/wp-json\/wp\/v2\/tags?post=118287"}],"curies":[{"name":"wp","href":"https:\/\/api.w.org\/{rel}","templated":true}]}}