{"id":118291,"date":"2025-12-16T23:10:11","date_gmt":"2025-12-16T23:10:11","guid":{"rendered":"https:\/\/www.europesays.com\/fi\/118291\/"},"modified":"2025-12-16T23:10:11","modified_gmt":"2025-12-16T23:10:11","slug":"kaksi-miesta-raiskasi-naisen-hirvealla-tavalla-taman-takia-suomi-paasti-miehet-helpommalla","status":"publish","type":"post","link":"https:\/\/www.europesays.com\/fi\/118291\/","title":{"rendered":"Kaksi miest\u00e4 raiskasi naisen hirve\u00e4ll\u00e4 tavalla \u2013 T\u00e4m\u00e4n takia Suomi p\u00e4\u00e4sti miehet helpommalla"},"content":{"rendered":"<p>Hovioikeus alensi raiskaajien rangaistuksia viiv\u00e4styneen oikeudenk\u00e4ynnin takia.<\/p>\n<p><img decoding=\"async\" class=\"image image-show image-preview\" src=\"https:\/\/www.europesays.com\/fi\/wp-content\/uploads\/2025\/10\/655d03742e6d910ec20aa80084cca094b121b1210bf18a65ab52f5c1f9c6bcc8.jpg\" alt=\"\"\/><img decoding=\"async\" class=\"image image-show\" src=\"https:\/\/www.europesays.com\/fi\/wp-content\/uploads\/2025\/10\/1759941911_991_655d03742e6d910ec20aa80084cca094b121b1210bf18a65ab52f5c1f9c6bcc8.jpg\" alt=\"\"\/><\/p>\n<p>Kymenlaakson k\u00e4r\u00e4j\u00e4oikeus tuomitsi raiskaajat vankeuteen. Kari Finer<\/p>\n<p class=\"paragraph\">Kaksi miest\u00e4 raiskasi naisen hirve\u00e4ll\u00e4 tavalla viisi vuotta sitten.<\/p>\n<p class=\"paragraph\">Nainen tutustui 24-vuotiaaseen mieheen Kotkan Amarillossa viikonloppuy\u00f6n\u00e4 syksyll\u00e4 2020. He poistuivat y\u00f6kerhosta yhdess\u00e4 aikeinaan l\u00e4hte\u00e4 k\u00e4ym\u00e4\u00e4n toisessa baarissa.<\/p>\n<p class=\"paragraph\">Kaksikko ei ollut ehtinyt k\u00e4vell\u00e4 kauaakaan, kun nuori mies kiskoi naisen Amarillon l\u00e4hettyville pys\u00e4k\u00f6ityyn pakettiautoon.<\/p>\n<p class=\"paragraph\">Mies raiskasi naisen matkustamon penkeill\u00e4. T\u00e4m\u00e4n j\u00e4lkeen h\u00e4n soitti paikalle 33-vuotiaan kaverinsa. My\u00f6s kaveri raiskasi naisen v\u00e4kivalloin.<\/p>\n<p class=\"paragraph\">Nuorempi raiskaaja poistui v\u00e4lill\u00e4 takaisin Amarilloon juomaan alkoholia, mutta palasi sitten takaisin pakettiautolle ja raiskasi naisen toistamiseen.<\/p>\n<p class=\"paragraph\">Nainen oli p\u00e4ihtynyt ja peloissaan eik\u00e4 kyennyt puolustautumaan. Lopulta h\u00e4n sai tilattua itselleen taksin sairaalaan.<\/p>\n<p>Prosessi kesti yli kaksi vuotta<\/p>\n<p class=\"paragraph\">Nainen teki rikosilmoituksen v\u00e4litt\u00f6m\u00e4sti. Poliisi kuulusteli h\u00e4nt\u00e4 ensimm\u00e4isen kerran viel\u00e4 saman p\u00e4iv\u00e4n aikana.<\/p>\n<p class=\"paragraph\">Vanhempi raiskaajista otettiin kiinni sunnuntaina 13. syyskuuta, nuorempi p\u00e4iv\u00e4\u00e4 my\u00f6hemmin.<\/p>\n<p class=\"paragraph\">Kymenlaakson k\u00e4r\u00e4j\u00e4oikeus katsoi rikosep\u00e4ilyn olevan niin vahva, ett\u00e4 vangitsi molemmat miehet t\u00f6rke\u00e4st\u00e4 raiskauksesta ep\u00e4iltyn\u00e4.<\/p>\n<p class=\"paragraph\">Syyst\u00e4 tai toisesta syytt\u00e4j\u00e4 ei ollut samaa mielt\u00e4. H\u00e4n p\u00e4\u00e4tti tammikuussa 2021 j\u00e4tt\u00e4\u00e4 syytteet nostamatta. Miehet vapautettiin v\u00e4litt\u00f6m\u00e4sti.<\/p>\n<p class=\"paragraph\">Uhri kanteli p\u00e4\u00e4t\u00f6ksest\u00e4 valtakunnansyytt\u00e4j\u00e4n toimistoon. Kantelu j\u00e4i viranomaisten p\u00f6yd\u00e4lle yli kahdeksi vuodeksi, kunnes apulaisvaltakunnansyytt\u00e4j\u00e4 p\u00e4\u00e4tti m\u00e4\u00e4r\u00e4t\u00e4 syytteen nostettavaksi toukokuussa 2023.<\/p>\n<p class=\"paragraph\">Syytteet nostettiin kahta kuukautta my\u00f6hemmin, hein\u00e4kuussa 2023.<\/p>\n<p class=\"paragraph\">Kumpikin mies kiisti syyllistyneens\u00e4 t\u00f6rke\u00e4\u00e4n raiskaukseen. He v\u00e4ittiv\u00e4t, ett\u00e4 seksi oli suostumuksellista eik\u00e4 uhria pakotettu mihink\u00e4\u00e4n.<\/p>\n<p class=\"paragraph\">Miesten mukaan uhri oli p\u00e4ihtynyt, mutta ei niin vahvasti, etteik\u00f6 olisi pystynyt muodostamaan tai ilmaisemaan tahtoaan.<\/p>\n<p>Ep\u00e4uskottavat versiot<\/p>\n<p>It\u00e4-Suomen hovioikeus alensi rangaistuksia viiv\u00e4styneen oikeudenk\u00e4ynnin vuoksi. Henri K\u00e4rkk\u00e4inen<\/p>\n<p class=\"paragraph\">Kymenlaakson k\u00e4r\u00e4j\u00e4oikeus ei pit\u00e4nyt miesten v\u00e4itteit\u00e4 uskottavina, p\u00e4invastoin se katsoi olevan ep\u00e4todenn\u00e4k\u00f6ist\u00e4, ett\u00e4 vahvasti p\u00e4ihtynyt nainen olisi ollut omasta halustaan sukupuoliyhteydess\u00e4 kahden tuntemattoman miehen kanssa pakettiautossa.<\/p>\n<p class=\"paragraph\">Naisen versiota tukivat tuoreeltaan annettu l\u00e4\u00e4k\u00e4rinlausunto, valvontakameratallenteet sek\u00e4 todistajien kertomukset: kolme miest\u00e4 kertoi n\u00e4hneens\u00e4 paniikissa olleen itkev\u00e4n naisen pakettiauton luona.<\/p>\n<p class=\"paragraph\">Kummankaan miehen syyllisyydest\u00e4 ei j\u00e4\u00e4nyt k\u00e4r\u00e4j\u00e4oikeudelle varteenotettavaa ep\u00e4ily\u00e4.<\/p>\n<p class=\"paragraph\">Kymenlaakson k\u00e4r\u00e4j\u00e4oikeus katsoi, ett\u00e4 miehist\u00e4 vanhempi on syyllistynyt syytteen mukaisesti t\u00f6rke\u00e4\u00e4n raiskaukseen. Teko oli pitk\u00e4kestoinen ja v\u00e4kivaltainen.<\/p>\n<p class=\"paragraph\">Nuoremman miehen oikeus katsoi syyllistyneen perusmuotoiseen raiskaukseen.<\/p>\n<p class=\"paragraph\">Kymenlaakson k\u00e4r\u00e4j\u00e4oikeus tuomitsi <strong>Ionut-Gabriel Pavelin<\/strong> t\u00f6rke\u00e4st\u00e4 raiskauksesta kolmen ja puolen vuoden mittaiseen vankeusrangaistukseen.<\/p>\n<p class=\"paragraph\"><strong>Gabriel Enache<\/strong> tuomittiin raiskauksesta kahdeksi ja puoleksi vuodeksi vankeuteen.<\/p>\n<p class=\"paragraph\">Miehet m\u00e4\u00e4r\u00e4ttiin korvaamaan uhrille yhteisvastuullisesti noin 13\u00a0000 euroa.<\/p>\n<p>Hovioikeus alensi rangaistuksia<\/p>\n<p class=\"paragraph\">Kumpikin valitti kes\u00e4kuussa 2024 annetusta ratkaisusta hovioikeuteen vaatien, ett\u00e4 syyte ja korvausvaatimukset hyl\u00e4t\u00e4\u00e4n.<\/p>\n<p class=\"paragraph\">Enache vetosi valituksessaan siihen, ett\u00e4 h\u00e4nelle on jo koitunut seuraamuksia: h\u00e4n menetti ty\u00f6paikkansa ja h\u00e4net k\u00e4\u00e4nnytettiin takaisin Romaniaan.<\/p>\n<p class=\"paragraph\">It\u00e4-Suomen hovioikeus hyv\u00e4ksyi k\u00e4r\u00e4j\u00e4oikeuden perustelut syyksilukemisen osalta. Se katsoi Pavelin raiskanneen naisen erityisen raa\u2019alla ja t\u00f6rke\u00e4ll\u00e4 tavalla.<\/p>\n<p class=\"paragraph\">Hovioikeus p\u00e4\u00e4tyi kuitenkin alentamaan raiskaajien rangaistuksia viiv\u00e4styneen oikeudenk\u00e4ynnin vuoksi: tapaus j\u00e4i perusteettomasti valtakunnansyytt\u00e4j\u00e4n toimistoon yli kahdeksi vuodeksi ja oikeudenk\u00e4ynti viiv\u00e4styi puolellatoista vuodella.<\/p>\n<p class=\"paragraph\">Gabriel Enachen, 29, rangaistus aleni kahteen vuoteen ja kahteen kuukauteen. Ionut-Gabriel Pavelin, 38, rangaistus aleni kolmeen vuoteen ja yhteen kuukauteen.<\/p>\n<p class=\"paragraph\">Suomen valtion on hovioikeuden p\u00e4\u00e4t\u00f6ksell\u00e4 korvattava uhrille 4\u00a0000 euroa hyvityksen\u00e4 viiv\u00e4styneest\u00e4 oikeudenk\u00e4ynnist\u00e4.<\/p>\n","protected":false},"excerpt":{"rendered":"Hovioikeus alensi raiskaajien rangaistuksia viiv\u00e4styneen oikeudenk\u00e4ynnin takia. Kymenlaakson k\u00e4r\u00e4j\u00e4oikeus tuomitsi raiskaajat vankeuteen. Kari Finer Kaksi miest\u00e4 raiskasi naisen&hellip;\n","protected":false},"author":2,"featured_media":118292,"comment_status":"","ping_status":"","sticky":false,"template":"","format":"standard","meta":{"footnotes":""},"categories":[5],"tags":[35,22,23,26,27,33,31,30,17,53,24,25,28,29,15,977,976,18,21,38,32,19,20,1727,16],"class_list":{"0":"post-118291","1":"post","2":"type-post","3":"status-publish","4":"format-standard","5":"has-post-thumbnail","7":"category-otsikot","8":"tag-24h","9":"tag-breaking-news","10":"tag-breakingnews","11":"tag-featured-news","12":"tag-featurednews","13":"tag-fi","14":"tag-finland","15":"tag-finnish","16":"tag-headlines","17":"tag-laki-oikeus-ja-rikos","18":"tag-latest-news","19":"tag-latestnews","20":"tag-main-news","21":"tag-mainnews","22":"tag-news","23":"tag-oikeusistuimet","24":"tag-oikeusprosessit","25":"tag-otsikot","26":"tag-paauutiset","27":"tag-rikos","28":"tag-suomi","29":"tag-top-stories","30":"tag-topstories","31":"tag-tuomiot","32":"tag-uutiset"},"share_on_mastodon":{"url":"https:\/\/pubeurope.com\/@fi\/115731773777778349","error":""},"_links":{"self":[{"href":"https:\/\/www.europesays.com\/fi\/wp-json\/wp\/v2\/posts\/118291","targetHints":{"allow":["GET"]}}],"collection":[{"href":"https:\/\/www.europesays.com\/fi\/wp-json\/wp\/v2\/posts"}],"about":[{"href":"https:\/\/www.europesays.com\/fi\/wp-json\/wp\/v2\/types\/post"}],"author":[{"embeddable":true,"href":"https:\/\/www.europesays.com\/fi\/wp-json\/wp\/v2\/users\/2"}],"replies":[{"embeddable":true,"href":"https:\/\/www.europesays.com\/fi\/wp-json\/wp\/v2\/comments?post=118291"}],"version-history":[{"count":0,"href":"https:\/\/www.europesays.com\/fi\/wp-json\/wp\/v2\/posts\/118291\/revisions"}],"wp:featuredmedia":[{"embeddable":true,"href":"https:\/\/www.europesays.com\/fi\/wp-json\/wp\/v2\/media\/118292"}],"wp:attachment":[{"href":"https:\/\/www.europesays.com\/fi\/wp-json\/wp\/v2\/media?parent=118291"}],"wp:term":[{"taxonomy":"category","embeddable":true,"href":"https:\/\/www.europesays.com\/fi\/wp-json\/wp\/v2\/categories?post=118291"},{"taxonomy":"post_tag","embeddable":true,"href":"https:\/\/www.europesays.com\/fi\/wp-json\/wp\/v2\/tags?post=118291"}],"curies":[{"name":"wp","href":"https:\/\/api.w.org\/{rel}","templated":true}]}}