{"id":118301,"date":"2025-12-16T23:34:09","date_gmt":"2025-12-16T23:34:09","guid":{"rendered":"https:\/\/www.europesays.com\/fi\/118301\/"},"modified":"2025-12-16T23:34:09","modified_gmt":"2025-12-16T23:34:09","slug":"vladimir-putin-haluaa-uuden-tutkimuslaitoksen-pohjoisnavalle","status":"publish","type":"post","link":"https:\/\/www.europesays.com\/fi\/118301\/","title":{"rendered":"Vladimir Putin haluaa uuden tutkimuslaitoksen Pohjoisnavalle"},"content":{"rendered":"<p>Ven\u00e4j\u00e4|My\u00f6s turisteilla on mahdollisuus vierailla j\u00e4\u00e4lautalle pystytett\u00e4v\u00e4ll\u00e4 tutkimuslaitoksella.<\/p>\n<p class=\"article-body mb-nof-24 px-nof-16\">Ven\u00e4j\u00e4n presidentti <a class=\"article-personlink\" href=\"https:\/\/www.hs.fi\/haku\/?query=Vladimir%20Putin\" rel=\"nofollow noopener\" target=\"_blank\">Vladimir Putin<\/a> on <a class=\"article-genericlink\" href=\"https:\/\/www.thebarentsobserver.com\/news\/putin-orders-building-of-north-pole-ice-base\/442322\" rel=\"nofollow noopener\" target=\"_blank\">allekirjoittanut asetuksen<\/a>, joka m\u00e4\u00e4r\u00e4\u00e4 maan hallituksen osallistumaan Pohjoisnavalle rakennettavaan tutkimuslaitokseen.<\/p>\n<p class=\"article-body mb-nof-24 px-nof-16\">Kreml kertoo asiasta Telegramissa.<\/p>\n<p class=\"article-body mb-nof-24 px-nof-16\"><a class=\"article-personlink\" href=\"https:\/\/www.hs.fi\/haku\/?query=Artur%20Chilingarovin\" rel=\"nofollow noopener\" target=\"_blank\">Artur Chilingarovin<\/a> nime\u00e4 kantava tutkimuslaitos toteutetaan yhteisty\u00f6ss\u00e4 Ven\u00e4j\u00e4n maantieteellisen seuran ja Ven\u00e4j\u00e4n tiedeakatemian kanssa. Chilingarov oli ven\u00e4l\u00e4inen tutkimusmatkailija, joka kuoli vuonna 2024.<\/p>\n<p class=\"article-body mb-nof-24 px-nof-16\">Pohjoisnavalle sijoitettava tutkimuslaitos ei ole Ven\u00e4j\u00e4n ensimm\u00e4inen: jo Neuvostoliitto rakennutti <a class=\"article-genericlink\" href=\"https:\/\/www.thebarentsobserver.com\/arctic\/chilingarov-icebased-arctic-research-station-in-jeopardy\/112614\" rel=\"nofollow noopener\" target=\"_blank\">sellaisia vuodesta 1937 asti<\/a> ja my\u00f6hemmin Ven\u00e4j\u00e4 on jatkanut toimintaa s\u00e4\u00e4nn\u00f6llisesti.<\/p>\n<p class=\"article-body mb-nof-24 px-nof-16\">Tutkimuslaitosten teht\u00e4v\u00e4n\u00e4 on tavallisesti ollut seurata ja mitata ilmasto- ja s\u00e4\u00e4oloja.<\/p>\n<p class=\"article-body mb-nof-24 px-nof-16\">Nyt rakennettavan tutkimuslaitoksen nettisivujen mukaan tutkimuslaitoksella k\u00e4ynti on mahdollista my\u00f6s turisteille, joskin viiden p\u00e4iv\u00e4n vierailun kerrotaan maksavan v\u00e4hint\u00e4\u00e4n 40\u202f000 euroa (3,7 miljoonaa ruplaa).<\/p>\n<p class=\"article-body mb-nof-24 px-nof-16\">Tutkimuslaitoksen pystytt\u00e4minen Pohjoisnavalla kelluville j\u00e4\u00e4lautoille on muodostunut yh\u00e4 vaikeammaksi hankkeeksi. Tarpeeksi paksujen j\u00e4\u00e4lauttojen l\u00f6yt\u00e4minen on k\u00e4ynyt vuosi vuodelta hankalammaksi.<\/p>\n<p class=\"article-body mb-nof-24 px-nof-16\">The Barents Observer kertoo, ett\u00e4 vuoden 2012 lokakuussa pystytetty North Pole-40 -laitos jouduttiin evakuoimaan toukokuussa 2013, sill\u00e4 j\u00e4\u00e4lautta sen alla alkoi rikkoutumaan.<\/p>\n<p class=\"article-body mb-nof-24 px-nof-16\">Pohjoisnavan j\u00e4\u00e4tik\u00f6t ja j\u00e4\u00e4lautat ovat jatkuvassa liikkeess\u00e4. Niiden koko vaihtelee vuoden mittaan s\u00e4\u00e4olosuhteiden muuttuessa. Ilmaston l\u00e4mmetess\u00e4 arktinen j\u00e4\u00e4 kuitenkin kutistuu koko ajan.<\/p>\n","protected":false},"excerpt":{"rendered":"Ven\u00e4j\u00e4|My\u00f6s turisteilla on mahdollisuus vierailla j\u00e4\u00e4lautalle pystytett\u00e4v\u00e4ll\u00e4 tutkimuslaitoksella. Ven\u00e4j\u00e4n presidentti Vladimir Putin on allekirjoittanut asetuksen, joka m\u00e4\u00e4r\u00e4\u00e4 maan&hellip;\n","protected":false},"author":2,"featured_media":118302,"comment_status":"","ping_status":"","sticky":false,"template":"","format":"standard","meta":{"footnotes":""},"categories":[14],"tags":[22,23,26,27,33,31,30,17,46,24,25,28,29,15,18,21,32,19,20,56,16,59,60,61],"class_list":{"0":"post-118301","1":"post","2":"type-post","3":"status-publish","4":"format-standard","5":"has-post-thumbnail","7":"category-ulkomaat","8":"tag-breaking-news","9":"tag-breakingnews","10":"tag-featured-news","11":"tag-featurednews","12":"tag-fi","13":"tag-finland","14":"tag-finnish","15":"tag-headlines","16":"tag-helsingin-sanomat","17":"tag-latest-news","18":"tag-latestnews","19":"tag-main-news","20":"tag-mainnews","21":"tag-news","22":"tag-otsikot","23":"tag-paauutiset","24":"tag-suomi","25":"tag-top-stories","26":"tag-topstories","27":"tag-ulkomaat","28":"tag-uutiset","29":"tag-world","30":"tag-world-news","31":"tag-worldnews"},"share_on_mastodon":{"url":"https:\/\/pubeurope.com\/@fi\/115731868127637440","error":""},"_links":{"self":[{"href":"https:\/\/www.europesays.com\/fi\/wp-json\/wp\/v2\/posts\/118301","targetHints":{"allow":["GET"]}}],"collection":[{"href":"https:\/\/www.europesays.com\/fi\/wp-json\/wp\/v2\/posts"}],"about":[{"href":"https:\/\/www.europesays.com\/fi\/wp-json\/wp\/v2\/types\/post"}],"author":[{"embeddable":true,"href":"https:\/\/www.europesays.com\/fi\/wp-json\/wp\/v2\/users\/2"}],"replies":[{"embeddable":true,"href":"https:\/\/www.europesays.com\/fi\/wp-json\/wp\/v2\/comments?post=118301"}],"version-history":[{"count":0,"href":"https:\/\/www.europesays.com\/fi\/wp-json\/wp\/v2\/posts\/118301\/revisions"}],"wp:featuredmedia":[{"embeddable":true,"href":"https:\/\/www.europesays.com\/fi\/wp-json\/wp\/v2\/media\/118302"}],"wp:attachment":[{"href":"https:\/\/www.europesays.com\/fi\/wp-json\/wp\/v2\/media?parent=118301"}],"wp:term":[{"taxonomy":"category","embeddable":true,"href":"https:\/\/www.europesays.com\/fi\/wp-json\/wp\/v2\/categories?post=118301"},{"taxonomy":"post_tag","embeddable":true,"href":"https:\/\/www.europesays.com\/fi\/wp-json\/wp\/v2\/tags?post=118301"}],"curies":[{"name":"wp","href":"https:\/\/api.w.org\/{rel}","templated":true}]}}