{"id":118309,"date":"2025-12-16T23:55:12","date_gmt":"2025-12-16T23:55:12","guid":{"rendered":"https:\/\/www.europesays.com\/fi\/118309\/"},"modified":"2025-12-16T23:55:12","modified_gmt":"2025-12-16T23:55:12","slug":"jarmo-kekalainen-uskoo-pudotuspelipaikkaan-urheilu","status":"publish","type":"post","link":"https:\/\/www.europesays.com\/fi\/118309\/","title":{"rendered":"Jarmo Kek\u00e4l\u00e4inen uskoo pudotuspelipaikkaan | Urheilu"},"content":{"rendered":"<p>Kiekkovaikuttaja Jarmo Kek\u00e4l\u00e4inen palasi parrasvaloihin NHL-j\u00e4\u00e4kiekkoliigassa maanantaina, kun Buffalo Sabres ilmoitti palkanneensa h\u00e4net seuran general manageriksi eli GM:ksi. Tiistaina Kek\u00e4l\u00e4inen astui ensimm\u00e4ist\u00e4 kertaa media eteen uudessa pestiss\u00e4\u00e4n.<\/p>\n<p>Sabres on viimeksi pelannut pudotuspeleiss\u00e4 kaudella 2010\u201311 ja on t\u00e4ll\u00e4kin hetkell\u00e4 liigan it\u00e4isen konferenssin h\u00e4nt\u00e4p\u00e4\u00e4ss\u00e4. Kek\u00e4l\u00e4inen kuitenkin uskoo synk\u00e4n putken vihdoin katkeavan.<\/p>\n<p>\u2013\u2009Olemme hyvin l\u00e4hell\u00e4 (pudotuspelipaikkaa). Uskon vakaasti, ett\u00e4 voimme p\u00e4\u00e4st\u00e4 pudotuspeleihin t\u00e4ll\u00e4 kaudella. Pelej\u00e4 on viel\u00e4 paljon j\u00e4ljell\u00e4, Kek\u00e4l\u00e4inen vakuutti muun muassa TSN-kanavan <a href=\"https:\/\/www.tsn.ca\/nhl\/article\/kekalainen-to-get-sabres-down-to-two-goalies-looks-to-re-sign-tuch-and-make-playoffs-this-year\/\" rel=\"nofollow noopener\" target=\"_blank\">mukaan<\/a>.<\/p>\n<p>Kek\u00e4l\u00e4inen, 59, on toiminut Buffalo Sabresissa viime toukokuun lopusta vanhempana neuvonantajana. GM:n pesti on h\u00e4nen urallaan toinen NHL:ss\u00e4, sill\u00e4 Kek\u00e4l\u00e4inen ty\u00f6skenteli Columbus Blue Jacketsin general managerina vuosina 2013\u201324.<\/p>\n","protected":false},"excerpt":{"rendered":"Kiekkovaikuttaja Jarmo Kek\u00e4l\u00e4inen palasi parrasvaloihin NHL-j\u00e4\u00e4kiekkoliigassa maanantaina, kun Buffalo Sabres ilmoitti palkanneensa h\u00e4net seuran general manageriksi eli GM:ksi.&hellip;\n","protected":false},"author":2,"featured_media":118310,"comment_status":"","ping_status":"","sticky":false,"template":"","format":"standard","meta":{"footnotes":""},"categories":[158],"tags":[1144,1274,33,31,30,1143,2135,41,1146,159,32,1145,160],"class_list":{"0":"post-118309","1":"post","2":"type-post","3":"status-publish","4":"format-standard","5":"has-post-thumbnail","7":"category-urheilu","8":"tag-ammattilaisjaakiekko","9":"tag-ammattiurheilu","10":"tag-fi","11":"tag-finland","12":"tag-finnish","13":"tag-jaakiekko","14":"tag-jaakiekkopelaajat-miehet","15":"tag-liikunta-ja-urheilu","16":"tag-miesten-jaakiekko","17":"tag-sports","18":"tag-suomi","19":"tag-talviurheilu","20":"tag-urheilu"},"share_on_mastodon":{"url":"https:\/\/pubeurope.com\/@fi\/115731950861770743","error":""},"_links":{"self":[{"href":"https:\/\/www.europesays.com\/fi\/wp-json\/wp\/v2\/posts\/118309","targetHints":{"allow":["GET"]}}],"collection":[{"href":"https:\/\/www.europesays.com\/fi\/wp-json\/wp\/v2\/posts"}],"about":[{"href":"https:\/\/www.europesays.com\/fi\/wp-json\/wp\/v2\/types\/post"}],"author":[{"embeddable":true,"href":"https:\/\/www.europesays.com\/fi\/wp-json\/wp\/v2\/users\/2"}],"replies":[{"embeddable":true,"href":"https:\/\/www.europesays.com\/fi\/wp-json\/wp\/v2\/comments?post=118309"}],"version-history":[{"count":0,"href":"https:\/\/www.europesays.com\/fi\/wp-json\/wp\/v2\/posts\/118309\/revisions"}],"wp:featuredmedia":[{"embeddable":true,"href":"https:\/\/www.europesays.com\/fi\/wp-json\/wp\/v2\/media\/118310"}],"wp:attachment":[{"href":"https:\/\/www.europesays.com\/fi\/wp-json\/wp\/v2\/media?parent=118309"}],"wp:term":[{"taxonomy":"category","embeddable":true,"href":"https:\/\/www.europesays.com\/fi\/wp-json\/wp\/v2\/categories?post=118309"},{"taxonomy":"post_tag","embeddable":true,"href":"https:\/\/www.europesays.com\/fi\/wp-json\/wp\/v2\/tags?post=118309"}],"curies":[{"name":"wp","href":"https:\/\/api.w.org\/{rel}","templated":true}]}}