{"id":11832,"date":"2025-08-21T05:44:07","date_gmt":"2025-08-21T05:44:07","guid":{"rendered":"https:\/\/www.europesays.com\/fi\/11832\/"},"modified":"2025-08-21T05:44:07","modified_gmt":"2025-08-21T05:44:07","slug":"viruksia-levittavat-hyttyset-yleistyvat-myos-euroopassa-syyna-ilmastonmuutos-terveys-ja-hyvinvointi","status":"publish","type":"post","link":"https:\/\/www.europesays.com\/fi\/11832\/","title":{"rendered":"Viruksia levitt\u00e4v\u00e4t hyttyset yleistyv\u00e4t my\u00f6s Euroopassa &#8211; syyn\u00e4 ilmastonmuutos &#8211; Terveys ja hyvinvointi"},"content":{"rendered":"<p class=\"caption\">Viruksia tavataan jatkuvasti uusilla alueilla Euroopassa. <\/p>\n<p>Viruksia levitt\u00e4v\u00e4t hyttyset ovat yleistyneet viime vuosina my\u00f6s Euroopassa, kertoo Euroopan tautienehk\u00e4isy- ja -valvontakeskus ECDC.<\/p>\n<p>Esimerkiksi\u00a0Chikungunya-virusta levitt\u00e4v\u00e4n hyttysen levi\u00e4minen viimeisen 10 vuoden aikana on ollut nopeaa. Hyttynen on levinnyt Euroopassa jo 16 maahan ja 369 alueelle, kun viel\u00e4 vuosikymmen sitten sit\u00e4 saattoi tavata vain 114 alueella. Lis\u00e4ksi Euroopassa rikottiin t\u00e4n\u00e4 vuonna mantereen enn\u00e4tyksi\u00e4 chikungunya-epidemioiden m\u00e4\u00e4riss\u00e4, kun jo t\u00e4h\u00e4n menness\u00e4 vuotta epidemioita on Euroopassa todettu yhteens\u00e4 27.\u00a0<\/p>\n<p>Viime aikojen tartuntojen valossa virus n\u00e4ytt\u00e4\u00e4 levi\u00e4v\u00e4n my\u00f6s aina vain pohjoisemmaksi, sill\u00e4 paikallisia tartuntoja on nyt tavattu my\u00f6s Ranskan\u00a0Alsacen alueella, mik\u00e4 on virukselle aiempaa selv\u00e4sti pohjoisempana.\u00a0<\/p>\n<p>Chikungunya-viruksen lis\u00e4ksi my\u00f6s L\u00e4nsi-Niilin viruksen tartuntam\u00e4\u00e4r\u00e4t ovat kasvaneet Euroopassa. T\u00e4n\u00e4 vuonna on mitattu Euroopassa korkeimmat tartuntam\u00e4\u00e4r\u00e4t kolmeen vuoteen. Lis\u00e4ksi virusta on havaittu aina vain uusilla alueilla vuosittain.\u00a0<\/p>\n<p>Syyn\u00e4 yleistymiseen ovat hyttysten levi\u00e4miselle otolliset olosuhteet, joita ilmastonmuutos on osaltaan edesauttanut. S\u00e4\u00e4n l\u00e4mpenemisen ja leudompien talvien my\u00f6t\u00e4 tartuntakaudet ovat Euroopassakin aiempaa pidempi\u00e4 ja voimakkaampia.<\/p>\n<p><strong>Lue my\u00f6s: <a href=\"https:\/\/www.voice.fi\/terveys-ja-hyvinvointi\/a-238819\" target=\"_blank\" rel=\"nofollow noopener\">Hengenvaarallinen allergia ampiaisen pistolle voi kehitty\u00e4 tiet\u00e4m\u00e4tt\u00e4 \u2013 Suomessa menehtyy vuosittain joku<\/a><\/strong><\/p>\n<p><strong>Lue my\u00f6s: <a href=\"https:\/\/www.voice.fi\/ilmiot\/a-239307\" target=\"_blank\" rel=\"nofollow noopener\">Lis\u00e4\u00e4 haitallisia koloradonkuoriaisia havaittu &#8211; Ruokavirasto kehottaa tarkkailemaan omia viljelyksi\u00e4<\/a><\/strong><\/p>\n<p>L\u00e4hde: <a href=\"https:\/\/www.ecdc.europa.eu\/en\/news-events\/world-mosquito-day-2025-europe-sets-new-records-mosquito-borne-diseases-ecdc-supporting\" target=\"_blank\" rel=\"nofollow noopener\">ECDC<\/a><\/p>\n<p>                                                            <a href=\"https:\/\/www.voice.fi\/aihe\/ilmastonmuutos\" class=\"tag-link\" rel=\"nofollow noopener\" target=\"_blank\">ilmastonmuutos<\/a>                                                             <a href=\"https:\/\/www.voice.fi\/aihe\/eurooppa\" class=\"tag-link\" rel=\"nofollow noopener\" target=\"_blank\">eurooppa<\/a>                                                             <a href=\"https:\/\/www.voice.fi\/aihe\/hyttynen\" class=\"tag-link\" rel=\"nofollow noopener\" target=\"_blank\">hyttynen<\/a>                                                             <a href=\"https:\/\/www.voice.fi\/aihe\/virus\" class=\"tag-link\" rel=\"nofollow noopener\" target=\"_blank\">virus<\/a>                                                             <a href=\"https:\/\/www.voice.fi\/aihe\/chikungunya\" class=\"tag-link\" rel=\"nofollow noopener\" target=\"_blank\">Chikungunya<\/a>                                                             <a href=\"https:\/\/www.voice.fi\/aihe\/tartuntataudit\" class=\"tag-link\" rel=\"nofollow noopener\" target=\"_blank\">tartuntataudit<\/a>                                                             <a href=\"https:\/\/www.voice.fi\/aihe\/virukset\" class=\"tag-link\" rel=\"nofollow noopener\" target=\"_blank\">virukset<\/a>                                                             <a href=\"https:\/\/www.voice.fi\/aihe\/ecdc\" class=\"tag-link\" rel=\"nofollow noopener\" target=\"_blank\">ecdc<\/a>                                                             <a href=\"https:\/\/www.voice.fi\/aihe\/laensi-niilin-virus\" class=\"tag-link\" rel=\"nofollow noopener\" target=\"_blank\">l\u00e4nsi-niilin virus<\/a>                                                    <\/p>\n<p class=\"title\">Tykk\u00e4\u00e4 ja jaa artikkeli<\/p>\n<p>                <a href=\"https:\/\/www.facebook.com\/sharer.php?u=https%3A%2F%2Fwww.voice.fi%2Fterveys-ja-hyvinvointi%2Fa-239512\" class=\"share-button facebook-share ion-social-facebook\" target=\"_blank\" onclick=\"javascript:window.open(this.href,&#010;                  &#039;&#039;, &#039;menubar=no,toolbar=no,resizable=yes,scrollbars=yes,height=400,width=600&#039;);ga(&#039;send&#039;, &#039;event&#039;, &#039;SOME&#039;, &#039;Facebook&#039;, &#039;Artikkeli alaosa&#039;);return false;\" rel=\"nofollow noopener\">Jaa Facebookissa<\/a><\/p>\n<p>                <a href=\"https:\/\/twitter.com\/share?text=Viruksia+levitt%C3%A4v%C3%A4t+hyttyset+yleistyv%C3%A4t+my%C3%B6s+Euroopassa+-+syyn%C3%A4+ilmastonmuutos&amp;url=https%3A%2F%2Fwww.voice.fi%2Fterveys-ja-hyvinvointi%2Fa-239512\" class=\"share-button twitter-share ion-social-twitter\" target=\"_blank\" onclick=\"javascript:window.open(this.href,&#010;                  &#039;&#039;, &#039;menubar=no,toolbar=no,resizable=yes,scrollbars=yes,height=400,width=600&#039;);ga(&#039;send&#039;, &#039;event&#039;, &#039;SOME&#039;, &#039;Twitter&#039;, &#039;Artikkeli alaosa&#039;);return false;\" rel=\"nofollow noopener\">Jaa Twitteriss\u00e4<\/a><\/p>\n<p>                <a href=\"fb-messenger:\/\/share?link=https%3A%2F%2Fwww.voice.fi%2Fterveys-ja-hyvinvointi%2Fa-239512%3Futm_source%3Dfb_messenger%26utm_medium%3Dsocial%26utm_campaign%3Dfbmessenger_share\" class=\"share-button messenger-share \" data-text=\"Viruksia+levitt%C3%A4v%C3%A4t+hyttyset+yleistyv%C3%A4t+my%C3%B6s+Euroopassa+-+syyn%C3%A4+ilmastonmuutos\" data-href=\"https%3A%2F%2Fwww.voice.fi%2Fterveys-ja-hyvinvointi%2Fa-239512%3Futm_source%3Dmessenger%26utm_medium%3Dsocial%26utm_campaign%3Dmessenger_share\" data-type=\"fb_messenger\" onclick=\"ga(&#039;send&#039;, &#039;event&#039;, &#039;SOME&#039;, &#039;Fb-messenger&#039;, &#039;Artikkeli alaosa&#039;);\" rel=\"nofollow\"><\/p>\n<p>                <a href=\"whatsapp:\/\/send?text=Viruksia+levitt%C3%A4v%C3%A4t+hyttyset+yleistyv%C3%A4t+my%C3%B6s+Euroopassa+-+syyn%C3%A4+ilmastonmuutos https%3A%2F%2Fwww.voice.fi%2Fterveys-ja-hyvinvointi%2Fa-239512%3Futm_source%3Dwhatsapp%26utm_medium%3Dsocial%26utm_campaign%3Dwhatsapp_share\" class=\"share-button whatsapp-share ion-social-whatsapp\" data-text=\"Viruksia+levitt%C3%A4v%C3%A4t+hyttyset+yleistyv%C3%A4t+my%C3%B6s+Euroopassa+-+syyn%C3%A4+ilmastonmuutos\" data-href=\"https%3A%2F%2Fwww.voice.fi%2Fterveys-ja-hyvinvointi%2Fa-239512%3Futm_source%3Dwhatsapp%26utm_medium%3Dsocial%26utm_campaign%3Dwhatsapp_share\" data-type=\"whatsapp\" onclick=\"ga(&#039;send&#039;, &#039;event&#039;, &#039;SOME&#039;, &#039;Whatsapp&#039;, &#039;Artikkeli alaosa&#039;);\" rel=\"nofollow\"><\/p>\n<p>            <script async src=\"https:\/\/platform.twitter.com\/widgets.js\" charset=\"utf-8\"><\/script><\/p>\n","protected":false},"excerpt":{"rendered":"Viruksia tavataan jatkuvasti uusilla alueilla Euroopassa. Viruksia levitt\u00e4v\u00e4t hyttyset ovat yleistyneet viime vuosina my\u00f6s Euroopassa, kertoo Euroopan tautienehk\u00e4isy-&hellip;\n","protected":false},"author":2,"featured_media":11833,"comment_status":"","ping_status":"","sticky":false,"template":"","format":"standard","meta":{"footnotes":""},"categories":[165],"tags":[33,31,30,166,32,167],"class_list":{"0":"post-11832","1":"post","2":"type-post","3":"status-publish","4":"format-standard","5":"has-post-thumbnail","7":"category-terveys","8":"tag-fi","9":"tag-finland","10":"tag-finnish","11":"tag-health","12":"tag-suomi","13":"tag-terveys"},"share_on_mastodon":{"url":"","error":""},"_links":{"self":[{"href":"https:\/\/www.europesays.com\/fi\/wp-json\/wp\/v2\/posts\/11832","targetHints":{"allow":["GET"]}}],"collection":[{"href":"https:\/\/www.europesays.com\/fi\/wp-json\/wp\/v2\/posts"}],"about":[{"href":"https:\/\/www.europesays.com\/fi\/wp-json\/wp\/v2\/types\/post"}],"author":[{"embeddable":true,"href":"https:\/\/www.europesays.com\/fi\/wp-json\/wp\/v2\/users\/2"}],"replies":[{"embeddable":true,"href":"https:\/\/www.europesays.com\/fi\/wp-json\/wp\/v2\/comments?post=11832"}],"version-history":[{"count":0,"href":"https:\/\/www.europesays.com\/fi\/wp-json\/wp\/v2\/posts\/11832\/revisions"}],"wp:featuredmedia":[{"embeddable":true,"href":"https:\/\/www.europesays.com\/fi\/wp-json\/wp\/v2\/media\/11833"}],"wp:attachment":[{"href":"https:\/\/www.europesays.com\/fi\/wp-json\/wp\/v2\/media?parent=11832"}],"wp:term":[{"taxonomy":"category","embeddable":true,"href":"https:\/\/www.europesays.com\/fi\/wp-json\/wp\/v2\/categories?post=11832"},{"taxonomy":"post_tag","embeddable":true,"href":"https:\/\/www.europesays.com\/fi\/wp-json\/wp\/v2\/tags?post=11832"}],"curies":[{"name":"wp","href":"https:\/\/api.w.org\/{rel}","templated":true}]}}