{"id":118324,"date":"2025-12-17T00:14:08","date_gmt":"2025-12-17T00:14:08","guid":{"rendered":"https:\/\/www.europesays.com\/fi\/118324\/"},"modified":"2025-12-17T00:14:08","modified_gmt":"2025-12-17T00:14:08","slug":"noora-louhimo-jattaa-battle-beastin-tama-ei-ole-loppu-tama-on-uuden-seikkailun-alku","status":"publish","type":"post","link":"https:\/\/www.europesays.com\/fi\/118324\/","title":{"rendered":"Noora Louhimo j\u00e4tt\u00e4\u00e4 Battle Beastin: &#8221;T\u00e4m\u00e4 ei ole loppu, t\u00e4m\u00e4 on uuden seikkailun alku&#8221;"},"content":{"rendered":"<p>Laulaja <strong>Noora Louhimo<\/strong> j\u00e4tt\u00e4\u00e4 Battle Beast -yhtyeen 13 vuoden j\u00e4lkeen. Louhimo kertoi asiasta omalla Facebook-sivullaan.<\/p>\n<p>Julkaisun mukaan jatkossa h\u00e4n aikoo keskitty\u00e4 soolouraansa.<\/p>\n<p>\u201d13 vuoden ajan sain kasvaa, oppia, kehitty\u00e4 ja tutkia Battle Beastin kanssa sit\u00e4, kuka olen muusikkona ja ihmisen\u00e4. Ja nyt syd\u00e4meni kaipaa lis\u00e4\u00e4 seikkailuja, ja lent\u00e4mist\u00e4 omilla siivill\u00e4ni kohti unelmiani, joita voin tavoitella vain, jos annan niille t\u00e4yden huomioni. El\u00e4m\u00e4 on t\u00e4ynn\u00e4 eri aikakausia, ja nyt on uuden aika. Olen ikuisesti kiitollinen ja rakastan Battle Beastia ja rakkaita fanejamme. T\u00e4m\u00e4 ei ole loppu, t\u00e4m\u00e4 on uusi seikkailun alku. N\u00e4hd\u00e4\u00e4n pian,\u201d Louhimo kirjoittaa julkaisussa. <\/p>\n<p>Lue my\u00f6s: <a href=\"https:\/\/www.voice.fi\/muoti-ja-kauneus\/a-240418\" title=\"Metallilaulaja Noora Louhimo inspiroituu boss ladyista: \u2019Pukeutumalla voi juhlia joka p\u00e4iv\u00e4 el\u00e4m\u00e4\u00e4\u2019\" class=\"underline-custom !font-montserrat !font-bold !underline-offset-4 !decoration-4 !decoration-tilt-light !text-md\" rel=\"nofollow noopener\" target=\"_blank\">Metallilaulaja Noora Louhimo inspiroituu boss ladyista: \u2019Pukeutumalla voi juhlia joka p\u00e4iv\u00e4 el\u00e4m\u00e4\u00e4\u2019<\/a><\/p>\n<p>My\u00f6s yhtye on ottanut kantaa uutiseen Louhimon julkaisun yhteydess\u00e4. B\u00e4ndi kertoo odotetusti olevansa surullinen Louhimon l\u00e4hd\u00f6st\u00e4, mutta tukevat p\u00e4\u00e4t\u00f6st\u00e4 t\u00e4ysin. <\/p>\n<p>\u201dKuuden albumin ja 13 uskomattoman yhteisen vuoden j\u00e4lkeen ilmoitamme, ett\u00e4 Noora Louhimo j\u00e4tt\u00e4\u00e4 Battle Beastin keskitty\u00e4kseen soolouraansa. Vaikka olemme surullisia h\u00e4nen l\u00e4hd\u00f6st\u00e4\u00e4n, tuemme t\u00e4ysin h\u00e4nen p\u00e4\u00e4t\u00f6st\u00e4\u00e4n tavoitella uusia luovia polkuja \u2013 jotain, mit\u00e4 h\u00e4n ei ole pystynyt tutkimaan t\u00e4ydest\u00e4 syd\u00e4mest\u00e4\u00e4n Battle Beastin vaativan aikataulun vuoksi,\u201d yhtyeen muut j\u00e4senet kertovat.<\/p>\n<p>Lue my\u00f6s: <a href=\"https:\/\/www.voice.fi\/musiikki\/a-240408\" title=\"Noora Louhimolla on jatkuvasti monta rautaa tulessa: \u2019Jos olisin vain Battle Beastissa, kuihtuisin kasaan\u2019\" class=\"underline-custom !font-montserrat !font-bold !underline-offset-4 !decoration-4 !decoration-tilt-light !text-md\" rel=\"nofollow noopener\" target=\"_blank\">Noora Louhimolla on jatkuvasti monta rautaa tulessa: \u2019Jos olisin vain Battle Beastissa, kuihtuisin kasaan\u2019<\/a><\/p>\n<p>Ilmoitus on otettu fanien keskuudessa vastaan surullisina. <\/p>\n<p>\u201dMun syd\u00e4n itkee valtavasti.\u201d<\/p>\n<p>\u201dKaikkea hyv\u00e4\u00e4 tulevaan.\u201d<\/p>\n<p>\u201dTodella s\u00e4\u00e4li. Olitte mahtavia yhdess\u00e4. Kaikkea hyv\u00e4\u00e4 siit\u00e4 huolimatta tulevaan.\u201d<\/p>\n<p>Yhtyeen ilmoituksen p\u00e4\u00e4set katsomaan <a href=\"https:\/\/www.facebook.com\/reel\/1537499387472900?locale=fi_FI\" rel=\"nofollow noopener\" target=\"_blank\">t\u00e4\u00e4lt\u00e4<\/a>. <\/p>\n","protected":false},"excerpt":{"rendered":"Laulaja Noora Louhimo j\u00e4tt\u00e4\u00e4 Battle Beast -yhtyeen 13 vuoden j\u00e4lkeen. Louhimo kertoi asiasta omalla Facebook-sivullaan. Julkaisun mukaan jatkossa&hellip;\n","protected":false},"author":2,"featured_media":118325,"comment_status":"","ping_status":"","sticky":false,"template":"","format":"standard","meta":{"footnotes":""},"categories":[136],"tags":[13584,407,137,33,31,30,408,13585,32,109],"class_list":{"0":"post-118324","1":"post","2":"type-post","3":"status-publish","4":"format-standard","5":"has-post-thumbnail","7":"category-julkkikset","8":"tag-battle-beast","9":"tag-celebrities","10":"tag-entertainment","11":"tag-fi","12":"tag-finland","13":"tag-finnish","14":"tag-julkkikset","15":"tag-noora-louhimo","16":"tag-suomi","17":"tag-viihde"},"share_on_mastodon":{"url":"https:\/\/pubeurope.com\/@fi\/115732025377508759","error":""},"_links":{"self":[{"href":"https:\/\/www.europesays.com\/fi\/wp-json\/wp\/v2\/posts\/118324","targetHints":{"allow":["GET"]}}],"collection":[{"href":"https:\/\/www.europesays.com\/fi\/wp-json\/wp\/v2\/posts"}],"about":[{"href":"https:\/\/www.europesays.com\/fi\/wp-json\/wp\/v2\/types\/post"}],"author":[{"embeddable":true,"href":"https:\/\/www.europesays.com\/fi\/wp-json\/wp\/v2\/users\/2"}],"replies":[{"embeddable":true,"href":"https:\/\/www.europesays.com\/fi\/wp-json\/wp\/v2\/comments?post=118324"}],"version-history":[{"count":0,"href":"https:\/\/www.europesays.com\/fi\/wp-json\/wp\/v2\/posts\/118324\/revisions"}],"wp:featuredmedia":[{"embeddable":true,"href":"https:\/\/www.europesays.com\/fi\/wp-json\/wp\/v2\/media\/118325"}],"wp:attachment":[{"href":"https:\/\/www.europesays.com\/fi\/wp-json\/wp\/v2\/media?parent=118324"}],"wp:term":[{"taxonomy":"category","embeddable":true,"href":"https:\/\/www.europesays.com\/fi\/wp-json\/wp\/v2\/categories?post=118324"},{"taxonomy":"post_tag","embeddable":true,"href":"https:\/\/www.europesays.com\/fi\/wp-json\/wp\/v2\/tags?post=118324"}],"curies":[{"name":"wp","href":"https:\/\/api.w.org\/{rel}","templated":true}]}}