{"id":118326,"date":"2025-12-17T00:21:10","date_gmt":"2025-12-17T00:21:10","guid":{"rendered":"https:\/\/www.europesays.com\/fi\/118326\/"},"modified":"2025-12-17T00:21:10","modified_gmt":"2025-12-17T00:21:10","slug":"mm-rallitalli-julkisti-kuljettajakaksikkonsa-ensi-kauteen-savon-sanomat","status":"publish","type":"post","link":"https:\/\/www.europesays.com\/fi\/118326\/","title":{"rendered":"MM-\u200brallitalli julkisti kuljet\u00adta\u00adja\u00adkak\u00adsik\u00adkonsa ensi kauteen &#8211; Savon Sanomat"},"content":{"rendered":"<ol>\n<li><a href=\"https:\/\/news.google.com\/rss\/articles\/CBMiVkFVX3lxTE5hWnFKTEVsTmRrWXBVY19VLU5USUNYUlpHNkNoUHhKU1RLUWdGZ3dSbjRFZzBkVnJ0NHJuWE9iREllNDEwRDFXdzFXdko5ZzlJRzg4aWR3?oc=5\" target=\"_blank\" rel=\"nofollow noopener\">MM-\u200brallitalli julkisti kuljet\u00adta\u00adja\u00adkak\u00adsik\u00adkonsa ensi kauteen<\/a>&nbsp;&nbsp;Savon Sanomat<\/li>\n<li><a href=\"https:\/\/news.google.com\/rss\/articles\/CBMiWkFVX3lxTE13cU5qc1gycGM4LXdjU0g3LUIxdkNCUFhrRkZBOWUwVXAxTXRubXNHNUprZ1B3cE54ZlozUXpmSHZlSktkazdadVNETGhhMDRTYV9wYWFTMzV0Zw?oc=5\" target=\"_blank\" rel=\"nofollow noopener\">Rallin MM-sarjassa m\u00e4j\u00e4hti kuljettajauutinen<\/a>&nbsp;&nbsp;Ilta-Sanomat<\/li>\n<li><a href=\"https:\/\/news.google.com\/rss\/articles\/CBMifkFVX3lxTE9MUzRUZDk5X2hndmlWUUdGMnoyOVRJZXVMSGxmYnRTWG1oR0tmVFNQNkJrTnppcEgtY3pxajNOTlc3ZEtsbmNmWld1WDFuZ3ItSWI3d245d0hacFVOUXZtY2ROVTJpb05TS3BNNmFrbHRCLWlNX2NhVVZSOGVSdw?oc=5\" target=\"_blank\" rel=\"nofollow noopener\">Yll\u00e4tysnimi rallin MM-sarjaan<\/a>&nbsp;&nbsp;mtvuutiset.fi<\/li>\n<li><a href=\"https:\/\/news.google.com\/rss\/articles\/CBMiigFBVV95cUxPOVk4SVVCU0ItY0ZpWmotY0d1Z0FFMXhad2dGVl92ZDVtNC1SZFRjVGVCZFhDbVd4Q0gyUGI4NThZaWk3SGx0ZTVxSHoxOGYtUzhBWkN6aW9pNEpkOWJINlB0VnR4TkNaYTRxeExDWWhQYTM4REIxZHhZNERxdXZuT1Fud1ZCMmJnNWc?oc=5\" target=\"_blank\" rel=\"nofollow noopener\">Rallin MM-sarjasta kajahti \u2013 Fordin kuskeiksi yll\u00e4tyskaksikko!<\/a>&nbsp;&nbsp;Rallit.fi<\/li>\n<li><a href=\"https:\/\/news.google.com\/rss\/articles\/CBMiekFVX3lxTFBOdnN2SVhPbnpJaHdrWUExUGRUSi1Ga2FBYkVCTUtnbHI0SnBXSEp3d2NseUpka2ItX2pYY3RwblRDVTVvaWpveFpmNWU3WkFWSWQ5cnJYVzI5Rk5NVV9qRFFubG9iYWtxVHpnblp1S0htMUM2NnBxT2hR?oc=5\" target=\"_blank\" rel=\"nofollow noopener\">WRC-tiimi pudotti uutispommin<\/a>&nbsp;&nbsp;Sportti.com<\/li>\n<\/ol>\n","protected":false},"excerpt":{"rendered":"MM-\u200brallitalli julkisti kuljet\u00adta\u00adja\u00adkak\u00adsik\u00adkonsa ensi kauteen&nbsp;&nbsp;Savon Sanomat Rallin MM-sarjassa m\u00e4j\u00e4hti kuljettajauutinen&nbsp;&nbsp;Ilta-Sanomat Yll\u00e4tysnimi rallin MM-sarjaan&nbsp;&nbsp;mtvuutiset.fi Rallin MM-sarjasta kajahti \u2013 Fordin&hellip;\n","protected":false},"author":2,"featured_media":118327,"comment_status":"","ping_status":"","sticky":false,"template":"","format":"standard","meta":{"footnotes":""},"categories":[158],"tags":[648,2810,2267,33,31,30,41,3584,83,2811,159,32,160],"class_list":{"0":"post-118326","1":"post","2":"type-post","3":"status-publish","4":"format-standard","5":"has-post-thumbnail","7":"category-urheilu","8":"tag-autot","9":"tag-autourheilu-ja-urheiluautot","10":"tag-eurooppa","11":"tag-fi","12":"tag-finland","13":"tag-finnish","14":"tag-liikunta-ja-urheilu","15":"tag-mm-rallit","16":"tag-moottoriurheilu","17":"tag-rata-autoilu","18":"tag-sports","19":"tag-suomi","20":"tag-urheilu"},"share_on_mastodon":{"url":"https:\/\/pubeurope.com\/@fi\/115732052954239833","error":""},"_links":{"self":[{"href":"https:\/\/www.europesays.com\/fi\/wp-json\/wp\/v2\/posts\/118326","targetHints":{"allow":["GET"]}}],"collection":[{"href":"https:\/\/www.europesays.com\/fi\/wp-json\/wp\/v2\/posts"}],"about":[{"href":"https:\/\/www.europesays.com\/fi\/wp-json\/wp\/v2\/types\/post"}],"author":[{"embeddable":true,"href":"https:\/\/www.europesays.com\/fi\/wp-json\/wp\/v2\/users\/2"}],"replies":[{"embeddable":true,"href":"https:\/\/www.europesays.com\/fi\/wp-json\/wp\/v2\/comments?post=118326"}],"version-history":[{"count":0,"href":"https:\/\/www.europesays.com\/fi\/wp-json\/wp\/v2\/posts\/118326\/revisions"}],"wp:featuredmedia":[{"embeddable":true,"href":"https:\/\/www.europesays.com\/fi\/wp-json\/wp\/v2\/media\/118327"}],"wp:attachment":[{"href":"https:\/\/www.europesays.com\/fi\/wp-json\/wp\/v2\/media?parent=118326"}],"wp:term":[{"taxonomy":"category","embeddable":true,"href":"https:\/\/www.europesays.com\/fi\/wp-json\/wp\/v2\/categories?post=118326"},{"taxonomy":"post_tag","embeddable":true,"href":"https:\/\/www.europesays.com\/fi\/wp-json\/wp\/v2\/tags?post=118326"}],"curies":[{"name":"wp","href":"https:\/\/api.w.org\/{rel}","templated":true}]}}