{"id":118332,"date":"2025-12-17T00:26:08","date_gmt":"2025-12-17T00:26:08","guid":{"rendered":"https:\/\/www.europesays.com\/fi\/118332\/"},"modified":"2025-12-17T00:26:08","modified_gmt":"2025-12-17T00:26:08","slug":"suomalainen-lyhytelokuva-sukkahousuista-paasi-oscar-palkintojen-lyhytlistalle","status":"publish","type":"post","link":"https:\/\/www.europesays.com\/fi\/118332\/","title":{"rendered":"Suomalainen lyhytelokuva sukkahousuista p\u00e4\u00e4si Oscar-palkintojen lyhytlistalle"},"content":{"rendered":"<p>Elokuva|Suomen ehdokkaana parhaaksi kansainv\u00e4liseksi elokuvaksi ollut sahtielokuva ei p\u00e4\u00e4ssyt jatkoon.<\/p>\n<p class=\"article-body mb-nof-24 px-nof-16\">Suomalainen <a class=\"article-personlink\" href=\"https:\/\/www.hs.fi\/haku\/?query=Fabian%20Munsterhjelmin\" rel=\"nofollow noopener\" target=\"_blank\">Fabian Munsterhjelmin<\/a> ohjaama lyhytelokuva Sukkahousut on p\u00e4\u00e4ssyt lyhytlistalle kisaamaan Yhdysvaltojen elokuva-akatemian vuoden 2026 Oscar-palkinnoista.<\/p>\n<p class=\"article-body mb-nof-24 px-nof-16\">Akatemia julkisti <a class=\"article-genericlink\" href=\"https:\/\/press.oscars.org\/news\/98th-oscarsr-shortlists-12-award-categories-announced\" rel=\"nofollow noopener\" target=\"_blank\">listan<\/a> jatkoon p\u00e4\u00e4sseist\u00e4 tiistaina.<\/p>\n<p class=\"article-body mb-nof-24 px-nof-16\">Sukkahousut, englanniksi Pantyhose, kilpailee lyhytelokuvien sarjassa, jossa on mukana 15 elokuvaa. Ne \u00e4\u00e4nestettiin jatkoon 207:n ehdokkaana olleen lyhytelokuvan joukosta.<\/p>\n<p class=\"article-body mb-nof-24 px-nof-16\">Elokuva on 15-minuuttinen draamakomedia. Se kertoo pariskunnasta, joka on menossa t\u00e4rke\u00e4\u00e4n gaalaan ja huomaa, ett\u00e4 sukkahousuissa on reik\u00e4, elokuvaa levitt\u00e4v\u00e4 <a class=\"article-genericlink\" href=\"https:\/\/www.wildhog.fi\/productions\/pantyhose\/\" rel=\"nofollow noopener\" target=\"_blank\">Wildhog Productions<\/a> kuvailee juonta verkkosivullaan.<\/p>\n<p class=\"article-body mb-nof-24 px-nof-16\">Elokuva ansaitsi kelpoisuuden Oscar-ehdokkaaksi, kun se voitti p\u00e4\u00e4palkinnon Short Shorts -elokuvafestivaaleilla Tokiossa, kertoi <a class=\"article-genericlink\" href=\"https:\/\/www.hbl.fi\/2025-06-13\/finlandssvensk-kortfilm-vann-prestigefyllt-pris-oscarsnominering-mojlig\/\" rel=\"nofollow noopener\" target=\"_blank\">Hufvudstadsbladet<\/a> kes\u00e4kuussa.<\/p>\n<p class=\"article-body mb-nof-24 px-nof-16\">Sen sijaan Suomen ehdokas parhaaksi kansainv\u00e4liseksi elokuvaksi ei p\u00e4\u00e4ssyt jatkoon. Suomen ehdokas oli <a class=\"article-personlink\" href=\"https:\/\/www.hs.fi\/haku\/?query=Teemu%20Nikin\" rel=\"nofollow noopener\" target=\"_blank\">Teemu Nikin<\/a> ohjaama ja k\u00e4sikirjoittama 100 litraa sahtia. Sit\u00e4 ei ole lyhytlistalla.<\/p>\n<p class=\"article-body mb-nof-24 px-nof-16\">Jatkoon t\u00e4ss\u00e4kin kategoriassa p\u00e4\u00e4si 15 elokuvaa, kun ehdolla oli 86 elokuvaa. Euroopasta jatkoon p\u00e4\u00e4siv\u00e4t Espanjan, Norjan, Ranskan, Saksan ja Sveitsin edustajat.<\/p>\n<p class=\"article-body mb-nof-24 px-nof-16\">Lyhytlistattujen joukosta valitaan viel\u00e4 lopulliset Oscar-ehdokkaat tammikuussa. Voittajat kerrotaan maaliskuussa j\u00e4rjestett\u00e4v\u00e4ss\u00e4 gaalassa.<\/p>\n","protected":false},"excerpt":{"rendered":"Elokuva|Suomen ehdokkaana parhaaksi kansainv\u00e4liseksi elokuvaksi ollut sahtielokuva ei p\u00e4\u00e4ssyt jatkoon. Suomalainen Fabian Munsterhjelmin ohjaama lyhytelokuva Sukkahousut on p\u00e4\u00e4ssyt&hellip;\n","protected":false},"author":2,"featured_media":96697,"comment_status":"","ping_status":"","sticky":false,"template":"","format":"standard","meta":{"footnotes":""},"categories":[14],"tags":[22,23,26,27,33,31,30,17,46,24,25,28,29,15,18,21,32,19,20,56,16,59,60,61],"class_list":{"0":"post-118332","1":"post","2":"type-post","3":"status-publish","4":"format-standard","5":"has-post-thumbnail","7":"category-ulkomaat","8":"tag-breaking-news","9":"tag-breakingnews","10":"tag-featured-news","11":"tag-featurednews","12":"tag-fi","13":"tag-finland","14":"tag-finnish","15":"tag-headlines","16":"tag-helsingin-sanomat","17":"tag-latest-news","18":"tag-latestnews","19":"tag-main-news","20":"tag-mainnews","21":"tag-news","22":"tag-otsikot","23":"tag-paauutiset","24":"tag-suomi","25":"tag-top-stories","26":"tag-topstories","27":"tag-ulkomaat","28":"tag-uutiset","29":"tag-world","30":"tag-world-news","31":"tag-worldnews"},"share_on_mastodon":{"url":"https:\/\/pubeurope.com\/@fi\/115732072682520050","error":""},"_links":{"self":[{"href":"https:\/\/www.europesays.com\/fi\/wp-json\/wp\/v2\/posts\/118332","targetHints":{"allow":["GET"]}}],"collection":[{"href":"https:\/\/www.europesays.com\/fi\/wp-json\/wp\/v2\/posts"}],"about":[{"href":"https:\/\/www.europesays.com\/fi\/wp-json\/wp\/v2\/types\/post"}],"author":[{"embeddable":true,"href":"https:\/\/www.europesays.com\/fi\/wp-json\/wp\/v2\/users\/2"}],"replies":[{"embeddable":true,"href":"https:\/\/www.europesays.com\/fi\/wp-json\/wp\/v2\/comments?post=118332"}],"version-history":[{"count":0,"href":"https:\/\/www.europesays.com\/fi\/wp-json\/wp\/v2\/posts\/118332\/revisions"}],"wp:featuredmedia":[{"embeddable":true,"href":"https:\/\/www.europesays.com\/fi\/wp-json\/wp\/v2\/media\/96697"}],"wp:attachment":[{"href":"https:\/\/www.europesays.com\/fi\/wp-json\/wp\/v2\/media?parent=118332"}],"wp:term":[{"taxonomy":"category","embeddable":true,"href":"https:\/\/www.europesays.com\/fi\/wp-json\/wp\/v2\/categories?post=118332"},{"taxonomy":"post_tag","embeddable":true,"href":"https:\/\/www.europesays.com\/fi\/wp-json\/wp\/v2\/tags?post=118332"}],"curies":[{"name":"wp","href":"https:\/\/api.w.org\/{rel}","templated":true}]}}