{"id":118335,"date":"2025-12-17T00:28:14","date_gmt":"2025-12-17T00:28:14","guid":{"rendered":"https:\/\/www.europesays.com\/fi\/118335\/"},"modified":"2025-12-17T00:28:14","modified_gmt":"2025-12-17T00:28:14","slug":"kommentti-petteri-orpo-on-pulassa","status":"publish","type":"post","link":"https:\/\/www.europesays.com\/fi\/118335\/","title":{"rendered":"Kommentti: Petteri Orpo on pulassa"},"content":{"rendered":"<p><a href=\"https:\/\/www.iltalehti.fi\/kirjoittajat\/Johannes Ij\u00e4s\" class=\"article-description-pov-author\" rel=\"nofollow noopener\" target=\"_blank\"><\/p>\n<p>Johannes Ij\u00e4s<\/p>\n<p><img decoding=\"async\" class=\"author-image\" src=\"https:\/\/www.europesays.com\/fi\/wp-content\/uploads\/2025\/09\/fbc60dede903bcc6c5c127d804cce20b8c9ca9ebe75e0d5ebff3121c11916a56.png\" alt=\"\"\/><\/a><\/p>\n<p>P\u00e4\u00e4ministeri Petteri Orpo rangaistusmekanismeineen on t\u00e4ll\u00e4 hetkell\u00e4 todella kiusallisessa tilanteessa, kirjoittaa Iltalehden Johannes Ij\u00e4s.<\/p>\n<p>Eilen klo 18:40 (p\u00e4ivitetty eilen klo 18:40)<\/p>\n<p><img decoding=\"async\" class=\"image image-show image-preview\" src=\"https:\/\/www.europesays.com\/fi\/wp-content\/uploads\/2025\/12\/16979371de3863d1825ee90a1bc96b42fda71f2045f3651c156abe64bf919801.jpg\" alt=\"\"\/><img decoding=\"async\" class=\"image image-show\" src=\"https:\/\/www.europesays.com\/fi\/wp-content\/uploads\/2025\/12\/1765931294_835_16979371de3863d1825ee90a1bc96b42fda71f2045f3651c156abe64bf919801.jpg\" alt=\"\"\/><\/p>\n<p>P\u00e4\u00e4ministeri Petteri Orpo (kok). Elle Laitila<\/p>\n<p class=\"paragraph\">Kun hallitus oli edellisen kerran rasismikohun kourissa syksyn budjettiriihen yhteydess\u00e4, p\u00e4\u00e4ministeri <a href=\"https:\/\/www.iltalehti.fi\/henkilot\/Petteri Orpo\" class=\"article-link-person-page\" rel=\"nofollow noopener\" target=\"_blank\">Petteri Orpo<\/a> (kok) ilmoitti, ett\u00e4 jatkossa hallituspuolueiden kansanedustajien mahdollisista rasistista puheista tulee seuraamuksia.<\/p>\n<p class=\"paragraph\">\u2013 On sovittu, ett\u00e4 jos tulee poikkeamia, niist\u00e4 pit\u00e4\u00e4 sanktioida, Orpo <a href=\"https:\/\/www.mtvuutiset.fi\/artikkeli\/orpo-vaantaa-rautalangasta-mita-on-sovittu\/9214608\" rel=\"noopener nofollow\" target=\"_blank\">paalutti<\/a> yksiselitteisesti.<\/p>\n<p class=\"paragraph\">Hallituspuolueet loivat uuden rangaistusmekanismin, jossa sen vuoden 2023 yhdenvertaisuustiedonannon eli rasismitiedonannon noudattamisen seuraamista siirrettiin kollektiivisesti ryhm\u00e4puheenjohtajien vastuulle.<\/p>\n<p class=\"paragraph\">\u2013 Ollaan tehty nyt niin selke\u00e4t toimintamallit n\u00e4iden kokemusten opettamana, ett\u00e4 niiden puitteissa meill\u00e4 on nyt edellytykset toimia ja vaatia eduskuntaryhmi\u00e4 toimimaan. Ja jos n\u00e4in ei toimita, hallitus ei ole toimintakykyinen, h\u00e4n jopa lausui tuolloin.<\/p>\n<p>Olisiko Orpon pit\u00e4nyt reagoida heti?<\/p>\n<p class=\"paragraph\">Ja kas, nyt ollaan tilanteessa, jossa n\u00e4it\u00e4 p\u00e4\u00e4ministerin sanoja pit\u00e4isi laittaa toteen.<\/p>\n<p class=\"paragraph\">Kansanedustajat <a href=\"https:\/\/www.iltalehti.fi\/henkilot\/Kaisa Garedew\" class=\"article-link-person-page\" rel=\"nofollow noopener\" target=\"_blank\">Kaisa Garedew<\/a> ja <a href=\"https:\/\/www.iltalehti.fi\/henkilot\/Juho Eerola\" class=\"article-link-person-page\" rel=\"nofollow noopener\" target=\"_blank\">Juho Eerola<\/a> jakoivat viime viikolla somessa rasistiseksi tulkittuja silm\u00e4nvenytyskuvia ja Orpon johdolla valmisteltu mekanismi l\u00e4hti rullaamaan.<\/p>\n<p class=\"paragraph\">Mekanismi k\u00e4tki jo syntyhetkill\u00e4\u00e4n sis\u00e4\u00e4ns\u00e4 hallituksen ovelan peliliikkeen. Sen tarkoituksena oli siirt\u00e4\u00e4 kriisitilanteet hallituspuolueiden puheenjohtajien p\u00f6yd\u00e4lt\u00e4 eduskunnan ryhm\u00e4johtajien murheiksi.<\/p>\n<p class=\"paragraph\">T\u00e4st\u00e4 Petteri Orpo on my\u00f6s tuoreessa kriisiss\u00e4 tiukasti pit\u00e4nyt kiinni, kun h\u00e4n vasta viime sunnuntaina sai sanottua Ylen P\u00e4\u00e4ministerin haastattelutunnilla, ettei pid\u00e4 julkisuuteen tulleita kuvia hyv\u00e4ksytt\u00e4vin\u00e4.<\/p>\n<p class=\"paragraph\">Voi hyv\u00e4ll\u00e4 syyll\u00e4 kysy\u00e4, olisiko Orpon nopeampi reaktio voinut v\u00e4ltt\u00e4\u00e4 my\u00f6s orastavaa kansainv\u00e4list\u00e4 mainehaittaa, jos esimerkiksi Suomen suurl\u00e4hetyst\u00f6t maailmalla olisivat heti voineet v\u00e4litt\u00e4\u00e4 p\u00e4\u00e4ministerin tuomitsevaa lausuntoa kansanedustajien toilailuista.<\/p>\n<p class=\"paragraph\">Kohu maailmalla on viel\u00e4 laimea, mutta esimerkiksi t\u00e4n\u00e4\u00e4n tiistaina kokoomuksen eduskuntaryhm\u00e4n puheenjohtaja <a href=\"https:\/\/www.iltalehti.fi\/henkilot\/Jukka Kopra\" class=\"article-link-person-page\" rel=\"nofollow noopener\" target=\"_blank\">Jukka Kopra<\/a> on antanut er\u00e4\u00e4lle suurelle japanilaismedialle asiasta lausuntoja. T\u00e4m\u00e4 osoittaa valitettavasti, ett\u00e4 tilanne saattaa my\u00f6s laajeta.<\/p>\n<p>Kokoomuksen ryhm\u00e4puheenjohtaja Jukka Kopra. Atte Kajova<\/p>\n<p>\u201dLaajalti tuomitsevat\u201d<\/p>\n<p class=\"paragraph\">T\u00e4n\u00e4\u00e4n hallituspuolueiden ryhm\u00e4puheenjohtajat tulivat ulos n\u00e4enn\u00e4isesti j\u00e4m\u00e4k\u00e4ll\u00e4 lausunnolla. Kun tarkemmin katsoo, lausunnossa oltiin yksimielisi\u00e4 k\u00e4yt\u00e4nn\u00f6ss\u00e4 siit\u00e4, ett\u00e4 ryhm\u00e4puheenjohtajat ovat erimielisi\u00e4.<\/p>\n<p class=\"paragraph\">T\u00e4st\u00e4 kertoo sanamuoto \u201dlaajalti tuomitsevat\u201d. Toisin sanoen kaikki eiv\u00e4t ainakaan t\u00e4ysin tuomitse perussuomalaisten kansanedustajien some-p\u00e4ivityksi\u00e4.<\/p>\n<p class=\"paragraph\">\u2013 Hallituspuolueiden ryhm\u00e4puheenjohtajat laajalti tuomitsevat yksiselitteisesti n\u00e4m\u00e4 ala-arvoiset ja asiattomat ulostulot, jotka loukkaavat ja murentavat Suomen mainetta. N\u00e4in ei olisi saanut toimia, ei nyt eik\u00e4 jatkossa. Yhteiskunnallisia ilmi\u00f6it\u00e4 ja p\u00e4\u00e4t\u00f6ksi\u00e4 voi ja pit\u00e4\u00e4 kritisoida asiallisesti. Halventavat eleet ja kuvat ovat vastuutonta toimintaa, joilla ei edistet\u00e4 yht\u00e4\u00e4n mit\u00e4\u00e4n, Jukka Kopra luki eduskuntaryhmien puheenjohtajien lausunnon alkupuolelta.<\/p>\n<p>Tuskin taipuu<\/p>\n<p class=\"paragraph\">Perussuomalaisten eduskuntaryhm\u00e4n torstaiseen ryhm\u00e4kokoukseen kohdistuu nyt valtava paine.<\/p>\n<p class=\"paragraph\">P\u00e4\u00e4ministeri Petteri Orpon syksyiset lausunnot k\u00e4yt\u00e4nn\u00f6ss\u00e4 antavat odottaa, ett\u00e4 perussuomalaiset sanktioisivat kansanedustajiaan jollakin tavalla.<\/p>\n<p class=\"paragraph\">Toisaalta paljon puhuttu ja v\u00e4h\u00e4n tulkinnanvaraiseksi j\u00e4\u00e4nyt rangaistusmekanismi, jonka kirjauksia ei ole koskaan saatu julkisuuteen, pit\u00e4\u00e4 sis\u00e4ll\u00e4\u00e4n my\u00f6s sen itsest\u00e4\u00e4nselvyyden, ett\u00e4 jokainen eduskuntaryhm\u00e4 p\u00e4\u00e4tt\u00e4\u00e4 suvereenisti kansanedustajien rangaistuksista. Siin\u00e4 mieless\u00e4 mekanismi olikin silm\u00e4nlumetta ja nyt hallitus saa maistaa mekanismiaan.<\/p>\n<p class=\"paragraph\">Iltalehden tietojen mukaan perussuomalaisissa ei ole ainakaan t\u00e4ll\u00e4 hetkell\u00e4 aikeita sanktioida kansanedustajiaan, vaikka osa hallituspuolueista n\u00e4in mekanismia tulkitsisikin.<\/p>\n<p>Riikka Purra on harmitellut perussuomalaisten l\u00e4ht\u00f6\u00e4 mukaan rasismitiedonantoon. TIINA SOMERPURO<\/p>\n<p class=\"paragraph\">Voiko tilanne muuttua muista puolueista tulevan ja vaikkapa kansainv\u00e4lisen paineen takia? N\u00e4ytt\u00e4\u00e4 ep\u00e4todenn\u00e4k\u00f6iselt\u00e4, ett\u00e4 perussuomalaiset taipuisivat. Puheenjohtaja <a href=\"https:\/\/www.iltalehti.fi\/henkilot\/Riikka Purra\" class=\"article-link-person-page\" rel=\"nofollow noopener\" target=\"_blank\">Riikka Purra<\/a> (ps) <a href=\"https:\/\/www.hs.fi\/politiikka\/art-2000011556314.html\" target=\"_blank\" rel=\"noopener nofollow\">on jopa todennut<\/a>, ettei edes rasismitiedonantoon olisi pit\u00e4nyt aikoinaan suostua.<\/p>\n<p class=\"paragraph\">N\u00e4ytt\u00e4\u00e4 silt\u00e4, ett\u00e4 Petteri Orpo mekanismeineen on t\u00e4ll\u00e4 hetkell\u00e4 todella kiusallisessa raossa.<\/p>\n","protected":false},"excerpt":{"rendered":"Johannes Ij\u00e4s P\u00e4\u00e4ministeri Petteri Orpo rangaistusmekanismeineen on t\u00e4ll\u00e4 hetkell\u00e4 todella kiusallisessa tilanteessa, kirjoittaa Iltalehden Johannes Ij\u00e4s. Eilen klo&hellip;\n","protected":false},"author":2,"featured_media":118336,"comment_status":"","ping_status":"","sticky":false,"template":"","format":"standard","meta":{"footnotes":""},"categories":[5],"tags":[35,22,23,26,27,33,31,30,17,24,25,28,29,15,18,21,49,637,886,885,887,32,19,20,16],"class_list":{"0":"post-118335","1":"post","2":"type-post","3":"status-publish","4":"format-standard","5":"has-post-thumbnail","7":"category-otsikot","8":"tag-24h","9":"tag-breaking-news","10":"tag-breakingnews","11":"tag-featured-news","12":"tag-featurednews","13":"tag-fi","14":"tag-finland","15":"tag-finnish","16":"tag-headlines","17":"tag-latest-news","18":"tag-latestnews","19":"tag-main-news","20":"tag-mainnews","21":"tag-news","22":"tag-otsikot","23":"tag-paauutiset","24":"tag-perussuomalaiset","25":"tag-politiikka","26":"tag-puolueet","27":"tag-suomen-poliittiset-puolueet","28":"tag-suomen-politiikka","29":"tag-suomi","30":"tag-top-stories","31":"tag-topstories","32":"tag-uutiset"},"share_on_mastodon":{"url":"https:\/\/pubeurope.com\/@fi\/115732080605638446","error":""},"_links":{"self":[{"href":"https:\/\/www.europesays.com\/fi\/wp-json\/wp\/v2\/posts\/118335","targetHints":{"allow":["GET"]}}],"collection":[{"href":"https:\/\/www.europesays.com\/fi\/wp-json\/wp\/v2\/posts"}],"about":[{"href":"https:\/\/www.europesays.com\/fi\/wp-json\/wp\/v2\/types\/post"}],"author":[{"embeddable":true,"href":"https:\/\/www.europesays.com\/fi\/wp-json\/wp\/v2\/users\/2"}],"replies":[{"embeddable":true,"href":"https:\/\/www.europesays.com\/fi\/wp-json\/wp\/v2\/comments?post=118335"}],"version-history":[{"count":0,"href":"https:\/\/www.europesays.com\/fi\/wp-json\/wp\/v2\/posts\/118335\/revisions"}],"wp:featuredmedia":[{"embeddable":true,"href":"https:\/\/www.europesays.com\/fi\/wp-json\/wp\/v2\/media\/118336"}],"wp:attachment":[{"href":"https:\/\/www.europesays.com\/fi\/wp-json\/wp\/v2\/media?parent=118335"}],"wp:term":[{"taxonomy":"category","embeddable":true,"href":"https:\/\/www.europesays.com\/fi\/wp-json\/wp\/v2\/categories?post=118335"},{"taxonomy":"post_tag","embeddable":true,"href":"https:\/\/www.europesays.com\/fi\/wp-json\/wp\/v2\/tags?post=118335"}],"curies":[{"name":"wp","href":"https:\/\/api.w.org\/{rel}","templated":true}]}}