{"id":118350,"date":"2025-12-17T01:06:10","date_gmt":"2025-12-17T01:06:10","guid":{"rendered":"https:\/\/www.europesays.com\/fi\/118350\/"},"modified":"2025-12-17T01:06:10","modified_gmt":"2025-12-17T01:06:10","slug":"minulla-on-oikeus-tehda-se","status":"publish","type":"post","link":"https:\/\/www.europesays.com\/fi\/118350\/","title":{"rendered":"\u201dMinulla on oikeus tehd\u00e4 se\u201d"},"content":{"rendered":"<p>Soutaja vastasi Instagramissa yleisimp\u00e4\u00e4n kysymykseen.<\/p>\n<p><img decoding=\"async\" class=\"image image-show image-preview\" src=\"https:\/\/www.europesays.com\/fi\/wp-content\/uploads\/2025\/12\/bf06162a5287defe160ca79ffef01328f78f99da3717b5c4312b9dcba26d6efb.jpg\" alt=\"\"\/><img decoding=\"async\" class=\"image image-show\" src=\"https:\/\/www.europesays.com\/fi\/wp-content\/uploads\/2025\/12\/1765933570_652_bf06162a5287defe160ca79ffef01328f78f99da3717b5c4312b9dcba26d6efb.jpg\" alt=\"\"\/><\/p>\n<p>Jari Saario on souturetkell\u00e4, joka kest\u00e4\u00e4 arvioilta 3\u20134 kuukautta. Jari Saarion albumi<\/p>\n<p class=\"paragraph\"><strong>Jari Saario<\/strong> on taas merell\u00e4. Mies l\u00e4hti 11.11.2025 soutamaan Chilest\u00e4 Etel\u00e4-Afrikkaan. Matkan pituus on noin 8\u00a0000 kilometri\u00e4. Reissu kest\u00e4\u00e4 arvioilta 3\u20134 kuukautta.<\/p>\n<p class=\"paragraph\">Saario kertoo matkastaan Instagramissa. H\u00e4nelle esitet\u00e4\u00e4n my\u00f6s paljon kysymyksi\u00e4 reissusta. Yleisin kysymys koskee sit\u00e4, miten h\u00e4n hoitaa wc-k\u00e4ynnit veneess\u00e4.<\/p>\n<p class=\"paragraph\">\u2013 Hankalaa on k\u00e4yminen ja operoiminen my\u00f6s sen puolesta, Saario my\u00f6nt\u00e4\u00e4.<\/p>\n<p class=\"paragraph\">Ulos ei ole asiaa, jos myrskytuuli puhaltaa ja l\u00e4mp\u00f6tila py\u00f6rii nollan tuntumassa. Silloin Saario pysyttelee sis\u00e4tiloissa ja kaivaa esiin \u00e4mp\u00e4rin tai sorsan. Teht\u00e4v\u00e4 ei ole helppo.<\/p>\n<p class=\"paragraph\">\u2013 Myrskyilmalla haluan sy\u00f6d\u00e4 mahdollisimman v\u00e4h\u00e4n, ettei tarvitsisi k\u00e4yd\u00e4 vessassa ollenkaan, Saario kertoo.<\/p>\n<p class=\"paragraph\">V\u00e4lill\u00e4 tyhjennysoperaatio on kuitenkin pakko tehd\u00e4. Sen j\u00e4lkeen Saario astelee ulos ja heitt\u00e4\u00e4 ulosteet mereen, koska veneess\u00e4 ei yksinkertaisesti ole ulosteille s\u00e4ilytystilaa.<\/p>\n<p class=\"paragraph\">\u2013 Olen laskenut, ett\u00e4 sen ajan kun olen merell\u00e4, olen yksi kaloista, ja minulla on oikeus tehd\u00e4 se, Saario kertoo.<\/p>\n<p class=\"paragraph\">53-vuotias herra on kokenut soutaja. Saario on ylitt\u00e4nyt esimerkiksi Atlantin valtameren jo kahdesti.<\/p>\n<p class=\"paragraph\">Jos video ei n\u00e4y laitteellasi, voit katsoa sen <a href=\"https:\/\/www.instagram.com\/p\/DSKUCrkDPtr\/\" target=\"_blank\" rel=\"noopener nofollow\">t\u00e4\u00e4lt\u00e4<\/a>.<\/p>\n<p><script async src=\"\/\/www.instagram.com\/embed.js\"><\/script><\/p>\n","protected":false},"excerpt":{"rendered":"Soutaja vastasi Instagramissa yleisimp\u00e4\u00e4n kysymykseen. Jari Saario on souturetkell\u00e4, joka kest\u00e4\u00e4 arvioilta 3\u20134 kuukautta. Jari Saarion albumi Jari&hellip;\n","protected":false},"author":2,"featured_media":118351,"comment_status":"","ping_status":"","sticky":false,"template":"","format":"standard","meta":{"footnotes":""},"categories":[136],"tags":[35,407,2110,137,33,31,30,408,72,32,872,4518,109,534],"class_list":{"0":"post-118350","1":"post","2":"type-post","3":"status-publish","4":"format-standard","5":"has-post-thumbnail","7":"category-julkkikset","8":"tag-24h","9":"tag-celebrities","10":"tag-elamantapa-ja-vapaa-aika","11":"tag-entertainment","12":"tag-fi","13":"tag-finland","14":"tag-finnish","15":"tag-julkkikset","16":"tag-luonto","17":"tag-suomi","18":"tag-vesistot","19":"tag-vesiurheilu","20":"tag-viihde","21":"tag-ymparisto-ja-luonto"},"share_on_mastodon":{"url":"https:\/\/pubeurope.com\/@fi\/115732230046166664","error":""},"_links":{"self":[{"href":"https:\/\/www.europesays.com\/fi\/wp-json\/wp\/v2\/posts\/118350","targetHints":{"allow":["GET"]}}],"collection":[{"href":"https:\/\/www.europesays.com\/fi\/wp-json\/wp\/v2\/posts"}],"about":[{"href":"https:\/\/www.europesays.com\/fi\/wp-json\/wp\/v2\/types\/post"}],"author":[{"embeddable":true,"href":"https:\/\/www.europesays.com\/fi\/wp-json\/wp\/v2\/users\/2"}],"replies":[{"embeddable":true,"href":"https:\/\/www.europesays.com\/fi\/wp-json\/wp\/v2\/comments?post=118350"}],"version-history":[{"count":0,"href":"https:\/\/www.europesays.com\/fi\/wp-json\/wp\/v2\/posts\/118350\/revisions"}],"wp:featuredmedia":[{"embeddable":true,"href":"https:\/\/www.europesays.com\/fi\/wp-json\/wp\/v2\/media\/118351"}],"wp:attachment":[{"href":"https:\/\/www.europesays.com\/fi\/wp-json\/wp\/v2\/media?parent=118350"}],"wp:term":[{"taxonomy":"category","embeddable":true,"href":"https:\/\/www.europesays.com\/fi\/wp-json\/wp\/v2\/categories?post=118350"},{"taxonomy":"post_tag","embeddable":true,"href":"https:\/\/www.europesays.com\/fi\/wp-json\/wp\/v2\/tags?post=118350"}],"curies":[{"name":"wp","href":"https:\/\/api.w.org\/{rel}","templated":true}]}}