{"id":118360,"date":"2025-12-17T01:19:20","date_gmt":"2025-12-17T01:19:20","guid":{"rendered":"https:\/\/www.europesays.com\/fi\/118360\/"},"modified":"2025-12-17T01:19:20","modified_gmt":"2025-12-17T01:19:20","slug":"helsingin-vesalan-ammuskelun-taustalla-nuorisojoukkojen-aiempi-riita-epailee-poliisi-kotimaa","status":"publish","type":"post","link":"https:\/\/www.europesays.com\/fi\/118360\/","title":{"rendered":"Helsingin Vesalan ammuskelun taustalla nuorisojoukkojen aiempi riita, ep\u00e4ilee poliisi | Kotimaa"},"content":{"rendered":"<p class=\"aw-1gybjub aw-5vja16 kEtdKx kmuxyA yle__article__paragraph\">Poliisin mukaan ammuskelu voi liitty\u00e4 katujengien v\u00e4lienselvittelyyn. Nuori mies vangittiin tiistaina tapon yrityksest\u00e4 ep\u00e4iltyn\u00e4.<\/p>\n<p><img decoding=\"async\" alt=\"Rikostarkastaja Marko Forss, Helsingin poliisi.\" src=\"https:\/\/www.europesays.com\/fi\/wp-content\/uploads\/2025\/12\/39-117932765170c54e0a70.jpeg\" class=\"aw-1l9m598 hKVVvP\"\/><\/p>\n<p>Avaa kuvien katselu<\/p>\n<p>Vesalan ampumav\u00e4likohtauksen esitutkintaa johtaa katujengeihin liittyviin rikoksiin erikoistunut rikostarkastaja Marko Forss Helsingin poliisilaitokselta. Kuva: Thomas Hagstr\u00f6m \/ Yle<\/p>\n<p>16.12. 15:34\u2022P\u00e4ivitetty 16.12. 15:37<\/p>\n<p class=\"aw-1gybjub aw-1p7kakr kEtdKx cEmitX yle__article__paragraph\">Helsingin k\u00e4r\u00e4j\u00e4oikeus vangitsi tiistaina 19-vuotiaan miehen ep\u00e4iltyn\u00e4 tapon yrityksest\u00e4.<\/p>\n<p class=\"aw-1gybjub aw-1p7kakr kEtdKx cEmitX yle__article__paragraph\">Mies on yksi Helsingin Vesalassa 7. joulukuuta tapahtuneesta ammuskelusta ep\u00e4illyist\u00e4.<\/p>\n<p class=\"aw-1gybjub aw-1p7kakr kEtdKx cEmitX yle__article__paragraph\">Poliisi ep\u00e4ilee tapon yrityksest\u00e4 useita henkil\u00f6it\u00e4, mutta osaa heist\u00e4 ei ole saatu viel\u00e4 kiinni.<\/p>\n<p class=\"aw-1gybjub aw-1p7kakr kEtdKx cEmitX yle__article__paragraph\">Poliisin mukaan Rekipellontielle saapui my\u00f6h\u00e4\u00e4n y\u00f6ll\u00e4 useita autoja, joissa oli mukana nuoria ja alaik\u00e4isi\u00e4 henkil\u00f6it\u00e4.<\/p>\n<p class=\"aw-1gybjub aw-1p7kakr kEtdKx cEmitX yle__article__paragraph\">\u2013 Poliisin ep\u00e4ilyn mukaan heill\u00e4 oli ainakin kaksi asetta ja muita astaloita. Laukauksia on ammuttu useita, kertoo tutkinnanjohtaja, rikostarkastaja <strong class=\"aw-ak79eh KyCXm yle__article__strong\">Marko Forss<\/strong> Helsingin poliisilaitokselta.<\/p>\n<p class=\"aw-1gybjub aw-1p7kakr kEtdKx cEmitX yle__article__paragraph\">Poliisin tiedossa on, ett\u00e4 ammuskelussa loukkaantui ainakin yksi henkil\u00f6.<\/p>\n<p>Nuorisojoukot riidoissa, ep\u00e4ilee poliisi<\/p>\n<p class=\"aw-1gybjub aw-1p7kakr kEtdKx cEmitX yle__article__paragraph\">Forssin mukaan tapauksessa on viitteit\u00e4 katujengien v\u00e4lienselvittelyst\u00e4.<\/p>\n<p class=\"aw-1gybjub aw-1p7kakr kEtdKx cEmitX yle__article__paragraph\">\u2013 N\u00e4iden nuorisoryhmien v\u00e4lill\u00e4 on ollut jonkunlaista vihanpitoa aiemminkin. T\u00e4ss\u00e4 on ollut tietyll\u00e4 tapaa kaksi ryhm\u00e4\u00e4, jotka ovat ottaneet yhteen.<\/p>\n<p class=\"aw-1gybjub aw-1p7kakr kEtdKx cEmitX yle__article__paragraph\"><a class=\"aw-iao6s4 iHOxEa yle__article__link\" href=\"https:\/\/valtioneuvosto.fi\/-\/1410853\/katujengien-rikosten-rangaistukset-ankaroituvat-heinakuussa\" role=\"link\" rel=\"nofollow noopener\" target=\"_blank\">Rikoslakiin tuli kes\u00e4ll\u00e4<\/a> koventamisperusteeksi rikoksen tekeminen osana rikollisjoukkoa, jonka my\u00f6t\u00e4 katujengeihin liittyvist\u00e4 rikoksista saa ankaramman rangaistuksen.<\/p>\n<p class=\"aw-1gybjub aw-1p7kakr kEtdKx cEmitX yle__article__paragraph\">\u2013 Arvioimme, onko t\u00e4ss\u00e4 sellaista ryhm\u00e4\u00e4 ja yhteenliittym\u00e4\u00e4 kyseess\u00e4 puolin tai toisin. J\u00e4rjest\u00e4ytyneest\u00e4 rikollisuudesta ei ole kyse, Forss sanoo.<\/p>\n<p>Poliisi haluaa est\u00e4\u00e4 koston kierteen<\/p>\n<p class=\"aw-1gybjub aw-1p7kakr kEtdKx cEmitX yle__article__paragraph\">Vesalassa on <a class=\"aw-iao6s4 iHOxEa yle__article__link\" href=\"https:\/\/yle.fi\/a\/74-20155477\" role=\"link\" rel=\"nofollow noopener\" target=\"_blank\">ammuskeltu aiemminkin<\/a>. Nelj\u00e4 miest\u00e4 tuomittiin huhtikuussa k\u00e4r\u00e4j\u00e4oikeudessa joulukuussa 2024 tapahtuneeseen ampumav\u00e4likohtaukseen liittyen.<\/p>\n<p class=\"aw-1gybjub aw-1p7kakr kEtdKx cEmitX yle__article__paragraph\">Forssin mukaan se, ett\u00e4 Vesalassa ammuskeltiin taas, johtuu sattumasta eik\u00e4 suoria viitteit\u00e4 tekojen v\u00e4lill\u00e4 ole tullut ilmi.<\/p>\n<p class=\"aw-1gybjub aw-1p7kakr kEtdKx cEmitX yle__article__paragraph\">\u2013 Vesala ei ainakaan minun silmiss\u00e4ni ole sellainen paikka, jossa olisi sen vaarallisempaa kuin muuallakaan. Kaikenlaista tapahtuu ymp\u00e4ri kaupunkia.<\/p>\n<p class=\"aw-1gybjub aw-1p7kakr kEtdKx cEmitX yle__article__paragraph\">Poliisi toivoo jotain tapauksesta tiet\u00e4vi\u00e4 <a class=\"aw-iao6s4 iHOxEa yle__article__link\" href=\"https:\/\/poliisi.fi\/-\/poliisi-pyytaa-lisatietoja-vesalassa-tapahtuneesta-ampumisesta\" role=\"link\" rel=\"nofollow noopener\" target=\"_blank\">olemaan yhteydess\u00e4<\/a>.<\/p>\n<p class=\"aw-1gybjub aw-1p7kakr kEtdKx cEmitX yle__article__paragraph\">\u2013 Tavoitteena on selvitt\u00e4\u00e4 t\u00e4m\u00e4 yksitt\u00e4inen rikos, mutta my\u00f6s est\u00e4\u00e4 tilannetta eskaloitumasta koston kierteeksi, Forss sanoo.<\/p>\n","protected":false},"excerpt":{"rendered":"Poliisin mukaan ammuskelu voi liitty\u00e4 katujengien v\u00e4lienselvittelyyn. Nuori mies vangittiin tiistaina tapon yrityksest\u00e4 ep\u00e4iltyn\u00e4. Avaa kuvien katselu Vesalan&hellip;\n","protected":false},"author":2,"featured_media":118361,"comment_status":"","ping_status":"","sticky":false,"template":"","format":"standard","meta":{"footnotes":""},"categories":[12],"tags":[22,23,26,27,33,31,30,17,104,13993,71,24,25,28,29,15,814,18,21,581,1263,21459,32,19,20,1168,16,17656],"class_list":{"0":"post-118360","1":"post","2":"type-post","3":"status-publish","4":"format-standard","5":"has-post-thumbnail","7":"category-suomi","8":"tag-breaking-news","9":"tag-breakingnews","10":"tag-featured-news","11":"tag-featurednews","12":"tag-fi","13":"tag-finland","14":"tag-finnish","15":"tag-headlines","16":"tag-helsinki","17":"tag-jengit","18":"tag-kotimaa","19":"tag-latest-news","20":"tag-latestnews","21":"tag-main-news","22":"tag-mainnews","23":"tag-news","24":"tag-nuoret","25":"tag-otsikot","26":"tag-paauutiset","27":"tag-rikokset","28":"tag-rikosepailyt","29":"tag-suomen-katujengit","30":"tag-suomi","31":"tag-top-stories","32":"tag-topstories","33":"tag-uusimaa","34":"tag-uutiset","35":"tag-vesala"},"share_on_mastodon":{"url":"https:\/\/pubeurope.com\/@fi\/115732281153005914","error":""},"_links":{"self":[{"href":"https:\/\/www.europesays.com\/fi\/wp-json\/wp\/v2\/posts\/118360","targetHints":{"allow":["GET"]}}],"collection":[{"href":"https:\/\/www.europesays.com\/fi\/wp-json\/wp\/v2\/posts"}],"about":[{"href":"https:\/\/www.europesays.com\/fi\/wp-json\/wp\/v2\/types\/post"}],"author":[{"embeddable":true,"href":"https:\/\/www.europesays.com\/fi\/wp-json\/wp\/v2\/users\/2"}],"replies":[{"embeddable":true,"href":"https:\/\/www.europesays.com\/fi\/wp-json\/wp\/v2\/comments?post=118360"}],"version-history":[{"count":0,"href":"https:\/\/www.europesays.com\/fi\/wp-json\/wp\/v2\/posts\/118360\/revisions"}],"wp:featuredmedia":[{"embeddable":true,"href":"https:\/\/www.europesays.com\/fi\/wp-json\/wp\/v2\/media\/118361"}],"wp:attachment":[{"href":"https:\/\/www.europesays.com\/fi\/wp-json\/wp\/v2\/media?parent=118360"}],"wp:term":[{"taxonomy":"category","embeddable":true,"href":"https:\/\/www.europesays.com\/fi\/wp-json\/wp\/v2\/categories?post=118360"},{"taxonomy":"post_tag","embeddable":true,"href":"https:\/\/www.europesays.com\/fi\/wp-json\/wp\/v2\/tags?post=118360"}],"curies":[{"name":"wp","href":"https:\/\/api.w.org\/{rel}","templated":true}]}}