{"id":118362,"date":"2025-12-17T01:20:13","date_gmt":"2025-12-17T01:20:13","guid":{"rendered":"https:\/\/www.europesays.com\/fi\/118362\/"},"modified":"2025-12-17T01:20:13","modified_gmt":"2025-12-17T01:20:13","slug":"oikeus-maaraa-poistamaan-helsingin-sanomien-jutun-netista-vaarin-kohdistettu-vaatimus-sanoo-toimitusjohtaja-kotimaa","status":"publish","type":"post","link":"https:\/\/www.europesays.com\/fi\/118362\/","title":{"rendered":"Oikeus m\u00e4\u00e4r\u00e4\u00e4 poistamaan Helsingin Sanomien jutun netist\u00e4 \u2013 \u201dV\u00e4\u00e4rin kohdistettu vaatimus\u201d, sanoo toimitusjohtaja | Kotimaa"},"content":{"rendered":"<p class=\"aw-1gybjub aw-5vja16 kEtdKx kmuxyA yle__article__paragraph\">Korkein oikeus hylk\u00e4si valituslupahakemukset Helsingin Sanomien viestikoekeskusjutussa. Valittamista EIT:hen harkitaan.<\/p>\n<p><img decoding=\"async\" alt=\"Mies lukee Helsingin Sanomia\" src=\"https:\/\/www.europesays.com\/fi\/wp-content\/uploads\/2025\/12\/39-4513125a3796f2eccab.jpeg\" class=\"aw-1l9m598 hKVVvP\"\/><\/p>\n<p>Avaa kuvien katselu<\/p>\n<p>Juttu on ollut kahdeksan vuotta verkossa, ja mahdollisen poiston j\u00e4lkeenkin se on luettavissa esimerkiksi sanomalehtiarkistoissa. Kuva: Henrietta Hassinen \/ Yle<\/p>\n<p class=\"aw-1gybjub aw-1p7kakr kEtdKx cEmitX yle__article__paragraph\">Helsingin Sanomissa ja Sanoma media Finland Oy:ss\u00e4 harkitaan, valitetaanko korkeimman oikeuden t\u00e4n\u00e4\u00e4n antamasta ratkaisusta Euroopan ihmisoikeustuomioistuimeen (EIT).<\/p>\n<p class=\"aw-1gybjub aw-1p7kakr kEtdKx cEmitX yle__article__paragraph\">Korkein oikeus p\u00e4\u00e4tti tiistaiaamuna, ett\u00e4 se ei my\u00f6nn\u00e4 valituslupia Helsingin Sanomien <a class=\"aw-iao6s4 iHOxEa yle__article__link\" href=\"https:\/\/yle.fi\/a\/74-20199960\" role=\"link\" rel=\"nofollow noopener\" target=\"_blank\">viestikoekeskusjutussa<\/a>. Valituslupaa olivat hakeneet kaikki osapuolet.<\/p>\n<p class=\"aw-1gybjub aw-1p7kakr kEtdKx cEmitX yle__article__paragraph\">Erikseen harkittava kysymys on se, mit\u00e4 tapahtuu alkuper\u00e4iselle viestikoekeskusjutulle, josta koko prosessi k\u00e4ynnistyi joulukuussa 2017.<\/p>\n<p class=\"aw-1gybjub aw-1p7kakr kEtdKx cEmitX yle__article__paragraph\">Hein\u00e4kuussa 2025 hovioikeus m\u00e4\u00e4r\u00e4si, ett\u00e4 Sanoma media Finlandin (Sanoma) on poistettava alkuper\u00e4inen viestikoekeskusjuttu verkosta. KKO:n ratkaisun my\u00f6t\u00e4 hovioikeuden p\u00e4\u00e4t\u00f6s j\u00e4\u00e4 voimaan.<\/p>\n<p>\u201dVaatimus kohdistettu v\u00e4\u00e4rin\u201d<\/p>\n<p class=\"aw-1gybjub aw-1p7kakr kEtdKx cEmitX yle__article__paragraph\">Sanoma media Finlandin toimitusjohtaja <strong class=\"aw-ak79eh KyCXm yle__article__strong\">Pia Kalsta<\/strong> kommentoi asiaa Ylelle tekstiviestitse.<\/p>\n<p class=\"aw-1gybjub aw-1p7kakr kEtdKx cEmitX yle__article__paragraph\">\u2013 Katsomme, ett\u00e4 jutun poistovaatimus on v\u00e4\u00e4rin kohdistettu. P\u00e4\u00e4toimittaja p\u00e4\u00e4tt\u00e4\u00e4 aina julkaisun sis\u00e4ll\u00f6st\u00e4, Kalsta kirjoittaa.<\/p>\n<p class=\"aw-1gybjub aw-1p7kakr kEtdKx cEmitX yle__article__paragraph\">Helsingin Sanomien vastaava p\u00e4\u00e4toimittaja <strong class=\"aw-ak79eh KyCXm yle__article__strong\">Erja Yl\u00e4j\u00e4rvi<\/strong> kommentoi asiaa Ylelle puhelimitse. H\u00e4nkin huomauttaa, ett\u00e4 vaatimus jutun poistamisesta kohdistuu Sanomaan eik\u00e4 Helsingin Sanomiin.<\/p>\n<p class=\"aw-1gybjub aw-1p7kakr kEtdKx cEmitX yle__article__paragraph\">\u2013 Toki se on Helsingin Sanomien juttu, mutta t\u00e4st\u00e4 syyst\u00e4 en t\u00e4ss\u00e4 vaiheessa kommentoi asiaa, Yl\u00e4j\u00e4rvi sanoo.<\/p>\n<p class=\"aw-1gybjub aw-1p7kakr kEtdKx cEmitX yle__article__paragraph\">Yle kysyi tekstiviestitse Kalstalta viel\u00e4 tarkennusta asiaan.<\/p>\n<p class=\"aw-1gybjub aw-1p7kakr kEtdKx cEmitX yle__article__paragraph\"><strong class=\"aw-ak79eh KyCXm yle__article__strong\">Tarkoittaako t\u00e4m\u00e4 siis sit\u00e4, ett\u00e4 juttua ei aiota poistaa?<\/strong><\/p>\n<p class=\"aw-1gybjub aw-1p7kakr kEtdKx cEmitX yle__article__paragraph\">\u2013 Se on vastaavan p\u00e4\u00e4toimittajan p\u00e4\u00e4t\u00f6s.<\/p>\n<p class=\"aw-1gybjub aw-1p7kakr kEtdKx cEmitX yle__article__paragraph\">Sek\u00e4 k\u00e4r\u00e4j\u00e4- ett\u00e4 hovioikeus puolestaan katsoivat, ett\u00e4 vaatimuksen kohdentamissa ei ole ongelmia vaan h\u00e4vitt\u00e4mism\u00e4\u00e4r\u00e4ys on selke\u00e4sti yksil\u00f6ity ja se voidaan panna t\u00e4yt\u00e4nt\u00f6\u00f6n.<\/p>\n<p>Harvinainen m\u00e4\u00e4r\u00e4ys<\/p>\n<p class=\"aw-1gybjub aw-1p7kakr kEtdKx cEmitX yle__article__paragraph\">Journalistiseen sis\u00e4lt\u00f6\u00f6n kohdistuva poistamism\u00e4\u00e4r\u00e4ys on harvinainen mutta ei ainutlaatuinen. KKO on esimerkiksi <a class=\"aw-iao6s4 iHOxEa yle__article__link\" href=\"https:\/\/www.finlex.fi\/fi\/oikeuskaytanto\/korkein-oikeus\/ennakkopaatokset\/2010\/88#OT1_OT0\" role=\"link\" rel=\"nofollow noopener\" target=\"_blank\">ennakkop\u00e4\u00e4t\u00f6ksess\u00e4\u00e4n<\/a> vuonna 2010 m\u00e4\u00e4r\u00e4nnyt Ylen poistamaan henkil\u00f6iden nimi\u00e4 MOT-ohjelman k\u00e4sikirjoituksesta, joka oli julkaistu verkossa.<\/p>\n<p class=\"aw-1gybjub aw-1p7kakr kEtdKx cEmitX yle__article__paragraph\">Koko k\u00e4sikirjoituksen poistamista KKO ei kyseisess\u00e4 tapauksessa pit\u00e4nyt tarpeellisena. Tapaus on kuitenkin perustavasti erilainen kuin viestikoekeskusjuttu.<\/p>\n<p class=\"aw-1gybjub aw-1p7kakr kEtdKx cEmitX yle__article__paragraph\">Helsingin yliopiston viestint\u00e4oikeuden professori <strong class=\"aw-ak79eh KyCXm yle__article__strong\">P\u00e4ivi Korpisaari<\/strong> arvioi, ett\u00e4 EIT:ss\u00e4 viestikoekeskusjutun poistamisvaatimus saattaisi kilpisty\u00e4 Euroopan ihmisoikeussopimuksen sananvapausartiklan edellytt\u00e4miin v\u00e4ltt\u00e4m\u00e4tt\u00f6myysperusteisiin.<\/p>\n<p class=\"aw-1gybjub aw-1p7kakr kEtdKx cEmitX yle__article__paragraph\">Viestikoekeskusjuttu on ollut verkossa jo kahdeksan vuotta. Mahdollinen vahinko sen julkaisemisesta on jo ehtinyt tapahtua, koska juttu on ollut luettavissa niin kauan. Lis\u00e4ksi poistom\u00e4\u00e4r\u00e4ys kohdistuu vain verkkojuttuun eik\u00e4 esimerkiksi n\u00e4k\u00f6islehteen tai sanomalehtiarkistoihin.<\/p>\n<p class=\"aw-1gybjub aw-1p7kakr kEtdKx cEmitX yle__article__paragraph\">Toisaalta Korpisaari huomauttaa, ett\u00e4 t\u00e4llaista poistom\u00e4\u00e4r\u00e4yst\u00e4 ei koskaan voida antaa kovin nopeasti etenk\u00e4\u00e4n ep\u00e4selviss\u00e4 tapauksissa.<\/p>\n<p class=\"aw-1gybjub aw-1p7kakr kEtdKx cEmitX yle__article__paragraph\">\u2013 Jos t\u00e4m\u00e4 vesitt\u00e4\u00e4 koko mahdollisuuden m\u00e4\u00e4r\u00e4t\u00e4 verkkoviesti h\u00e4vitett\u00e4v\u00e4ksi, silloin se j\u00e4\u00e4 aika lailla tehottomaksi.<\/p>\n<p class=\"aw-1gybjub aw-1p7kakr kEtdKx cEmitX yle__article__paragraph\">Tuomiossaan hovioikeus otti t\u00e4m\u00e4n n\u00e4k\u00f6kulman huomioon ja totesi, ett\u00e4 ajan kuluminen ei t\u00e4ss\u00e4 tapauksessa merkitse sit\u00e4, ett\u00e4 salaisuuksien luonne ja tarve suojata niit\u00e4 olisi ehtinyt tuomion antamiseen menness\u00e4 muuttua olennaisesti toiseksi.<\/p>\n<p>EIT-valitusta harkitaan<\/p>\n<p class=\"aw-1gybjub aw-1p7kakr kEtdKx cEmitX yle__article__paragraph\">Sek\u00e4 Kalsta ett\u00e4 Yl\u00e4j\u00e4rvi kertovat olevansa pettyneit\u00e4 KKO:n ratkaisuun.<\/p>\n<p class=\"aw-1gybjub aw-1p7kakr kEtdKx cEmitX yle__article__paragraph\">\u2013 Olen yll\u00e4ttynyt siit\u00e4, ett\u00e4 t\u00e4t\u00e4 ei n\u00e4hty sellaisena periaatteellisena asiana, jolle valituslupa olisi annettu, Yl\u00e4j\u00e4rvi sanoo.<\/p>\n<p class=\"aw-1gybjub aw-1p7kakr kEtdKx cEmitX yle__article__paragraph\">Erityisen ongelmallisena Yl\u00e4j\u00e4rvi n\u00e4kee sen, ett\u00e4 toimittajat tuomittiin turvallisuussalaisuuden paljastamisen yrityksest\u00e4. T\u00e4h\u00e4n rikokseen toimittajat syyllistyiv\u00e4t hovioikeuden mukaan siksi, ett\u00e4 toimittajien aikomuksena oli julkaista aiheesta lis\u00e4\u00e4 juttuja ensimm\u00e4isen jutun j\u00e4lkeen.<\/p>\n<p class=\"aw-1gybjub aw-1p7kakr kEtdKx cEmitX yle__article__paragraph\">Yl\u00e4j\u00e4rven mukaan yhti\u00f6ss\u00e4 harkitaankin nyt valittamista Euroopan ihmisoikeustuomioistuimeen.<\/p>\n<p>Rikosoikeuden apulaisprofessori Tatu Hyttinen kommentoi Viestikoekeskus-tuomiota Ylen tv-uutisissa 1.7.2025<\/p>\n","protected":false},"excerpt":{"rendered":"Korkein oikeus hylk\u00e4si valituslupahakemukset Helsingin Sanomien viestikoekeskusjutussa. Valittamista EIT:hen harkitaan. Avaa kuvien katselu Juttu on ollut kahdeksan vuotta&hellip;\n","protected":false},"author":2,"featured_media":118363,"comment_status":"","ping_status":"","sticky":false,"template":"","format":"standard","meta":{"footnotes":""},"categories":[5],"tags":[22,23,26,27,33,31,30,17,46,71,24,25,28,29,15,18,21,581,32,19,20,16,21460],"class_list":{"0":"post-118362","1":"post","2":"type-post","3":"status-publish","4":"format-standard","5":"has-post-thumbnail","7":"category-otsikot","8":"tag-breaking-news","9":"tag-breakingnews","10":"tag-featured-news","11":"tag-featurednews","12":"tag-fi","13":"tag-finland","14":"tag-finnish","15":"tag-headlines","16":"tag-helsingin-sanomat","17":"tag-kotimaa","18":"tag-latest-news","19":"tag-latestnews","20":"tag-main-news","21":"tag-mainnews","22":"tag-news","23":"tag-otsikot","24":"tag-paauutiset","25":"tag-rikokset","26":"tag-suomi","27":"tag-top-stories","28":"tag-topstories","29":"tag-uutiset","30":"tag-viestikoekeskus"},"share_on_mastodon":{"url":"https:\/\/pubeurope.com\/@fi\/115732285142057929","error":""},"_links":{"self":[{"href":"https:\/\/www.europesays.com\/fi\/wp-json\/wp\/v2\/posts\/118362","targetHints":{"allow":["GET"]}}],"collection":[{"href":"https:\/\/www.europesays.com\/fi\/wp-json\/wp\/v2\/posts"}],"about":[{"href":"https:\/\/www.europesays.com\/fi\/wp-json\/wp\/v2\/types\/post"}],"author":[{"embeddable":true,"href":"https:\/\/www.europesays.com\/fi\/wp-json\/wp\/v2\/users\/2"}],"replies":[{"embeddable":true,"href":"https:\/\/www.europesays.com\/fi\/wp-json\/wp\/v2\/comments?post=118362"}],"version-history":[{"count":0,"href":"https:\/\/www.europesays.com\/fi\/wp-json\/wp\/v2\/posts\/118362\/revisions"}],"wp:featuredmedia":[{"embeddable":true,"href":"https:\/\/www.europesays.com\/fi\/wp-json\/wp\/v2\/media\/118363"}],"wp:attachment":[{"href":"https:\/\/www.europesays.com\/fi\/wp-json\/wp\/v2\/media?parent=118362"}],"wp:term":[{"taxonomy":"category","embeddable":true,"href":"https:\/\/www.europesays.com\/fi\/wp-json\/wp\/v2\/categories?post=118362"},{"taxonomy":"post_tag","embeddable":true,"href":"https:\/\/www.europesays.com\/fi\/wp-json\/wp\/v2\/tags?post=118362"}],"curies":[{"name":"wp","href":"https:\/\/api.w.org\/{rel}","templated":true}]}}