{"id":118364,"date":"2025-12-17T01:32:14","date_gmt":"2025-12-17T01:32:14","guid":{"rendered":"https:\/\/www.europesays.com\/fi\/118364\/"},"modified":"2025-12-17T01:32:14","modified_gmt":"2025-12-17T01:32:14","slug":"laulaja-ville-rannila-tukehtui-pahkinaan-ja-menetti-tajuntansa-fuengirolassa-puolison-nopea-toiminta-pelasti","status":"publish","type":"post","link":"https:\/\/www.europesays.com\/fi\/118364\/","title":{"rendered":"Laulaja Ville Rannila tukehtui p\u00e4hkin\u00e4\u00e4n ja menetti tajuntansa Fuengirolassa \u2013 puolison nopea toiminta pelasti"},"content":{"rendered":"<p class=\"has-drop-cap\"><strong>Ville Rannila<\/strong>, 46, on tanssiartisti, joka voitti vuonna 2019 Loistava laulaja -kisan. Sunnuntai-iltana laulaja joutui hengenvaaralliseen tapaturmaan Espanjan Aurinkorannikolla Fuengirolassa, miss\u00e4 h\u00e4n asuu perheens\u00e4 kanssa talvet.<\/p>\n<p>J\u00e4ms\u00e4l\u00e4istaustainen mies my\u00f6s esiintyy ja tanssittaa kansaa Aurinkorannikolla, minne h\u00e4n muutti avopuolisonsa <strong>Susanna Salmelinin<\/strong> ja nelj\u00e4n lapsensa kanssa  kev\u00e4\u00e4ll\u00e4 2021.<\/p>\n<p>Ville on esiintynyt kes\u00e4isin Suomessa lavoilla ja tanssipaikoilla, ja esimerkiksi jouluna 2022 h\u00e4n teki Joulun taikaa -konserttikiertueen tangokuningas <strong><a href=\"https:\/\/www.tanssiin.fi\/tag\/jaska-makynen\/\" title=\"jaska m\u00e4kynen\" rel=\"nofollow noopener\" target=\"_blank\">Jaska M\u00e4kysen<\/a><\/strong> ja Iskelm\u00e4Mestari 2025 <strong><a href=\"https:\/\/www.tanssiin.fi\/tag\/jukka-katajala\/\" title=\"jukka katajala\" rel=\"nofollow noopener\" target=\"_blank\">Jukka Katajalan<\/a><\/strong> kanssa.<\/p>\n<p>\u201dLaulaminen ja musiikki on ollut iso osa el\u00e4m\u00e4\u00e4ni lapsuudesta saakka. Haaveenani on aina ensisijaisesti ollut saada esiinty\u00e4 ja viihdytt\u00e4\u00e4 tanssivaa yleis\u00f6\u00e4\u201d, Rannila kuvailee itse\u00e4\u00e4n.<\/p>\n<p><strong>Katso<\/strong> Ville Rannilan tulkinta Souvarit-hitist\u00e4 Sininen huivi 2021:<\/p>\n<p>Avovaimo pelasti Villen hengen<\/p>\n<p>Rannila kertoo pelottavasta tukehtumisestaan julkisessa some-p\u00e4ivityksess\u00e4.<\/p>\n<p>\u201dEilinen ilta pys\u00e4ytti minut tavalla, jota en olisi ikin\u00e4 osannut odottaa\u201d, Ville kirjoitti Facebookissa.<\/p>\n<p>\u201dOlimme pelaamassa korttia, yst\u00e4viemme kanssa. S\u00f6in p\u00e4hkin\u00e4\u00e4, nauroin \u2013 ja seuraavassa hetkess\u00e4 en saanutkaan henke\u00e4. Tukehtuminen tuli t\u00e4ysin yll\u00e4tt\u00e4en. Paniikki, se tunne kun ilma ei kulje, ja sitten kaikki pimeni. Menetin tajuntani ja kaaduin suorin vartaloin keskelle keitti\u00f6n lattiaa.\u201d<\/p>\n<p>Ville alkoi jo sinert\u00e4\u00e4, mutta onneksi Villen avopuoliso\u00a0<strong>Susanna<\/strong>\u00a0<strong>Salmelin\u00a0<\/strong>pysyi rauhallisena ja pelasti miehens\u00e4 hengen.<\/p>\n<p>\u201dViime hetkill\u00e4 h\u00e4n sai kaivettua p\u00e4hkin\u00e4n palat kurkustani ennen kuin oli liian my\u00f6h\u00e4ist\u00e4. Se, miten l\u00e4hell\u00e4 kaikki oli, tuntuu edelleen vaikealta k\u00e4sitt\u00e4\u00e4.\u201d<\/p>\n<p><strong>Katso <\/strong>Ville Rannilan El\u00e4\u00e4 olen saanut 2021:<\/p>\n<p>\u201dP\u00e4\u00e4st\u00e4 tuli verta ja olo oli sekava\u201d<\/p>\n<p>Ville loukkasi itse\u00e4\u00e4n kaatuessaan. H\u00e4n l\u00f6i p\u00e4\u00e4ns\u00e4 ja kylkens\u00e4 pahoin.<\/p>\n<p>\u201dMutta siin\u00e4 hetkess\u00e4 t\u00e4rkeint\u00e4 oli vain se, ett\u00e4 hengitys palasi. Vasta my\u00f6hemmin ymm\u00e4rsin, ettei t\u00e4st\u00e4 selvi\u00e4isi kotona \u2013 edess\u00e4 oli l\u00e4ht\u00f6 sairaalaan\u201d, laulaja muisteli.<\/p>\n<p>\u201dOnneksi meid\u00e4n pienokaiset eiv\u00e4t n\u00e4hneet itse tapahtumaa. He huomasivat vasta sairaalaan l\u00e4htiess\u00e4, ett\u00e4 isk\u00e4ll\u00e4 ei ole nyt kaikki ok kun p\u00e4\u00e4st\u00e4 tuli verta ja olin muutenkin hieman sekava. Tottakai he s\u00e4ik\u00e4htiv\u00e4t, ja yritin parhaani mukaan rauhoitella heit\u00e4, vaikka kivut olivat sill\u00e4 hetkell\u00e4 kovat.\u201d<\/p>\n<p><strong>Katso<\/strong> Villen somessa julkaisema kuva:<\/p>\n<p><strong>Kuuntele<\/strong> Ville Rannilan singlejulkaisu Tartuit hiljaa 2021:<\/p>\n<p>\u201dSain uuden mahdollisuuden\u201d<\/p>\n<p>Sairaalassa Villen p\u00e4\u00e4 saatiin tikattua ja todettiin, ett\u00e4 toinen kylki oli saanut rajun osuman, mutta onneksi luita ei ollut mennyt poikki.<\/p>\n<p>\u201dEnsimm\u00e4inen ilta ja y\u00f6 meniv\u00e4t kovilla kipul\u00e4\u00e4kkeill\u00e4, ja nukkuminen onnistui vain sel\u00e4ll\u00e4\u00e4n\u201d, h\u00e4n kuvaili.<\/p>\n<p>\u201dT\u00e4m\u00e4 on suora muistutus: asiat voivat menn\u00e4 nollasta sataan hetkess\u00e4. Sy\u00f6k\u00e4\u00e4 rauhassa, olkaa tarkkana ja osatkaa toimia. Sekunnit ratkaisevat. Min\u00e4 sain uuden mahdollisuuden. Otan sen vastaan, toivun ja jatkan eteenp\u00e4in.\u201d<\/p>\n<p>Kirjoittanut:<br \/>\n<img loading=\"lazy\" data-lazyloaded=\"1\" width=\"512\" height=\"512\" decoding=\"async\" class=\"aioseo-author-image\" src=\"https:\/\/www.europesays.com\/fi\/wp-content\/uploads\/2025\/10\/cropped-tanssiin-logo.jpg\" alt=\"author avatar\"\/><\/p>\n<p>Tanssiin.fi<\/p>\n<p>\nTanssi- ja iskelm\u00e4musiikin uutiset asiantuntevasti.<\/p>\n<p><img loading=\"lazy\" decoding=\"async\" data-lazyloaded=\"1\" width=\"512\" height=\"512\" class=\"aioseo-author-bio-compact-image\" src=\"https:\/\/www.europesays.com\/fi\/wp-content\/uploads\/2025\/10\/cropped-tanssiin-logo.jpg\" alt=\"author avatar\"\/><br \/>\nTanssi- ja iskelm\u00e4musiikin uutiset asiantuntevasti.<\/p>\n<p>10%<br \/>\nIhana<\/p>\n<p>2%<br \/>\nHauska<\/p>\n<p>18%<br \/>\nVau<\/p>\n<p>65%<br \/>\nSurullinen<\/p>\n<p>5%<br \/>\nVihainen\n<\/p>\n<p>Post navigation<\/p>\n","protected":false},"excerpt":{"rendered":"Ville Rannila, 46, on tanssiartisti, joka voitti vuonna 2019 Loistava laulaja -kisan. Sunnuntai-iltana laulaja joutui hengenvaaralliseen tapaturmaan Espanjan&hellip;\n","protected":false},"author":2,"featured_media":118365,"comment_status":"","ping_status":"","sticky":false,"template":"","format":"standard","meta":{"footnotes":""},"categories":[136],"tags":[407,137,33,31,30,4676,408,21461,32,4049,4808,16,109,21462],"class_list":{"0":"post-118364","1":"post","2":"type-post","3":"status-publish","4":"format-standard","5":"has-post-thumbnail","7":"category-julkkikset","8":"tag-celebrities","9":"tag-entertainment","10":"tag-fi","11":"tag-finland","12":"tag-finnish","13":"tag-fuengirola","14":"tag-julkkikset","15":"tag-loistava-laulaja","16":"tag-suomi","17":"tag-tanssitahdet","18":"tag-tapaturma","19":"tag-uutiset","20":"tag-viihde","21":"tag-ville-rannila"},"share_on_mastodon":{"url":"https:\/\/pubeurope.com\/@fi\/115732332488772754","error":""},"_links":{"self":[{"href":"https:\/\/www.europesays.com\/fi\/wp-json\/wp\/v2\/posts\/118364","targetHints":{"allow":["GET"]}}],"collection":[{"href":"https:\/\/www.europesays.com\/fi\/wp-json\/wp\/v2\/posts"}],"about":[{"href":"https:\/\/www.europesays.com\/fi\/wp-json\/wp\/v2\/types\/post"}],"author":[{"embeddable":true,"href":"https:\/\/www.europesays.com\/fi\/wp-json\/wp\/v2\/users\/2"}],"replies":[{"embeddable":true,"href":"https:\/\/www.europesays.com\/fi\/wp-json\/wp\/v2\/comments?post=118364"}],"version-history":[{"count":0,"href":"https:\/\/www.europesays.com\/fi\/wp-json\/wp\/v2\/posts\/118364\/revisions"}],"wp:featuredmedia":[{"embeddable":true,"href":"https:\/\/www.europesays.com\/fi\/wp-json\/wp\/v2\/media\/118365"}],"wp:attachment":[{"href":"https:\/\/www.europesays.com\/fi\/wp-json\/wp\/v2\/media?parent=118364"}],"wp:term":[{"taxonomy":"category","embeddable":true,"href":"https:\/\/www.europesays.com\/fi\/wp-json\/wp\/v2\/categories?post=118364"},{"taxonomy":"post_tag","embeddable":true,"href":"https:\/\/www.europesays.com\/fi\/wp-json\/wp\/v2\/tags?post=118364"}],"curies":[{"name":"wp","href":"https:\/\/api.w.org\/{rel}","templated":true}]}}