{"id":118374,"date":"2025-12-17T01:45:19","date_gmt":"2025-12-17T01:45:19","guid":{"rendered":"https:\/\/www.europesays.com\/fi\/118374\/"},"modified":"2025-12-17T01:45:19","modified_gmt":"2025-12-17T01:45:19","slug":"lahjoitamme-vahavaraisille-perheille-ruokaa-hyva-joulumieli-kerayksella","status":"publish","type":"post","link":"https:\/\/www.europesays.com\/fi\/118374\/","title":{"rendered":"Lahjoitamme v\u00e4h\u00e4varaisille perheille ruokaa Hyv\u00e4 Joulumieli -ker\u00e4yksell\u00e4"},"content":{"rendered":"<p class=\"has-ingressi-font-size\">Hyv\u00e4 Joulumieli -ker\u00e4yksell\u00e4 annetaan v\u00e4h\u00e4varaisille lapsiperheille 70 euron lahjakortteja jouluruuan ostamiseen.<\/p>\n<p>SEL on lahjoittanut t\u00e4n\u00e4kin jouluna 2000 euroa <a href=\"https:\/\/hyvajoulumieli.fi\/\" target=\"_blank\" rel=\"noreferrer noopener nofollow\">Hyv\u00e4 Joulumieli -ker\u00e4ykseen<\/a>, joka jakaa v\u00e4h\u00e4varaisille lapsiperheille 70 euron lahjakortteja, joilla perheet voivat ostaa ruokaa joulup\u00f6yt\u00e4\u00e4ns\u00e4. T\u00e4m\u00e4n vuoden ker\u00e4ystavoite on 1,2 miljoonaa euroa, jonka avulla saadaan jaettua 70 euron ruokalahjakortteja 18 000 perheelle Suomessa.<\/p>\n<p>V\u00e4h\u00e4varaisten lapsiperheiden ahdinko on syventynyt, ja perusasioistakin kuten ruuasta ja vaatteista on pulaa. Suomessa on jo yli 150 000 v\u00e4h\u00e4varaisessa perheess\u00e4 el\u00e4v\u00e4\u00e4 lasta. Sosiaali- ja terveysministeri\u00f6n arvion mukaan sosiaaliturvan leikkaukset lis\u00e4\u00e4v\u00e4t k\u00f6yhyysrajan alapuolelle tippuvien lasten m\u00e4\u00e4r\u00e4\u00e4 31 000:lla t\u00e4n\u00e4 vuonna.<\/p>\n<p>Hyv\u00e4 Joulumieli -ker\u00e4ys j\u00e4rjestet\u00e4\u00e4n nyt jo 29. kerran. Vuosien aikana v\u00e4h\u00e4varaisille lapsiperheille on jaettu yli 400 000 lahjakorttia. Ker\u00e4yksen j\u00e4rjest\u00e4v\u00e4t Suomen Punainen Risti ja Mannerheimin Lastensuojeluliitto. Ker\u00e4ys on k\u00e4ynniss\u00e4 24.12.2025 asti, mutta ker\u00e4ykseen voi lahjoittaa rahaa ymp\u00e4ri vuoden.<\/p>\n<p>Voit osallistua Hyv\u00e4 Joulumieli -ker\u00e4ykseen osoitteessa <a href=\"http:\/\/www.hyvajoulumieli.fi\" target=\"_blank\" rel=\"noreferrer noopener nofollow\">www.hyvajoulumieli.fi<\/a>.<\/p>\n<p>Kuvassa oleva SEL:n j\u00e4rjest\u00f6toimitsija Chau Nguyen ja koko SEL:n henkil\u00f6st\u00f6 toivottavat rauhallista joulunaikaa ja hyv\u00e4\u00e4 uutta vuotta 2026 SEL:n j\u00e4senille ja yhteisty\u00f6kumppaneille!<\/p>\n","protected":false},"excerpt":{"rendered":"Hyv\u00e4 Joulumieli -ker\u00e4yksell\u00e4 annetaan v\u00e4h\u00e4varaisille lapsiperheille 70 euron lahjakortteja jouluruuan ostamiseen. SEL on lahjoittanut t\u00e4n\u00e4kin jouluna 2000 euroa&hellip;\n","protected":false},"author":2,"featured_media":118375,"comment_status":"","ping_status":"","sticky":false,"template":"","format":"standard","meta":{"footnotes":""},"categories":[12],"tags":[22,23,26,27,33,31,30,17,24,25,28,29,15,18,21,32,19,20,16],"class_list":{"0":"post-118374","1":"post","2":"type-post","3":"status-publish","4":"format-standard","5":"has-post-thumbnail","7":"category-suomi","8":"tag-breaking-news","9":"tag-breakingnews","10":"tag-featured-news","11":"tag-featurednews","12":"tag-fi","13":"tag-finland","14":"tag-finnish","15":"tag-headlines","16":"tag-latest-news","17":"tag-latestnews","18":"tag-main-news","19":"tag-mainnews","20":"tag-news","21":"tag-otsikot","22":"tag-paauutiset","23":"tag-suomi","24":"tag-top-stories","25":"tag-topstories","26":"tag-uutiset"},"share_on_mastodon":{"url":"https:\/\/pubeurope.com\/@fi\/115732383270938117","error":""},"_links":{"self":[{"href":"https:\/\/www.europesays.com\/fi\/wp-json\/wp\/v2\/posts\/118374","targetHints":{"allow":["GET"]}}],"collection":[{"href":"https:\/\/www.europesays.com\/fi\/wp-json\/wp\/v2\/posts"}],"about":[{"href":"https:\/\/www.europesays.com\/fi\/wp-json\/wp\/v2\/types\/post"}],"author":[{"embeddable":true,"href":"https:\/\/www.europesays.com\/fi\/wp-json\/wp\/v2\/users\/2"}],"replies":[{"embeddable":true,"href":"https:\/\/www.europesays.com\/fi\/wp-json\/wp\/v2\/comments?post=118374"}],"version-history":[{"count":0,"href":"https:\/\/www.europesays.com\/fi\/wp-json\/wp\/v2\/posts\/118374\/revisions"}],"wp:featuredmedia":[{"embeddable":true,"href":"https:\/\/www.europesays.com\/fi\/wp-json\/wp\/v2\/media\/118375"}],"wp:attachment":[{"href":"https:\/\/www.europesays.com\/fi\/wp-json\/wp\/v2\/media?parent=118374"}],"wp:term":[{"taxonomy":"category","embeddable":true,"href":"https:\/\/www.europesays.com\/fi\/wp-json\/wp\/v2\/categories?post=118374"},{"taxonomy":"post_tag","embeddable":true,"href":"https:\/\/www.europesays.com\/fi\/wp-json\/wp\/v2\/tags?post=118374"}],"curies":[{"name":"wp","href":"https:\/\/api.w.org\/{rel}","templated":true}]}}