{"id":118382,"date":"2025-12-17T02:06:11","date_gmt":"2025-12-17T02:06:11","guid":{"rendered":"https:\/\/www.europesays.com\/fi\/118382\/"},"modified":"2025-12-17T02:06:11","modified_gmt":"2025-12-17T02:06:11","slug":"the-day-festival-julkisti-ensi-kesan-esiintyjiaan-kotkan-kantasatamaan-saadaan-jalleen-kovia-nimia-paikalliset","status":"publish","type":"post","link":"https:\/\/www.europesays.com\/fi\/118382\/","title":{"rendered":"The Day Festival julkisti ensi kes\u00e4n esiintyji\u00e4\u00e4n \u2013\u2009Kotkan Kantasatamaan saadaan j\u00e4lleen kovia nimi\u00e4 | Paikalliset"},"content":{"rendered":"<p>The Day Festival on julkaissut ensimm\u00e4iset artistikiinnitykset Kotkan Kantasatamassa 10.\u201311. hein\u00e4kuuta j\u00e4rjestett\u00e4v\u00e4\u00e4n festivaaliin. Festivaalin lavalla n\u00e4hd\u00e4\u00e4n Ibe, Lauri Haav, JVG, Viivi, Averagekidluke, Melo, Tohtori Getto ja Ellimei.<\/p>\n<p>\u2013\u2009L\u00e4hdimme liikkeelle isoilla nimill\u00e4, toteaa <strong>Matias Mykk\u00e4nen<\/strong> festivaalin taustalla toimivasta The Day Events -yrityksest\u00e4.<\/p>\n<p>H\u00e4n nostaa artistilistalta esiin erityisesti Iben, Lauri Haavin ja JVG:n ja lupaa, ett\u00e4 isoja nimi\u00e4 julkistetaan my\u00f6s my\u00f6hemmin.<\/p>\n<p>\u2013\u2009Mukana on Suomen kuunnelluimpia b\u00e4ndej\u00e4 ja artisteja, lis\u00e4\u00e4 yhti\u00f6kumppani<strong> Santeri Bremer<\/strong>.<\/p>\n<p>H\u00e4n arvioi, ett\u00e4 festivaalilla n\u00e4hd\u00e4\u00e4n noin parisenkymment\u00e4 artistia, mik\u00e4 on koettu sopivaksi.<\/p>\n<p>\u2013\u2009Viime vuonna huomattiin, ett\u00e4 m\u00e4\u00e4r\u00e4 on sopiva.<\/p>\n<p>\u2013\u2009Siihen hujakoille t\u00e4hd\u00e4t\u00e4\u00e4n, Bremer komppaa.<\/p>\n<p>Tosiasia on my\u00f6s se, ett\u00e4 esiintyj\u00e4m\u00e4\u00e4r\u00e4n kasvattaminen tarkoittaisi festivaalin laajenemista kolmip\u00e4iv\u00e4iseksi.<\/p>\n<p>Seuraavat artistijulkistukset tehd\u00e4\u00e4n vuoden 2026 alkupuolella ja loput kev\u00e4\u00e4n aikana.<\/p>\n<p>T\u00e4n\u00e4 vuonna kuudetta kertaa j\u00e4rjestett\u00e4v\u00e4 musiikkifestivaali irrottautuu t\u00e4ysin Kotkan Merip\u00e4ivist\u00e4 ja muodostaa oman kokonaisuutensa.<\/p>\n<p>J\u00e4rjest\u00e4j\u00e4t kertovat kotisivuillaan, ett\u00e4 tapahtumassa n\u00e4hd\u00e4\u00e4n suurempi kahden lavan tuotanto kuin koskaan aiemmin.<\/p>\n","protected":false},"excerpt":{"rendered":"The Day Festival on julkaissut ensimm\u00e4iset artistikiinnitykset Kotkan Kantasatamassa 10.\u201311. hein\u00e4kuuta j\u00e4rjestett\u00e4v\u00e4\u00e4n festivaaliin. Festivaalin lavalla n\u00e4hd\u00e4\u00e4n Ibe, Lauri&hellip;\n","protected":false},"author":2,"featured_media":118383,"comment_status":"","ping_status":"","sticky":false,"template":"","format":"standard","meta":{"footnotes":""},"categories":[130],"tags":[138,137,33,31,30,108,763,47,141,32,397,109],"class_list":{"0":"post-118382","1":"post","2":"type-post","3":"status-publish","4":"format-standard","5":"has-post-thumbnail","7":"category-viihde","8":"tag-audio","9":"tag-entertainment","10":"tag-fi","11":"tag-finland","12":"tag-finnish","13":"tag-kulttuuri","14":"tag-kulttuuri-ja-viihde","15":"tag-musiikki","16":"tag-muusikot-bandit","17":"tag-suomi","18":"tag-taide","19":"tag-viihde"},"share_on_mastodon":{"url":"https:\/\/pubeurope.com\/@fi\/115732465824993286","error":""},"_links":{"self":[{"href":"https:\/\/www.europesays.com\/fi\/wp-json\/wp\/v2\/posts\/118382","targetHints":{"allow":["GET"]}}],"collection":[{"href":"https:\/\/www.europesays.com\/fi\/wp-json\/wp\/v2\/posts"}],"about":[{"href":"https:\/\/www.europesays.com\/fi\/wp-json\/wp\/v2\/types\/post"}],"author":[{"embeddable":true,"href":"https:\/\/www.europesays.com\/fi\/wp-json\/wp\/v2\/users\/2"}],"replies":[{"embeddable":true,"href":"https:\/\/www.europesays.com\/fi\/wp-json\/wp\/v2\/comments?post=118382"}],"version-history":[{"count":0,"href":"https:\/\/www.europesays.com\/fi\/wp-json\/wp\/v2\/posts\/118382\/revisions"}],"wp:featuredmedia":[{"embeddable":true,"href":"https:\/\/www.europesays.com\/fi\/wp-json\/wp\/v2\/media\/118383"}],"wp:attachment":[{"href":"https:\/\/www.europesays.com\/fi\/wp-json\/wp\/v2\/media?parent=118382"}],"wp:term":[{"taxonomy":"category","embeddable":true,"href":"https:\/\/www.europesays.com\/fi\/wp-json\/wp\/v2\/categories?post=118382"},{"taxonomy":"post_tag","embeddable":true,"href":"https:\/\/www.europesays.com\/fi\/wp-json\/wp\/v2\/tags?post=118382"}],"curies":[{"name":"wp","href":"https:\/\/api.w.org\/{rel}","templated":true}]}}