{"id":118386,"date":"2025-12-17T02:10:08","date_gmt":"2025-12-17T02:10:08","guid":{"rendered":"https:\/\/www.europesays.com\/fi\/118386\/"},"modified":"2025-12-17T02:10:08","modified_gmt":"2025-12-17T02:10:08","slug":"trump-venezuelasta-kulkevia-sailiolaivoja-pantu-saartoon","status":"publish","type":"post","link":"https:\/\/www.europesays.com\/fi\/118386\/","title":{"rendered":"Trump: Venezuelasta kulkevia s\u00e4ili\u00f6laivoja pantu saartoon"},"content":{"rendered":"<p>Yhdysvallat|Presidentti ilmoitti my\u00f6s, ett\u00e4 Venezuelan hallinto on m\u00e4\u00e4ritelty terroristij\u00e4rjest\u00f6ksi.<\/p>\n<p>Lue tiivistelm\u00e4<\/p>\n<p>Tiivistelm\u00e4 on teko\u00e4lyn tekem\u00e4 ja ihmisen tarkistama.<\/p>\n<p class=\"article-body mb-nof-24 px-nof-16 sndp-summary-bullet-point-font\">Yhdysvaltojen presidentti Donald Trump ilmoitti, ett\u00e4 Venezuelasta tulevat ja sinne menev\u00e4t pakotteiden alaiset s\u00e4ili\u00f6laivat on pantu saartoon.<\/p>\n<p class=\"article-body mb-nof-24 px-nof-16 sndp-summary-bullet-point-font\">Trump m\u00e4\u00e4ritteli Venezuelan hallinnon ulkomaiseksi terroristij\u00e4rjest\u00f6ksi ja sanoi yhdysvaltalaisen asevoiman m\u00e4\u00e4r\u00e4n kasvavan Venezuelan l\u00e4hialueilla.<\/p>\n<p class=\"article-body mb-nof-24 px-nof-16 sndp-summary-bullet-point-font\">Viime viikolla Yhdysvallat otti voimakeinoin haltuunsa yhden suuren s\u00e4ili\u00f6laivan Venezuelan edustalla.<\/p>\n<p class=\"article-body mb-nof-24 px-nof-16\">Yhdysvaltojen presidentti <a class=\"article-personlink\" href=\"https:\/\/www.hs.fi\/haku\/?query=Donald%20Trump\" rel=\"nofollow noopener\" target=\"_blank\">Donald Trump<\/a> on ilmoittanut, ett\u00e4 Venezuelasta tulevat ja sinne menev\u00e4t pakotteiden alaiset s\u00e4ili\u00f6laivat on pantu \u201dtotaaliseen ja t\u00e4ydelliseen saartoon\u201d.<\/p>\n<p class=\"article-body mb-nof-24 px-nof-16\">H\u00e4n kertoi asiasta <a class=\"article-genericlink\" href=\"https:\/\/truthsocial.com\/@realDonaldTrump\/posts\/115731908387416458\" rel=\"nofollow noopener\" target=\"_blank\">Truth Social -viestipalvelussa<\/a> varhain keskiviikkona Suomen aikaa. Trumpin viestin poikkeuksellisen k\u00e4rjekk\u00e4\u00e4t sanamuodot todenn\u00e4k\u00f6isesti kirist\u00e4v\u00e4t Venezuelan ja Yhdysvaltojen j\u00e4nnitteist\u00e4 suhdetta entisest\u00e4\u00e4n.<\/p>\n<p class=\"article-body mb-nof-24 px-nof-16\">Trump ilmoitti my\u00f6s, ett\u00e4 Venezuelan hallinto on m\u00e4\u00e4ritelty ulkomaiseksi terroristij\u00e4rjest\u00f6ksi. T\u00e4m\u00e4 on h\u00e4nen mukaansa syy sille, ett\u00e4 s\u00e4ili\u00f6laivat on pantu saartoon.<\/p>\n<p class=\"article-body mb-nof-24 px-nof-16\">Trump mainitsi viestiss\u00e4\u00e4n my\u00f6s, ett\u00e4 Venezuelan l\u00e4hialueilla oleva yhdysvaltalaisen asevoiman m\u00e4\u00e4r\u00e4 tulee kasvamaan, \u201dkunnes he palauttavat Yhdysvaltoihin kaiken \u00f6ljyn, maan ja muun varallisuuden, jotka he aiemmin varastivat meilt\u00e4\u201d.<\/p>\n<p class=\"article-body mb-nof-24 px-nof-16\">Presidentti ei m\u00e4\u00e4ritellyt, mit\u00e4 maa-alueita Yhdysvallat on mahdollisesti vaatimassa Venezuelalta.<\/p>\n<p class=\"article-body mb-nof-24 px-nof-16\">H\u00e4n ei my\u00f6sk\u00e4\u00e4n tarkemmin kuvaillut, mit\u00e4 s\u00e4ili\u00f6alusten saarto k\u00e4yt\u00e4nn\u00f6ss\u00e4 tarkoittaa tai kuinka suurta osaa venezuelalaista \u00f6ljy\u00e4 kuljettavista laivoista se koskee.<\/p>\n<p class=\"article-body mb-nof-24 px-nof-16\">Viime viikolla Yhdysvallat otti voimakeinoin haltuunsa yhden suuren s\u00e4ili\u00f6laivan Venezuelan edustalla. Alus oli raaka\u00f6ljylastissa.<\/p>\n<p class=\"article-body mb-nof-24 px-nof-16\">Venezuelalla on maailman suurimmat tiedossa olevat \u00f6ljyvarat, ja \u00f6ljy on sen t\u00e4rkein vientituote. Viimeviikkoisen s\u00e4ili\u00f6laivan kaappauksen j\u00e4lkeen on ollut voimassa k\u00e4yt\u00e4nn\u00f6ss\u00e4 kauppasaarto, kertoo uutistoimisto Reuters. \u00d6ljy\u00e4 kuljettavien laivojen omistajat eiv\u00e4t ole halunneet ottaa riski\u00e4 laivan tai sen lastin takavarikosta.<\/p>\n<p class=\"article-body mb-nof-24 px-nof-16\">Venezuelasta \u00f6ljy\u00e4 vievist\u00e4 laivoista ja niiden varustamoista monille on m\u00e4\u00e4r\u00e4tty Yhdysvaltojen pakotteita, mutta ei kaikille. Esimerkiksi yhdysvaltalainen Chevron-yhti\u00f6 kuljettaa venezuelalaista \u00f6ljy\u00e4 omilla laivoillaan, kertoo Reuters.<\/p>\n<p class=\"article-body mb-nof-24 px-nof-16\">Trump on syytt\u00e4nyt Venezuelaa siit\u00e4, ett\u00e4 se myy huumausaineita Yhdysvaltoihin. Yhdysvallat on syksyn mittaan tuhonnut sotilaallisilla iskuilla useita kansainv\u00e4lisill\u00e4 merialueilla kulkevia aluksia, joiden se on v\u00e4itt\u00e4nyt kuljettavan huumeita Yhdysvaltoihin.<\/p>\n<p class=\"article-body mb-nof-24 px-nof-16\">Yhdysvallat on viime kuukausien kuluessa siirt\u00e4nyt etel\u00e4iselle Karibianmerelle l\u00e4helle Venezuelaa kymmenkunta sota-alusta ja tuhansia sotilaita. Mukana on esimerkiksi lentotukialus.<\/p>\n<p class=\"article-body mb-nof-24 px-nof-16\">Venezuelan presidentti <a class=\"article-personlink\" href=\"https:\/\/www.hs.fi\/haku\/?query=Nicol%C3%A1s%20Maduro\" rel=\"nofollow noopener\" target=\"_blank\">Nicol\u00e1s Maduro<\/a> on v\u00e4itt\u00e4nyt, ett\u00e4 Yhdysvaltojen tarkoituksena on sy\u00f6st\u00e4 h\u00e4net vallasta.<\/p>\n","protected":false},"excerpt":{"rendered":"Yhdysvallat|Presidentti ilmoitti my\u00f6s, ett\u00e4 Venezuelan hallinto on m\u00e4\u00e4ritelty terroristij\u00e4rjest\u00f6ksi. Lue tiivistelm\u00e4 Tiivistelm\u00e4 on teko\u00e4lyn tekem\u00e4 ja ihmisen tarkistama.&hellip;\n","protected":false},"author":2,"featured_media":118387,"comment_status":"","ping_status":"","sticky":false,"template":"","format":"standard","meta":{"footnotes":""},"categories":[14],"tags":[22,23,26,27,33,31,30,17,46,24,25,28,29,15,18,21,32,19,20,56,16,59,60,61],"class_list":{"0":"post-118386","1":"post","2":"type-post","3":"status-publish","4":"format-standard","5":"has-post-thumbnail","7":"category-ulkomaat","8":"tag-breaking-news","9":"tag-breakingnews","10":"tag-featured-news","11":"tag-featurednews","12":"tag-fi","13":"tag-finland","14":"tag-finnish","15":"tag-headlines","16":"tag-helsingin-sanomat","17":"tag-latest-news","18":"tag-latestnews","19":"tag-main-news","20":"tag-mainnews","21":"tag-news","22":"tag-otsikot","23":"tag-paauutiset","24":"tag-suomi","25":"tag-top-stories","26":"tag-topstories","27":"tag-ulkomaat","28":"tag-uutiset","29":"tag-world","30":"tag-world-news","31":"tag-worldnews"},"share_on_mastodon":{"url":"https:\/\/pubeurope.com\/@fi\/115732481537602607","error":""},"_links":{"self":[{"href":"https:\/\/www.europesays.com\/fi\/wp-json\/wp\/v2\/posts\/118386","targetHints":{"allow":["GET"]}}],"collection":[{"href":"https:\/\/www.europesays.com\/fi\/wp-json\/wp\/v2\/posts"}],"about":[{"href":"https:\/\/www.europesays.com\/fi\/wp-json\/wp\/v2\/types\/post"}],"author":[{"embeddable":true,"href":"https:\/\/www.europesays.com\/fi\/wp-json\/wp\/v2\/users\/2"}],"replies":[{"embeddable":true,"href":"https:\/\/www.europesays.com\/fi\/wp-json\/wp\/v2\/comments?post=118386"}],"version-history":[{"count":0,"href":"https:\/\/www.europesays.com\/fi\/wp-json\/wp\/v2\/posts\/118386\/revisions"}],"wp:featuredmedia":[{"embeddable":true,"href":"https:\/\/www.europesays.com\/fi\/wp-json\/wp\/v2\/media\/118387"}],"wp:attachment":[{"href":"https:\/\/www.europesays.com\/fi\/wp-json\/wp\/v2\/media?parent=118386"}],"wp:term":[{"taxonomy":"category","embeddable":true,"href":"https:\/\/www.europesays.com\/fi\/wp-json\/wp\/v2\/categories?post=118386"},{"taxonomy":"post_tag","embeddable":true,"href":"https:\/\/www.europesays.com\/fi\/wp-json\/wp\/v2\/tags?post=118386"}],"curies":[{"name":"wp","href":"https:\/\/api.w.org\/{rel}","templated":true}]}}