{"id":118388,"date":"2025-12-17T02:11:14","date_gmt":"2025-12-17T02:11:14","guid":{"rendered":"https:\/\/www.europesays.com\/fi\/118388\/"},"modified":"2025-12-17T02:11:14","modified_gmt":"2025-12-17T02:11:14","slug":"valtorin-ex-toimitusjohtajalle-sakkoa-virkarikoksesta-kotimaa","status":"publish","type":"post","link":"https:\/\/www.europesays.com\/fi\/118388\/","title":{"rendered":"Valtorin ex-toimitusjohtajalle sakkoa virkarikoksesta | Kotimaa"},"content":{"rendered":"<p class=\"aw-1gybjub aw-5vja16 kEtdKx kmuxyA yle__article__paragraph\">K\u00e4r\u00e4j\u00e4oikeus katsoi Valtorin entisen toimitusjohtajan Tero Latvakankaan olleen esteellinen l\u00e4heisens\u00e4 ty\u00f6vapaan k\u00e4sittelyss\u00e4.<\/p>\n<p><img decoding=\"async\" alt=\"Mies istuu p\u00f6yd\u00e4n \u00e4\u00e4ress\u00e4.\" src=\"https:\/\/www.europesays.com\/fi\/wp-content\/uploads\/2025\/12\/39-156720169393cf6eb53a.jpeg\" class=\"aw-1l9m598 hKVVvP\"\/><\/p>\n<p>Avaa kuvien katselu<\/p>\n<p>Valtorin entinen toimitusjohtaja Tero Latvakangas Helsingin k\u00e4r\u00e4j\u00e4oikeudessa 10. joulukuuta. Kuva: Markku Ulander \/ Lehtikuva<\/p>\n<p class=\"aw-1gybjub aw-1p7kakr kEtdKx cEmitX yle__article__paragraph\">Helsingin k\u00e4r\u00e4j\u00e4oikeus on tuominnut Valtion tieto- ja viestint\u00e4tekniikkakeskus Valtorin entisen toimitusjohtajan <strong class=\"aw-ak79eh KyCXm yle__article__strong\">Tero Latvakankaan<\/strong> virkarikoksesta.<\/p>\n<p class=\"aw-1gybjub aw-1p7kakr kEtdKx cEmitX yle__article__paragraph\">Oikeus m\u00e4\u00e4r\u00e4si rangaistukseksi 20 p\u00e4iv\u00e4sakkoa.<\/p>\n<p class=\"aw-1gybjub aw-1p7kakr kEtdKx cEmitX yle__article__paragraph\">Syytt\u00e4j\u00e4 katsoi, ett\u00e4 Latvakangas oli esteellisen\u00e4 osallistunut Valtorissa ty\u00f6skennelleen l\u00e4heisens\u00e4 harkinnanvaraista ty\u00f6vapaata koskevan asian k\u00e4sittelyyn.<\/p>\n<p class=\"aw-1gybjub aw-1p7kakr kEtdKx cEmitX yle__article__paragraph\">Oikeuden mukaan Latvakankaan l\u00e4heinen oli kysynyt t\u00e4lt\u00e4, kuuluuko h\u00e4nelle sama virkavapaa, jonka muutkin olivat saaneet. Latvakangas oli vastannut my\u00f6nt\u00e4v\u00e4sti.<\/p>\n<p class=\"aw-1gybjub aw-1p7kakr kEtdKx cEmitX yle__article__paragraph\">T\u00e4m\u00e4n j\u00e4lkeen Latvakankaan l\u00e4heinen oli ollut yhteydess\u00e4 esimieheens\u00e4 ja maininnut keskustelleensa ty\u00f6vapaasta Latvakankaan kanssa. Esimiehelle oli syntynyt t\u00e4ss\u00e4 yhteydess\u00e4 k\u00e4sitys, ett\u00e4 Latvakangas olisi tehnyt p\u00e4\u00e4t\u00f6ksen ty\u00f6vapaasta.<\/p>\n<p class=\"aw-1gybjub aw-1p7kakr kEtdKx cEmitX yle__article__paragraph\">Virallisesti ty\u00f6vapaan hyv\u00e4ksyi l\u00e4heisen esimies. H\u00e4n ty\u00f6skenteli Latvakankaan alaisena.<\/p>\n<p class=\"aw-1gybjub aw-1p7kakr kEtdKx cEmitX yle__article__paragraph\">K\u00e4r\u00e4j\u00e4oikeus katsoi, ett\u00e4 ty\u00f6vapaan my\u00f6nt\u00e4minen on ollut Valtorissa vakiintunut k\u00e4yt\u00e4nt\u00f6, mutta Latvakankaan menettely on kuitenkin voinut vaikuttaa h\u00e4nen l\u00e4heisens\u00e4 esimiehen mahdollisuuteen harkita vapaasti ty\u00f6vapauden my\u00f6nt\u00e4mist\u00e4.<\/p>\n<p class=\"aw-1gybjub aw-1p7kakr kEtdKx cEmitX yle__article__paragraph\">N\u00e4in ollen Latvakankaan katsottiin syyllistyneen virkavelvollisuuden rikkomiseen.<\/p>\n<p class=\"aw-1gybjub aw-1p7kakr kEtdKx cEmitX yle__article__paragraph\">Latvakangas kiisti syyllistyneens\u00e4 virkavelvollisuuden rikkomiseen. H\u00e4n katsoi syyllistyneens\u00e4 korkeintaan tuottamukselliseen virkavelvollisuuden rikkomiseen.<\/p>\n<p class=\"aw-1gybjub aw-1p7kakr kEtdKx cEmitX yle__article__paragraph\">Tuomio ei ole lainvoimainen, vaan siihen voi hakea muutosta valittamalla.<\/p>\n<p>Irtisanoutui teht\u00e4v\u00e4st\u00e4\u00e4n<\/p>\n<p class=\"aw-1gybjub aw-1p7kakr kEtdKx cEmitX yle__article__paragraph\">Latvakangas aloitti Valtorin toimitusjohtajana toukokuussa 2021.<\/p>\n<p class=\"aw-1gybjub aw-1p7kakr kEtdKx cEmitX yle__article__paragraph\">Valtiovarainministeri\u00f6 teki Helsingin poliisille tutkintapyynn\u00f6n Latvakankaan ep\u00e4illyst\u00e4 esteellisyydest\u00e4 kes\u00e4kuussa 2022. Ministeri\u00f6 oli saanut helmikuussa 2022 hallintokantelun asiasta.<\/p>\n<p class=\"aw-1gybjub aw-1p7kakr kEtdKx cEmitX yle__article__paragraph\">Latvakangas <a class=\"aw-iao6s4 iHOxEa yle__article__link\" href=\"https:\/\/yle.fi\/a\/3-12502715\" role=\"link\" rel=\"nofollow noopener\" target=\"_blank\">irtisanoutui teht\u00e4v\u00e4st\u00e4\u00e4n<\/a> pian tutkintapyynn\u00f6n tekemisen j\u00e4lkeen.<\/p>\n","protected":false},"excerpt":{"rendered":"K\u00e4r\u00e4j\u00e4oikeus katsoi Valtorin entisen toimitusjohtajan Tero Latvakankaan olleen esteellinen l\u00e4heisens\u00e4 ty\u00f6vapaan k\u00e4sittelyss\u00e4. Avaa kuvien katselu Valtorin entinen toimitusjohtaja&hellip;\n","protected":false},"author":2,"featured_media":118389,"comment_status":"","ping_status":"","sticky":false,"template":"","format":"standard","meta":{"footnotes":""},"categories":[12],"tags":[22,23,26,27,33,31,30,17,5990,104,12523,71,24,25,28,29,15,2098,1915,18,21,1726,581,32,19,20,1168,16,21463,21464,14688],"class_list":{"0":"post-118388","1":"post","2":"type-post","3":"status-publish","4":"format-standard","5":"has-post-thumbnail","7":"category-suomi","8":"tag-breaking-news","9":"tag-breakingnews","10":"tag-featured-news","11":"tag-featurednews","12":"tag-fi","13":"tag-finland","14":"tag-finnish","15":"tag-headlines","16":"tag-helsingin-karajaoikeus","17":"tag-helsinki","18":"tag-karajaoikeudet","19":"tag-kotimaa","20":"tag-latest-news","21":"tag-latestnews","22":"tag-main-news","23":"tag-mainnews","24":"tag-news","25":"tag-oikeudenkaynnit","26":"tag-oikeus","27":"tag-otsikot","28":"tag-paauutiset","29":"tag-rangaistukset","30":"tag-rikokset","31":"tag-suomi","32":"tag-top-stories","33":"tag-topstories","34":"tag-uusimaa","35":"tag-uutiset","36":"tag-valtion-tieto-ja-viestintatekniikkakeskus-valtori","37":"tag-virkamiesoikeus","38":"tag-virkavelvollisuus"},"share_on_mastodon":{"url":"https:\/\/pubeurope.com\/@fi\/115732485683605643","error":""},"_links":{"self":[{"href":"https:\/\/www.europesays.com\/fi\/wp-json\/wp\/v2\/posts\/118388","targetHints":{"allow":["GET"]}}],"collection":[{"href":"https:\/\/www.europesays.com\/fi\/wp-json\/wp\/v2\/posts"}],"about":[{"href":"https:\/\/www.europesays.com\/fi\/wp-json\/wp\/v2\/types\/post"}],"author":[{"embeddable":true,"href":"https:\/\/www.europesays.com\/fi\/wp-json\/wp\/v2\/users\/2"}],"replies":[{"embeddable":true,"href":"https:\/\/www.europesays.com\/fi\/wp-json\/wp\/v2\/comments?post=118388"}],"version-history":[{"count":0,"href":"https:\/\/www.europesays.com\/fi\/wp-json\/wp\/v2\/posts\/118388\/revisions"}],"wp:featuredmedia":[{"embeddable":true,"href":"https:\/\/www.europesays.com\/fi\/wp-json\/wp\/v2\/media\/118389"}],"wp:attachment":[{"href":"https:\/\/www.europesays.com\/fi\/wp-json\/wp\/v2\/media?parent=118388"}],"wp:term":[{"taxonomy":"category","embeddable":true,"href":"https:\/\/www.europesays.com\/fi\/wp-json\/wp\/v2\/categories?post=118388"},{"taxonomy":"post_tag","embeddable":true,"href":"https:\/\/www.europesays.com\/fi\/wp-json\/wp\/v2\/tags?post=118388"}],"curies":[{"name":"wp","href":"https:\/\/api.w.org\/{rel}","templated":true}]}}