{"id":118390,"date":"2025-12-17T02:12:10","date_gmt":"2025-12-17T02:12:10","guid":{"rendered":"https:\/\/www.europesays.com\/fi\/118390\/"},"modified":"2025-12-17T02:12:10","modified_gmt":"2025-12-17T02:12:10","slug":"suomen-ruokastrategia-vuodelle-2040-mtv-uutiset","status":"publish","type":"post","link":"https:\/\/www.europesays.com\/fi\/118390\/","title":{"rendered":"Suomen ruokastrategia vuodelle 2040 | MTV Uutiset"},"content":{"rendered":"<p><strong class=\"typography-bold\">Tavoitteena on muun muassa, ett\u00e4 Suomen ruokaj\u00e4rjestelm\u00e4 on vuonna 2040 huoltovarma kest\u00e4en iskut sek\u00e4 sopeutuen ilmastonmuutoksen vaikutuksiin.<\/strong><\/p>\n<p>Suomesta kaavaillaan kest\u00e4v\u00e4n ruuantuotannon ja ruokateknologian edell\u00e4k\u00e4vij\u00e4\u00e4. Esimerkiksi suomalaisen ruoan viennin arvon tavoitellaan kasvavan jopa kolminkertaiseksi nykyiseen verrattuna, kerrotaan maa- ja mets\u00e4talousministeri\u00f6n tiistaina julkaisemassa ruokastrategiassa.<\/p>\n<p>Kasvu perustuu laadukkaisiin raaka-aineisiin, erityisesti kasvipohjaisten ja terveellisten elintarvikkeiden jalostusasteen nostamiseen, strategiassa lukee.\u00a0<\/p>\n<p>Strategia asettaa Suomen ruokatuotannolle tavoitteita vuoteen 2040 asti. Suomesta tavoitellaan johtavaa ruokaj\u00e4rjestelmien kehitt\u00e4j\u00e4\u00e4 ja uudistajaa.<\/p>\n<p>Strategialla pyrit\u00e4\u00e4n varautumaan sek\u00e4 nykyajan ett\u00e4 tulevaisuuden haasteisiin, kuten ilmastonmuutokseen, geopoliittiseen ep\u00e4vakauteen sek\u00e4 teknologisiin murroksiin. Se sis\u00e4lt\u00e4\u00e4 nelj\u00e4 p\u00e4\u00e4m\u00e4\u00e4r\u00e4\u00e4: kannattavuus ja reiluus, huoltovarmuus, luonnon kantokyky sek\u00e4 ruokakulttuuri ja hyvinvointi.<\/p>\n<p>Lis\u00e4ksi tavoitteena on, ett\u00e4 Suomen ruokaj\u00e4rjestelm\u00e4 on vuonna 2040 huoltovarma kest\u00e4en iskut sek\u00e4 sopeutuen ilmastonmuutoksen vaikutuksiin.<\/p>\n<p>Ensimm\u00e4inen strategian toimeenpanosuunnitelma laaditaan vuonna 2026. Sit\u00e4 on tarkoitus p\u00e4ivitt\u00e4\u00e4 nelj\u00e4n vuoden v\u00e4lein.<\/p>\n<p>MTK toivoo nopeita toimia<\/p>\n<p>Maa- ja Mets\u00e4taloustuottajain Keskusliiton (MTK) tuleva puheenjohtaja <strong class=\"typography-bold\">Tero Hemmil\u00e4<\/strong><strong class=\"typography-bold\"> <\/strong>pit\u00e4\u00e4 strategian visiota kunnianhimoisena ja oikeansuuntaisena, mutta h\u00e4nen mukaansa tavoitteiden toteutuminen edellytt\u00e4\u00e4 toimia alkutuotannon kannattavuuden parantamiseksi.<\/p>\n","protected":false},"excerpt":{"rendered":"Tavoitteena on muun muassa, ett\u00e4 Suomen ruokaj\u00e4rjestelm\u00e4 on vuonna 2040 huoltovarma kest\u00e4en iskut sek\u00e4 sopeutuen ilmastonmuutoksen vaikutuksiin. Suomesta&hellip;\n","protected":false},"author":2,"featured_media":118391,"comment_status":"","ping_status":"","sticky":false,"template":"","format":"standard","meta":{"footnotes":""},"categories":[5],"tags":[22,23,26,27,33,31,30,17,24,25,28,29,15,18,21,32,19,20,16],"class_list":{"0":"post-118390","1":"post","2":"type-post","3":"status-publish","4":"format-standard","5":"has-post-thumbnail","7":"category-otsikot","8":"tag-breaking-news","9":"tag-breakingnews","10":"tag-featured-news","11":"tag-featurednews","12":"tag-fi","13":"tag-finland","14":"tag-finnish","15":"tag-headlines","16":"tag-latest-news","17":"tag-latestnews","18":"tag-main-news","19":"tag-mainnews","20":"tag-news","21":"tag-otsikot","22":"tag-paauutiset","23":"tag-suomi","24":"tag-top-stories","25":"tag-topstories","26":"tag-uutiset"},"share_on_mastodon":{"url":"https:\/\/pubeurope.com\/@fi\/115732489304065244","error":""},"_links":{"self":[{"href":"https:\/\/www.europesays.com\/fi\/wp-json\/wp\/v2\/posts\/118390","targetHints":{"allow":["GET"]}}],"collection":[{"href":"https:\/\/www.europesays.com\/fi\/wp-json\/wp\/v2\/posts"}],"about":[{"href":"https:\/\/www.europesays.com\/fi\/wp-json\/wp\/v2\/types\/post"}],"author":[{"embeddable":true,"href":"https:\/\/www.europesays.com\/fi\/wp-json\/wp\/v2\/users\/2"}],"replies":[{"embeddable":true,"href":"https:\/\/www.europesays.com\/fi\/wp-json\/wp\/v2\/comments?post=118390"}],"version-history":[{"count":0,"href":"https:\/\/www.europesays.com\/fi\/wp-json\/wp\/v2\/posts\/118390\/revisions"}],"wp:featuredmedia":[{"embeddable":true,"href":"https:\/\/www.europesays.com\/fi\/wp-json\/wp\/v2\/media\/118391"}],"wp:attachment":[{"href":"https:\/\/www.europesays.com\/fi\/wp-json\/wp\/v2\/media?parent=118390"}],"wp:term":[{"taxonomy":"category","embeddable":true,"href":"https:\/\/www.europesays.com\/fi\/wp-json\/wp\/v2\/categories?post=118390"},{"taxonomy":"post_tag","embeddable":true,"href":"https:\/\/www.europesays.com\/fi\/wp-json\/wp\/v2\/tags?post=118390"}],"curies":[{"name":"wp","href":"https:\/\/api.w.org\/{rel}","templated":true}]}}