{"id":118396,"date":"2025-12-17T02:32:19","date_gmt":"2025-12-17T02:32:19","guid":{"rendered":"https:\/\/www.europesays.com\/fi\/118396\/"},"modified":"2025-12-17T02:32:19","modified_gmt":"2025-12-17T02:32:19","slug":"suomalainen-elokuva-paasi-jatkoon-oscareissa-tasta-se-kertoo","status":"publish","type":"post","link":"https:\/\/www.europesays.com\/fi\/118396\/","title":{"rendered":"Suomalainen elokuva p\u00e4\u00e4si jatkoon Oscareissa \u2013 T\u00e4st\u00e4 se kertoo"},"content":{"rendered":"<p>Sukkahousuista kertova elokuva kisaa Oscar-palkinnosta parhaan lyhytelokuvan sarjassa. Sen sijaan 100 litraa sahtia ei l\u00f6ytynyt lyhytlistalle p\u00e4\u00e4sseiden elokuvien joukosta.<\/p>\n<p><img decoding=\"async\" class=\"image image-show image-preview\" src=\"https:\/\/www.europesays.com\/fi\/wp-content\/uploads\/2025\/12\/6e3a0367e26008166b2ed04c09fcfc41b472981c3334a0b68293dbcac2e62b04.jpg\" alt=\"\"\/><img decoding=\"async\" class=\"image image-show\" src=\"https:\/\/www.europesays.com\/fi\/wp-content\/uploads\/2025\/12\/1765938739_101_6e3a0367e26008166b2ed04c09fcfc41b472981c3334a0b68293dbcac2e62b04.jpg\" alt=\"\"\/><\/p>\n<p>Suomalaien lyhytelokuva p\u00e4\u00e4si jatkoon kisassa Oscar-palkinnosta. EPA \/ AOP<\/p>\n<p class=\"paragraph\">Suomalainen lyhytelokuva Sukkahousut on valittu lyhytlistalle kisaamaan vuoden 2026 Oscar-palkinnosta. Yhdysvaltojen elokuva-akatemia julkaisi <a href=\"https:\/\/press.oscars.org\/news\/98th-oscarsr-shortlists-12-award-categories-announced\" target=\"_blank\" rel=\"noopener nofollow\">listan<\/a> jatkoon p\u00e4\u00e4sseist\u00e4 elokuvista tiistaina.<\/p>\n<p class=\"paragraph\">Sukkahousut on <strong>Fabian Munsterhjelmin<\/strong> ohjaama elokuva. Se \u00e4\u00e4nestettiin Oscarien lyhytlistalle 207 elokuvan joukosta. Lyhytelokuvien kategoriassa listalle p\u00e4\u00e4si 15 elokuvaa.<\/p>\n<p class=\"paragraph\">Sukkahousut kertoo siit\u00e4, mit\u00e4 sukkahousuissa oleva reik\u00e4 voi tehd\u00e4 pariskunnalle, kertoo elokuvaa levitt\u00e4v\u00e4 <a href=\"https:\/\/www.wildhog.fi\/productions\/pantyhose\/\" target=\"_blank\" rel=\"noopener nofollow\">Wildhog Productions<\/a> kotisivuillaan. Kuvauksen mukaan pariskunta on l\u00e4htem\u00e4ss\u00e4 t\u00e4rke\u00e4\u00e4n gaalaan, kun sukkahousuista l\u00f6ytyy reik\u00e4.<\/p>\n<p class=\"paragraph\">Sukkahousut oli ehdolla my\u00f6s vuoden 2024 Jussi-palkinnon saajaksi. Sen p\u00e4\u00e4osissa n\u00e4hd\u00e4\u00e4n <strong>Satu Tuuli Karhu<\/strong> ja <strong>Samppa Batal<\/strong>.<\/p>\n<p class=\"paragraph\">Suomen Oscar-ehdokkaana oli my\u00f6s 100 litraa sahtia, jota ei n\u00e4yt akatemian julkaisemassa listassa. 100 litraa sahtia oli ehdolla palkinnon saajaksi kansainv\u00e4lisen elokuvan kategoriassa.<\/p>\n<p class=\"paragraph\">Vuoden 2026 Oscar-palkinnot jaetaan 15. maaliskuuta. Lopulliset ehdokkuudet julkaistaan tammikuun 22. p\u00e4iv\u00e4n\u00e4.<\/p>\n","protected":false},"excerpt":{"rendered":"Sukkahousuista kertova elokuva kisaa Oscar-palkinnosta parhaan lyhytelokuvan sarjassa. Sen sijaan 100 litraa sahtia ei l\u00f6ytynyt lyhytlistalle p\u00e4\u00e4sseiden elokuvien&hellip;\n","protected":false},"author":2,"featured_media":118397,"comment_status":"","ping_status":"","sticky":false,"template":"","format":"standard","meta":{"footnotes":""},"categories":[130],"tags":[35,153,152,155,137,33,31,30,154,32,485,140,156,109],"class_list":{"0":"post-118396","1":"post","2":"type-post","3":"status-publish","4":"format-standard","5":"has-post-thumbnail","7":"category-viihde","8":"tag-24h","9":"tag-audiovisuaalinen-media","10":"tag-elokuva-ja-tv-nayttelijat","11":"tag-elokuvat","12":"tag-entertainment","13":"tag-fi","14":"tag-finland","15":"tag-finnish","16":"tag-nayttelijat-teatteri","17":"tag-suomi","18":"tag-taide-yleista","19":"tag-tv-ja-elokuvat","20":"tag-tv","21":"tag-viihde"},"share_on_mastodon":{"url":"https:\/\/pubeurope.com\/@fi\/115732568254032808","error":""},"_links":{"self":[{"href":"https:\/\/www.europesays.com\/fi\/wp-json\/wp\/v2\/posts\/118396","targetHints":{"allow":["GET"]}}],"collection":[{"href":"https:\/\/www.europesays.com\/fi\/wp-json\/wp\/v2\/posts"}],"about":[{"href":"https:\/\/www.europesays.com\/fi\/wp-json\/wp\/v2\/types\/post"}],"author":[{"embeddable":true,"href":"https:\/\/www.europesays.com\/fi\/wp-json\/wp\/v2\/users\/2"}],"replies":[{"embeddable":true,"href":"https:\/\/www.europesays.com\/fi\/wp-json\/wp\/v2\/comments?post=118396"}],"version-history":[{"count":0,"href":"https:\/\/www.europesays.com\/fi\/wp-json\/wp\/v2\/posts\/118396\/revisions"}],"wp:featuredmedia":[{"embeddable":true,"href":"https:\/\/www.europesays.com\/fi\/wp-json\/wp\/v2\/media\/118397"}],"wp:attachment":[{"href":"https:\/\/www.europesays.com\/fi\/wp-json\/wp\/v2\/media?parent=118396"}],"wp:term":[{"taxonomy":"category","embeddable":true,"href":"https:\/\/www.europesays.com\/fi\/wp-json\/wp\/v2\/categories?post=118396"},{"taxonomy":"post_tag","embeddable":true,"href":"https:\/\/www.europesays.com\/fi\/wp-json\/wp\/v2\/tags?post=118396"}],"curies":[{"name":"wp","href":"https:\/\/api.w.org\/{rel}","templated":true}]}}