{"id":118400,"date":"2025-12-17T02:36:17","date_gmt":"2025-12-17T02:36:17","guid":{"rendered":"https:\/\/www.europesays.com\/fi\/118400\/"},"modified":"2025-12-17T02:36:17","modified_gmt":"2025-12-17T02:36:17","slug":"australian-paaministeri-sydneyn-joukkoampumisen-taustalla-isis-ideologiaa-uutissuomalainen","status":"publish","type":"post","link":"https:\/\/www.europesays.com\/fi\/118400\/","title":{"rendered":"Australian p\u00e4\u00e4ministeri: Sydneyn joukkoampumisen taustalla Isis-ideologiaa | Uutissuomalainen"},"content":{"rendered":"<p>Isis-ideologia n\u00e4ytt\u00e4\u00e4 motivoineen Sydneyn ep\u00e4iltyj\u00e4 joukkoampujia, Australian p\u00e4\u00e4ministeri Anthony Albanese sanoi tiistaina.<\/p>\n<p>Sunnuntaina ainakin 15 ihmist\u00e4 sai surmansa ja yli 40 haavoittui ampumisessa suositulla uimarannalla Sydneyss\u00e4. Bondi Beachin joukkoampumisesta ep\u00e4ill\u00e4\u00e4n is\u00e4\u00e4 ja poikaa. 50-vuotias mies kuoli paikan p\u00e4\u00e4ll\u00e4 poliisin luoteihin, ja 24-vuotias mies vietiin kriittisess\u00e4 tilassa sairaalaan.<\/p>\n<p>Intian poliisi kertoi tiistaina, ett\u00e4 ampujista vanhempi oli Intian kansalainen ja h\u00e4n muutti Australiaan l\u00e4hes 30 vuotta sitten. Nuorempi on kansallisuudeltaan australialainen.<\/p>\n<p>Albanesen mukaan Australian tiedustelupalvelu oli tullut tietoiseksi nuoremmasta miehest\u00e4 vuonna 2019, mutta miest\u00e4 ei tuolloin pidetty v\u00e4litt\u00f6m\u00e4n\u00e4 uhkana. Albanesen mukaan viranomaisten huomio kiinnittyi mieheen t\u00e4m\u00e4n yhteyksien vuoksi.<\/p>\n<p>Sydneyn joukkoampuminen tehtiin sunnuntaina paikallista aikaa hieman ennen iltaseitsem\u00e4\u00e4 Bondi Beachin leikkipuiston l\u00e4heisyydess\u00e4. Alueelle oli ker\u00e4\u00e4ntynyt ihmisi\u00e4 viett\u00e4m\u00e4\u00e4n juutalaisten hanukkajuhlan ensimm\u00e4ist\u00e4 p\u00e4iv\u00e4\u00e4. Poliisin mukaan alueella ja sen l\u00e4heisyydess\u00e4 oli ainakin tuhat ihmist\u00e4, kun ep\u00e4illyt avasivat tulen kohti perheit\u00e4.<\/p>\n<p>Poliisin mukaan teko kohdistettiin juutalaisyhteis\u00f6\u00e4 vastaan. Tapahtumia tutkitaan terrori-iskuna.<\/p>\n<p>\t\t\t\tMedia: Autosta l\u00f6ytyi Isis-lippuja<\/p>\n<p>Australialaismedia on jo aiemmin kertonut kaksikon mahdollisista kytk\u00f6ksist\u00e4 \u00e4\u00e4rij\u00e4rjest\u00f6 Isisiin.<\/p>\n<p>Toisen ep\u00e4illyn uskotaan olleen l\u00e4heisess\u00e4 yhteydess\u00e4 Isisin j\u00e4seneen, joka otettiin kiinni vuonna 2019 ja tuomittiin terroriteon suunnittelusta Australiassa.<\/p>\n<p>ABC:n mukaan rikostutkijat uskoivat, ett\u00e4 Bondi Beachin kaksi ep\u00e4ilty\u00e4 ampujaa olisivat vannoneet uskollisuutta Isisille. Korkean tason virkamiesl\u00e4hteiden mukaan ampumisesta ep\u00e4iltyjen autosta l\u00f6ydettiin kaksi \u00e4\u00e4rij\u00e4rjest\u00f6 Isisin lippua.<\/p>\n<p>Joukkoampumiset ovat olleet harvinaisia Australiassa sen j\u00e4lkeen, kun ampuja surmasi 35 ihmist\u00e4 Port Arthurin kaupungissa vuonna 1996. T\u00e4m\u00e4 johti laajoihin aselakiuudistuksiin. N\u00e4ihin kuuluivat aseiden takaisinostoj\u00e4rjestelm\u00e4, kansallinen ampuma-aserekisteri sek\u00e4 puoliautomaattisten aseiden omistamisen rajoittaminen.<\/p>\n","protected":false},"excerpt":{"rendered":"Isis-ideologia n\u00e4ytt\u00e4\u00e4 motivoineen Sydneyn ep\u00e4iltyj\u00e4 joukkoampujia, Australian p\u00e4\u00e4ministeri Anthony Albanese sanoi tiistaina. Sunnuntaina ainakin 15 ihmist\u00e4 sai surmansa&hellip;\n","protected":false},"author":2,"featured_media":118401,"comment_status":"","ping_status":"","sticky":false,"template":"","format":"standard","meta":{"footnotes":""},"categories":[14],"tags":[820,22,23,26,27,33,31,30,17,55,24,25,28,29,15,18,21,54,52,38,32,679,19,20,56,16,37,59,60,61],"class_list":{"0":"post-118400","1":"post","2":"type-post","3":"status-publish","4":"format-standard","5":"has-post-thumbnail","7":"category-ulkomaat","8":"tag-aseet","9":"tag-breaking-news","10":"tag-breakingnews","11":"tag-featured-news","12":"tag-featurednews","13":"tag-fi","14":"tag-finland","15":"tag-finnish","16":"tag-headlines","17":"tag-lainvalvonta","18":"tag-latest-news","19":"tag-latestnews","20":"tag-main-news","21":"tag-mainnews","22":"tag-news","23":"tag-otsikot","24":"tag-paauutiset","25":"tag-pelastuspalvelut","26":"tag-poliisi","27":"tag-rikos","28":"tag-suomi","29":"tag-terveydenhuollon-toimintalaitokset","30":"tag-top-stories","31":"tag-topstories","32":"tag-ulkomaat","33":"tag-uutiset","34":"tag-vakivaltarikokset","35":"tag-world","36":"tag-world-news","37":"tag-worldnews"},"share_on_mastodon":{"url":"https:\/\/pubeurope.com\/@fi\/115732583874984476","error":""},"_links":{"self":[{"href":"https:\/\/www.europesays.com\/fi\/wp-json\/wp\/v2\/posts\/118400","targetHints":{"allow":["GET"]}}],"collection":[{"href":"https:\/\/www.europesays.com\/fi\/wp-json\/wp\/v2\/posts"}],"about":[{"href":"https:\/\/www.europesays.com\/fi\/wp-json\/wp\/v2\/types\/post"}],"author":[{"embeddable":true,"href":"https:\/\/www.europesays.com\/fi\/wp-json\/wp\/v2\/users\/2"}],"replies":[{"embeddable":true,"href":"https:\/\/www.europesays.com\/fi\/wp-json\/wp\/v2\/comments?post=118400"}],"version-history":[{"count":0,"href":"https:\/\/www.europesays.com\/fi\/wp-json\/wp\/v2\/posts\/118400\/revisions"}],"wp:featuredmedia":[{"embeddable":true,"href":"https:\/\/www.europesays.com\/fi\/wp-json\/wp\/v2\/media\/118401"}],"wp:attachment":[{"href":"https:\/\/www.europesays.com\/fi\/wp-json\/wp\/v2\/media?parent=118400"}],"wp:term":[{"taxonomy":"category","embeddable":true,"href":"https:\/\/www.europesays.com\/fi\/wp-json\/wp\/v2\/categories?post=118400"},{"taxonomy":"post_tag","embeddable":true,"href":"https:\/\/www.europesays.com\/fi\/wp-json\/wp\/v2\/tags?post=118400"}],"curies":[{"name":"wp","href":"https:\/\/api.w.org\/{rel}","templated":true}]}}