{"id":118402,"date":"2025-12-17T02:37:08","date_gmt":"2025-12-17T02:37:08","guid":{"rendered":"https:\/\/www.europesays.com\/fi\/118402\/"},"modified":"2025-12-17T02:37:08","modified_gmt":"2025-12-17T02:37:08","slug":"silmienvenyttelykuvista-kiivasta-keskustelua-mtv-uutiset","status":"publish","type":"post","link":"https:\/\/www.europesays.com\/fi\/118402\/","title":{"rendered":"Silmienvenyttelykuvista kiivasta keskustelua | MTV Uutiset"},"content":{"rendered":"<p><strong class=\"typography-bold\">Silmienvenyttelykuvat ja niist\u00e4 seurannut kohu aiheutti kiivasta keskustelua MTV:n <\/strong><a class=\"underline\" data-testid=\"external-link\" href=\"https:\/\/www.mtv.fi\/video\/3568ced32da92b6ff3ee\/jakso-29-rasismikohu-numero-en-pysy-laskuissa\" rel=\"noopener noreferrer nofollow\" data-sentry-component=\"ExternalLink\" data-sentry-source-file=\"ExternalLink.tsx\" target=\"_blank\"><strong class=\"typography-bold\">Eduskunnan takahuone-ohjelmassa<\/strong><\/a><strong class=\"typography-bold\">.<\/strong><\/p>\n<p>SDP:n eduskuntaryhm\u00e4n puheenjohtaja<strong class=\"typography-bold\"> Tytti Tuppuraisen<\/strong> mukaan perussuomalaisten kansanedustajien <strong class=\"typography-bold\">Juho Eerolan<\/strong> ja <strong class=\"typography-bold\">Kaisa Garedewin<\/strong> <a class=\"underline\" data-testid=\"external-link\" href=\"https:\/\/www.mtvuutiset.fi\/artikkeli\/kansanedustaja-juho-eerola-venyttaa-silmiaan-je-suis-sarah\/9269238\" rel=\"noopener noreferrer nofollow\" data-sentry-component=\"ExternalLink\" data-sentry-source-file=\"ExternalLink.tsx\" target=\"_blank\">silm\u00e4nvenytyskuvat<\/a>, kruunustaan luopuneen miss Suomen tueksi, on aiheuttanut hallaa<a class=\"underline\" data-testid=\"external-link\" href=\"https:\/\/www.mtvuutiset.fi\/artikkeli\/yle-perussuomalaisten-venytyskohu-myrkkya-finnairille-alkaa-matkustako-tahan-maahan\/9271106\" rel=\"noopener noreferrer nofollow\" data-sentry-component=\"ExternalLink\" data-sentry-source-file=\"ExternalLink.tsx\" target=\"_blank\"> Suomikuvalle maailmalla<\/a>.\u00a0<\/p>\n<p>\u2013 Etel\u00e4-Korea tai Japani ovat aidosti kyseenalaistaneet, ett\u00e4 mit\u00e4 t\u00e4m\u00e4 suomalainen touhu oikein on. Finnair, meid\u00e4n ylpeys, sinivalkoinen p\u00f6rssiyhti\u00f6 on kertonut, ett\u00e4 se vaikuttaa heid\u00e4n strategialleen t\u00e4rkeisiin Aasian yhteyteen. T\u00e4m\u00e4 on vakava kysymys, sanoo Tuppurainen.\u00a0<\/p>\n<p>Lue Lis\u00e4\u00e4: <a class=\"underline\" data-testid=\"external-link\" href=\"https:\/\/www.mtvuutiset.fi\/artikkeli\/perussuomalaisten-eerola-haluan-pyytaa-anteeksi-aasialaistaustaisilta\/9269598\" rel=\"noopener noreferrer nofollow\" data-sentry-component=\"ExternalLink\" data-sentry-source-file=\"ExternalLink.tsx\" target=\"_blank\">Perussuomalaisten Eerola: Haluan pyyt\u00e4\u00e4 anteeksi aasialaistaustaisilta<\/a><\/p>\n<p>Kokoomuksen eduskuntaryhm\u00e4n varapuheenjohtaja toteaa, ett\u00e4 kansanedustajien pit\u00e4\u00e4 muistaa, ett\u00e4 he toimivat tavallisten suomalaisten esikuvina.\u00a0<\/p>\n","protected":false},"excerpt":{"rendered":"Silmienvenyttelykuvat ja niist\u00e4 seurannut kohu aiheutti kiivasta keskustelua MTV:n Eduskunnan takahuone-ohjelmassa. SDP:n eduskuntaryhm\u00e4n puheenjohtaja Tytti Tuppuraisen mukaan perussuomalaisten&hellip;\n","protected":false},"author":2,"featured_media":118403,"comment_status":"","ping_status":"","sticky":false,"template":"","format":"standard","meta":{"footnotes":""},"categories":[12],"tags":[22,23,26,27,33,31,30,17,24,25,28,29,15,18,21,32,19,20,16],"class_list":{"0":"post-118402","1":"post","2":"type-post","3":"status-publish","4":"format-standard","5":"has-post-thumbnail","7":"category-suomi","8":"tag-breaking-news","9":"tag-breakingnews","10":"tag-featured-news","11":"tag-featurednews","12":"tag-fi","13":"tag-finland","14":"tag-finnish","15":"tag-headlines","16":"tag-latest-news","17":"tag-latestnews","18":"tag-main-news","19":"tag-mainnews","20":"tag-news","21":"tag-otsikot","22":"tag-paauutiset","23":"tag-suomi","24":"tag-top-stories","25":"tag-topstories","26":"tag-uutiset"},"share_on_mastodon":{"url":"https:\/\/pubeurope.com\/@fi\/115732587706505405","error":""},"_links":{"self":[{"href":"https:\/\/www.europesays.com\/fi\/wp-json\/wp\/v2\/posts\/118402","targetHints":{"allow":["GET"]}}],"collection":[{"href":"https:\/\/www.europesays.com\/fi\/wp-json\/wp\/v2\/posts"}],"about":[{"href":"https:\/\/www.europesays.com\/fi\/wp-json\/wp\/v2\/types\/post"}],"author":[{"embeddable":true,"href":"https:\/\/www.europesays.com\/fi\/wp-json\/wp\/v2\/users\/2"}],"replies":[{"embeddable":true,"href":"https:\/\/www.europesays.com\/fi\/wp-json\/wp\/v2\/comments?post=118402"}],"version-history":[{"count":0,"href":"https:\/\/www.europesays.com\/fi\/wp-json\/wp\/v2\/posts\/118402\/revisions"}],"wp:featuredmedia":[{"embeddable":true,"href":"https:\/\/www.europesays.com\/fi\/wp-json\/wp\/v2\/media\/118403"}],"wp:attachment":[{"href":"https:\/\/www.europesays.com\/fi\/wp-json\/wp\/v2\/media?parent=118402"}],"wp:term":[{"taxonomy":"category","embeddable":true,"href":"https:\/\/www.europesays.com\/fi\/wp-json\/wp\/v2\/categories?post=118402"},{"taxonomy":"post_tag","embeddable":true,"href":"https:\/\/www.europesays.com\/fi\/wp-json\/wp\/v2\/tags?post=118402"}],"curies":[{"name":"wp","href":"https:\/\/api.w.org\/{rel}","templated":true}]}}