{"id":118412,"date":"2025-12-17T03:01:40","date_gmt":"2025-12-17T03:01:40","guid":{"rendered":"https:\/\/www.europesays.com\/fi\/118412\/"},"modified":"2025-12-17T03:01:40","modified_gmt":"2025-12-17T03:01:40","slug":"kesko-haluaa-rakentaa-k-raudan-hotelli-iso-valkeisen-tontille-kuopiossa-pohjois-savo","status":"publish","type":"post","link":"https:\/\/www.europesays.com\/fi\/118412\/","title":{"rendered":"Kesko haluaa rakentaa K-raudan hotelli Iso-Valkeisen tontille Kuopiossa | Pohjois-Savo"},"content":{"rendered":"<p class=\"aw-1gybjub aw-5vja16 kEtdKx kmuxyA yle__article__paragraph\">Rakentaminen vaatii kaavamuutoksen. Keskon toiveissa olisi saada kauppa auki 2030-luvulla.<\/p>\n<p><img decoding=\"async\" alt=\"Kuopion Iso-Valkeisen motellialue.\" src=\"https:\/\/www.europesays.com\/fi\/wp-content\/uploads\/2025\/12\/39-153454068e5028ba2f09.jpeg\" class=\"aw-1l9m598 hKVVvP\"\/><\/p>\n<p>Avaa kuvien katselu<\/p>\n<p>Hotelli Iso-Valkeisen alue sijaitsee 5-tien tuntumassa. Kuva t\u00e4m\u00e4n vuoden syksylt\u00e4. Kuva: Antti-Petteri Karhunen \/ Yle<\/p>\n<p>15.12. 13:31\u2022P\u00e4ivitetty 15.12. 15:35<\/p>\n<p class=\"aw-1gybjub aw-1p7kakr kEtdKx cEmitX yle__article__paragraph\">Kauppakonserni Kesko suunnittelee K-rautaa hotelli Iso-Valkeisen tontille Kuopion P\u00e4iv\u00e4rannassa.<\/p>\n<p class=\"aw-1gybjub aw-1p7kakr kEtdKx cEmitX yle__article__paragraph\">Kesko kertoo ostaneensa alueen omistavan Kiinteist\u00f6 oy Iso-Valkeisen osakekannan. Se sis\u00e4lt\u00e4\u00e4 nelj\u00e4 tonttia ja alueella sijaitsevat rakennukset.<\/p>\n<p class=\"aw-1gybjub aw-1p7kakr kEtdKx cEmitX yle__article__paragraph\">Kesko hakee alueelle kaavamuutosta, joka mahdollistaisi yhten\u00e4isen liiketilan rakentamisen. Yhti\u00f6 arvioi, ett\u00e4 rakentaminen voisi alkaa aikaisintaan vuonna 2030. Kyseess\u00e4 olisi Kuopion kaupunkialueen toinen K-rauta.<\/p>\n<p class=\"aw-1gybjub aw-1p7kakr kEtdKx cEmitX yle__article__paragraph\">Kesko on kuitenkin vuokrannut ostamansa alueen takaisin myyj\u00e4lle vuoden 2028 loppuun asti. T\u00e4ll\u00e4 turvataan hotelli Iso-Valkeisen jatko. Iso-Valkeisen yritt\u00e4j\u00e4 on toiminut alueella kiinteist\u00f6yhti\u00f6n vuokralaisena.<\/p>\n<p class=\"aw-1gybjub aw-1p7kakr kEtdKx cEmitX yle__article__paragraph\">Keskon It\u00e4-Suomen aluejohtaja <strong class=\"aw-ak79eh KyCXm yle__article__strong\">Jesse Kohonen<\/strong> kertoo, ett\u00e4 K-rauta-hankkeella ei ole kiire.<\/p>\n<p class=\"aw-1gybjub aw-1p7kakr kEtdKx cEmitX yle__article__paragraph\">\u2013 Tontti-investointi on tehty, ja hanketta punnitaan tulevien vuosien ja kaavaprosessin aikana. Annetaan hotelliyritt\u00e4j\u00e4lle ty\u00f6rauha, Kohonen sanoo.<\/p>\n<p class=\"aw-1gybjub aw-1p7kakr kEtdKx cEmitX yle__article__paragraph\">Hotelli Iso-Valkeisen yritt\u00e4j\u00e4 kommentoi Keskon suunnitelmia Facebook-sivuillaan. Yritt\u00e4j\u00e4n mielest\u00e4 tonttikauppa on hyv\u00e4 uutinen, ja se varmistaa hotellitoiminnan jatkumisen v\u00e4hint\u00e4\u00e4n kolmeksi vuodeksi.<\/p>\n<p class=\"aw-1gybjub aw-1p7kakr kEtdKx cEmitX yle__article__paragraph\">Aiemmin osuuskauppa Pee\u00e4ss\u00e4 suunnitteli Iso-Valkeisen tontille Prismaa. <a class=\"aw-iao6s4 iHOxEa yle__article__link\" href=\"https:\/\/yle.fi\/a\/74-20186539\" role=\"link\" rel=\"nofollow noopener\" target=\"_blank\">Se kuitenkin luopui ajatuksesta<\/a>, koska maakuntakaava ei sit\u00e4 mahdollistanut.<\/p>\n<p class=\"aw-1gybjub aw-1p7kakr kEtdKx cEmitX yle__article__paragraph\">Muokattu 15.12. kello 15:35: T\u00e4smennetty, ett\u00e4 kyseess\u00e4 olisi Kuopion kaupunkialueen toinen K-rauta. Kuopion kolmas K-rauta on Nilsi\u00e4ss\u00e4.<\/p>\n","protected":false},"excerpt":{"rendered":"Rakentaminen vaatii kaavamuutoksen. Keskon toiveissa olisi saada kauppa auki 2030-luvulla. Avaa kuvien katselu Hotelli Iso-Valkeisen alue sijaitsee 5-tien&hellip;\n","protected":false},"author":2,"featured_media":118413,"comment_status":"","ping_status":"","sticky":false,"template":"","format":"standard","meta":{"footnotes":""},"categories":[76],"tags":[79,77,2786,33,31,30,21465,10717,3777,1132,21466,1136,32,78],"class_list":{"0":"post-118412","1":"post","2":"type-post","3":"status-publish","4":"format-standard","5":"has-post-thumbnail","7":"category-talous","8":"tag-business","9":"tag-economy","10":"tag-elinkeinoelama","11":"tag-fi","12":"tag-finland","13":"tag-finnish","14":"tag-k-rauta","15":"tag-kaavoitus","16":"tag-kesko","17":"tag-kuopio","18":"tag-paivaranta","19":"tag-pohjois-savo","20":"tag-suomi","21":"tag-talous"},"share_on_mastodon":{"url":"https:\/\/pubeurope.com\/@fi\/115732682353715082","error":""},"_links":{"self":[{"href":"https:\/\/www.europesays.com\/fi\/wp-json\/wp\/v2\/posts\/118412","targetHints":{"allow":["GET"]}}],"collection":[{"href":"https:\/\/www.europesays.com\/fi\/wp-json\/wp\/v2\/posts"}],"about":[{"href":"https:\/\/www.europesays.com\/fi\/wp-json\/wp\/v2\/types\/post"}],"author":[{"embeddable":true,"href":"https:\/\/www.europesays.com\/fi\/wp-json\/wp\/v2\/users\/2"}],"replies":[{"embeddable":true,"href":"https:\/\/www.europesays.com\/fi\/wp-json\/wp\/v2\/comments?post=118412"}],"version-history":[{"count":0,"href":"https:\/\/www.europesays.com\/fi\/wp-json\/wp\/v2\/posts\/118412\/revisions"}],"wp:featuredmedia":[{"embeddable":true,"href":"https:\/\/www.europesays.com\/fi\/wp-json\/wp\/v2\/media\/118413"}],"wp:attachment":[{"href":"https:\/\/www.europesays.com\/fi\/wp-json\/wp\/v2\/media?parent=118412"}],"wp:term":[{"taxonomy":"category","embeddable":true,"href":"https:\/\/www.europesays.com\/fi\/wp-json\/wp\/v2\/categories?post=118412"},{"taxonomy":"post_tag","embeddable":true,"href":"https:\/\/www.europesays.com\/fi\/wp-json\/wp\/v2\/tags?post=118412"}],"curies":[{"name":"wp","href":"https:\/\/api.w.org\/{rel}","templated":true}]}}