{"id":118416,"date":"2025-12-17T03:03:11","date_gmt":"2025-12-17T03:03:11","guid":{"rendered":"https:\/\/www.europesays.com\/fi\/118416\/"},"modified":"2025-12-17T03:03:11","modified_gmt":"2025-12-17T03:03:11","slug":"eit-suomi-sai-palauttaa-turvapaikan-saaneet-lapset-venajalle-uutisia-lyhyesti","status":"publish","type":"post","link":"https:\/\/www.europesays.com\/fi\/118416\/","title":{"rendered":"EIT: Suomi sai palauttaa turvapaikan saaneet lapset Ven\u00e4j\u00e4lle | Uutisia lyhyesti"},"content":{"rendered":"<p class=\"aw-1gybjub aw-5vja16 kEtdKx kmuxyA yle__article__paragraph\">Ven\u00e4l\u00e4ismies saapui Suomeen lastensa kanssa vuonna 2022 ilman lasten \u00e4idin suostumusta.<\/p>\n<p class=\"aw-1gybjub aw-1p7kakr kEtdKx cEmitX yle__article__paragraph\">Euroopan ihmisoikeustuomioistuimen (EIT) mukaan Suomi ei rikkonut Euroopan ihmisoikeussopimusta m\u00e4\u00e4r\u00e4tess\u00e4\u00e4n turvapaikan saaneet ven\u00e4l\u00e4islapset palautettavaksi.<\/p>\n<p class=\"aw-1gybjub aw-1p7kakr kEtdKx cEmitX yle__article__paragraph\">Ven\u00e4l\u00e4ismies saapui Suomeen lastensa kanssa vuonna 2022 ilman lasten \u00e4idin suostumusta. Is\u00e4 haki itselleen ja lapsilleen turvapaikkaa Suomesta.<\/p>\n<p class=\"aw-1gybjub aw-1p7kakr kEtdKx cEmitX yle__article__paragraph\">\u00c4iti vaati lasten palauttamista Ven\u00e4j\u00e4lle vedoten Haagin kansainv\u00e4liseen lapsikaappaussopimukseen. Helsingin hovioikeus hylk\u00e4si vaatimuksen maaliskuussa 2023.<\/p>\n<p class=\"aw-1gybjub aw-1p7kakr kEtdKx cEmitX yle__article__paragraph\">Syyskuussa 2023 korkein oikeus (KKO) kumosi p\u00e4\u00e4t\u00f6ksen ja m\u00e4\u00e4r\u00e4si lapset palautettavaksi Ven\u00e4j\u00e4lle \u00e4itins\u00e4 luokse.<\/p>\n<p class=\"aw-1gybjub aw-1p7kakr kEtdKx cEmitX yle__article__paragraph\">Korkein oikeus ei muuttanut kantaansa senk\u00e4\u00e4n j\u00e4lkeen, kun is\u00e4lle ja lapsille oli my\u00f6nnetty turvapaikka. Is\u00e4 vei tapauksen EIT:hen.<\/p>\n<p class=\"aw-1gybjub aw-1p7kakr kEtdKx cEmitX yle__article__paragraph\">EIT:n mukaan tapauksessa tuli kyseeseen ihmisoikeussopimuksen 8. artikla, joka koskee oikeutta nauttia yksityis- ja perhe-el\u00e4m\u00e4n kunnioitusta. Se katsoi, ett\u00e4 KKO oli riitt\u00e4v\u00e4sti perustellut t\u00e4h\u00e4n oikeuteen puuttumisen.<\/p>\n<p class=\"aw-1gybjub aw-1p7kakr kEtdKx cEmitX yle__article__paragraph\">Molemmat lapset vastustivat palauttamistaan, ja vanhempi lapsi kykeni KKO:n mukaan muodostamaan ik\u00e4ns\u00e4 vuoksi asiasta itsen\u00e4isen kannan.<\/p>\n","protected":false},"excerpt":{"rendered":"Ven\u00e4l\u00e4ismies saapui Suomeen lastensa kanssa vuonna 2022 ilman lasten \u00e4idin suostumusta. Euroopan ihmisoikeustuomioistuimen (EIT) mukaan Suomi ei rikkonut&hellip;\n","protected":false},"author":2,"featured_media":74,"comment_status":"","ping_status":"","sticky":false,"template":"","format":"standard","meta":{"footnotes":""},"categories":[12],"tags":[22,23,21467,26,27,33,31,30,17,3363,71,24,25,28,29,15,1917,1915,18,21,5454,32,19,20,16],"class_list":{"0":"post-118416","1":"post","2":"type-post","3":"status-publish","4":"format-standard","5":"has-post-thumbnail","7":"category-suomi","8":"tag-breaking-news","9":"tag-breakingnews","10":"tag-euroopan-ihmisoikeustuomioistuin-eit","11":"tag-featured-news","12":"tag-featurednews","13":"tag-fi","14":"tag-finland","15":"tag-finnish","16":"tag-headlines","17":"tag-ihmisoikeudet","18":"tag-kotimaa","19":"tag-latest-news","20":"tag-latestnews","21":"tag-main-news","22":"tag-mainnews","23":"tag-news","24":"tag-oikeudet","25":"tag-oikeus","26":"tag-otsikot","27":"tag-paauutiset","28":"tag-perheet","29":"tag-suomi","30":"tag-top-stories","31":"tag-topstories","32":"tag-uutiset"},"share_on_mastodon":{"url":"https:\/\/pubeurope.com\/@fi\/115732690060014720","error":""},"_links":{"self":[{"href":"https:\/\/www.europesays.com\/fi\/wp-json\/wp\/v2\/posts\/118416","targetHints":{"allow":["GET"]}}],"collection":[{"href":"https:\/\/www.europesays.com\/fi\/wp-json\/wp\/v2\/posts"}],"about":[{"href":"https:\/\/www.europesays.com\/fi\/wp-json\/wp\/v2\/types\/post"}],"author":[{"embeddable":true,"href":"https:\/\/www.europesays.com\/fi\/wp-json\/wp\/v2\/users\/2"}],"replies":[{"embeddable":true,"href":"https:\/\/www.europesays.com\/fi\/wp-json\/wp\/v2\/comments?post=118416"}],"version-history":[{"count":0,"href":"https:\/\/www.europesays.com\/fi\/wp-json\/wp\/v2\/posts\/118416\/revisions"}],"wp:featuredmedia":[{"embeddable":true,"href":"https:\/\/www.europesays.com\/fi\/wp-json\/wp\/v2\/media\/74"}],"wp:attachment":[{"href":"https:\/\/www.europesays.com\/fi\/wp-json\/wp\/v2\/media?parent=118416"}],"wp:term":[{"taxonomy":"category","embeddable":true,"href":"https:\/\/www.europesays.com\/fi\/wp-json\/wp\/v2\/categories?post=118416"},{"taxonomy":"post_tag","embeddable":true,"href":"https:\/\/www.europesays.com\/fi\/wp-json\/wp\/v2\/tags?post=118416"}],"curies":[{"name":"wp","href":"https:\/\/api.w.org\/{rel}","templated":true}]}}