{"id":118417,"date":"2025-12-17T03:04:09","date_gmt":"2025-12-17T03:04:09","guid":{"rendered":"https:\/\/www.europesays.com\/fi\/118417\/"},"modified":"2025-12-17T03:04:09","modified_gmt":"2025-12-17T03:04:09","slug":"rob-ja-michelle-reinerin-pojan-hotellihuone-oli-jarkyttavassa-kunnossa","status":"publish","type":"post","link":"https:\/\/www.europesays.com\/fi\/118417\/","title":{"rendered":"Rob ja Michelle Reinerin pojan hotellihuone oli j\u00e4rkytt\u00e4v\u00e4ss\u00e4 kunnossa"},"content":{"rendered":"<p>Elokuvantekij\u00e4<strong> Rob Reiner<\/strong>, 78, ja h\u00e4nen vaimonsa<strong> Michele,<\/strong> 68, l\u00f6ydettiin sunnuntaina 14. joulukuuta kuolleina kodistaan.<\/p>\n<p>Heid\u00e4n poikansa <strong>Nick Reiner <\/strong>on pid\u00e4tetty ep\u00e4iltyn\u00e4 julmasta verity\u00f6st\u00e4.<\/p>\n<p>Lue my\u00f6s: <a href=\"https:\/\/www.episodi.fi\/uutiset\/donald-trumpin-tapa-kommentoida-rob-reinerin-kuolemaa-herattaa-raivoa-hollywoodissa-iljettavaa-ja-ilkeaa\/\" title=\"Donald Trumpin tapa kommentoida Rob Reinerin kuolemaa her\u00e4tt\u00e4\u00e4 raivoa Hollywoodissa: \u201dIljett\u00e4v\u00e4\u00e4 ja ilke\u00e4\u00e4\u201d\" class=\"underline-custom !font-montserrat !font-bold !underline-offset-4 !decoration-4 !decoration-episodi-blue !text-md\" rel=\"nofollow noopener\" target=\"_blank\">Donald Trumpin tapa kommentoida Rob Reinerin kuolemaa her\u00e4tt\u00e4\u00e4 raivoa Hollywoodissa: \u201dIljett\u00e4v\u00e4\u00e4 ja ilke\u00e4\u00e4\u201d<\/a><\/p>\n<p>Lue my\u00f6s: <a href=\"https:\/\/www.episodi.fi\/uutiset\/simpsonit-ja-spinal-tap-nayttelija-julkaisi-muistokirjoituksen-traagisesti-menehtyneelle-rob-reinerille\/\" title=\"Simpsonit- ja Spinal Tap -n\u00e4yttelij\u00e4 julkaisi muistokirjoituksen traagisesti menehtyneelle Rob Reinerille\" class=\"underline-custom !font-montserrat !font-bold !underline-offset-4 !decoration-4 !decoration-episodi-blue !text-md\" rel=\"nofollow noopener\" target=\"_blank\">Simpsonit- ja Spinal Tap -n\u00e4yttelij\u00e4 julkaisi muistokirjoituksen traagisesti menehtyneelle Rob Reinerille<\/a><\/p>\n<p>TMZ on saanut vihi\u00e4, ett\u00e4 Nick kirjautui sis\u00e4\u00e4n Perside Santa Monica -hotelliin noin nelj\u00e4n aikaan sunnuntaiy\u00f6n\u00e4 k\u00e4ytt\u00e4en luottokorttiaan. 32-vuotias Nick varasi huoneen vain yhdeksi y\u00f6ksi.<\/p>\n<p>Nick ja h\u00e4nen vanhempansa olivat lauantaina<strong> Conan O\u2019Brienin<\/strong> pit\u00e4miss\u00e4 joulukemuissa, jossa heid\u00e4n n\u00e4htiin ottaneen yhteen. Silminn\u00e4kij\u00e4t kertoivat Nickin k\u00e4ytt\u00e4ytyneen arvaamattomasti, kun h\u00e4n v\u00e4itteli kova\u00e4\u00e4nisesti vanhempiensa kanssa.<\/p>\n<p>The Post -lehden mukaan riita johtui siit\u00e4, ettei Nick halunnut menn\u00e4 katkaisuhoitoon.<\/p>\n<p>Rob ja Michele l\u00f6ydettiin kodistaan kuolleina noin kello 15.30. Heid\u00e4t oli puukotettu kuoliaaksi.<\/p>\n<p>Nickin sisko, 28-vuotias <strong>Romy,<\/strong> l\u00f6ysi is\u00e4ns\u00e4 ja \u00e4itins\u00e4. H\u00e4n kertoi poliisille, ett\u00e4 veli on p\u00e4\u00e4ep\u00e4ilty ja ett\u00e4 h\u00e4n on vaarallinen.<\/p>\n<p>Kun hotellin ty\u00f6ntekij\u00e4t meniv\u00e4t siivoamaan Nickin huonetta, he t\u00f6rm\u00e4siv\u00e4t suihkuun, joka oli \u201dt\u00e4ynn\u00e4 verta\u201d. My\u00f6s s\u00e4ngyss\u00e4 oli verta. Ikkunan eteen oli ripustettu lakanat.<\/p>\n<p>Ei ole varmaa kuuluiko l\u00f6ydetty veri Nickille vai h\u00e4nen vanhemmilleen.<\/p>\n<p>Silminn\u00e4kij\u00e4t hotellilla kertoivat, ett\u00e4 sis\u00e4\u00e4nkirjautumisen aikana Nick k\u00e4vi ylikierroksilla, mutta h\u00e4ness\u00e4 ei n\u00e4kynyt verij\u00e4lki\u00e4.<\/p>\n<p>Los Angelesin poliisi k\u00e4vi maanantaina ker\u00e4\u00e4m\u00e4ss\u00e4 todisteita hotellilla.<\/p>\n<p>Nick on puhunut avoimesti huumeiden k\u00e4yt\u00f6st\u00e4\u00e4n. Vuonna 2015 sai ensi-iltansa raju Being Charlie -niminen Robin ohjamaa elokuva, jonka Rob ja Nick ovat yhdess\u00e4 k\u00e4sikirjoittaneet. Elokuva perustuu osittain Nickin el\u00e4m\u00e4\u00e4n.<\/p>\n<p>L\u00e4hde: <a href=\"https:\/\/www.boredpanda.com\/the-state-of-nick-reiner-hotel-room-amid-arrest-for-father-rob-attack\/?\" target=\"_blank\" rel=\"noreferrer noopener nofollow\">Bored Panda<\/a><\/p>\n<p>Lue my\u00f6s: <a href=\"https:\/\/www.episodi.fi\/uutiskirje\/?uutiskirjemainos=tekstilinkkimainos\" title=\"Tilaa Episodin uutiskirje ja voit voittaa leffalippuja! Nappaa tv-vinkit suoraan s\u00e4hk\u00f6postiin t\u00e4st\u00e4.\" class=\"underline-custom !font-montserrat !font-bold !underline-offset-4 !decoration-4 !decoration-episodi-blue !text-md\" rel=\"nofollow noopener\" target=\"_blank\">Tilaa Episodin uutiskirje ja voit voittaa leffalippuja! Nappaa katseluvinkit suoraan s\u00e4hk\u00f6postiin t\u00e4st\u00e4.<\/a><\/p>\n","protected":false},"excerpt":{"rendered":"Elokuvantekij\u00e4 Rob Reiner, 78, ja h\u00e4nen vaimonsa Michele, 68, l\u00f6ydettiin sunnuntaina 14. joulukuuta kuolleina kodistaan. Heid\u00e4n poikansa Nick&hellip;\n","protected":false},"author":2,"featured_media":118418,"comment_status":"","ping_status":"","sticky":false,"template":"","format":"standard","meta":{"footnotes":""},"categories":[5],"tags":[22,23,26,27,33,31,30,17,24,25,28,29,1252,15,21468,18,21,6850,32,19,20,16],"class_list":{"0":"post-118417","1":"post","2":"type-post","3":"status-publish","4":"format-standard","5":"has-post-thumbnail","7":"category-otsikot","8":"tag-breaking-news","9":"tag-breakingnews","10":"tag-featured-news","11":"tag-featurednews","12":"tag-fi","13":"tag-finland","14":"tag-finnish","15":"tag-headlines","16":"tag-latest-news","17":"tag-latestnews","18":"tag-main-news","19":"tag-mainnews","20":"tag-murha","21":"tag-news","22":"tag-nick-reiner","23":"tag-otsikot","24":"tag-paauutiset","25":"tag-rob-reiner","26":"tag-suomi","27":"tag-top-stories","28":"tag-topstories","29":"tag-uutiset"},"share_on_mastodon":{"url":"https:\/\/pubeurope.com\/@fi\/115732693861454010","error":""},"_links":{"self":[{"href":"https:\/\/www.europesays.com\/fi\/wp-json\/wp\/v2\/posts\/118417","targetHints":{"allow":["GET"]}}],"collection":[{"href":"https:\/\/www.europesays.com\/fi\/wp-json\/wp\/v2\/posts"}],"about":[{"href":"https:\/\/www.europesays.com\/fi\/wp-json\/wp\/v2\/types\/post"}],"author":[{"embeddable":true,"href":"https:\/\/www.europesays.com\/fi\/wp-json\/wp\/v2\/users\/2"}],"replies":[{"embeddable":true,"href":"https:\/\/www.europesays.com\/fi\/wp-json\/wp\/v2\/comments?post=118417"}],"version-history":[{"count":0,"href":"https:\/\/www.europesays.com\/fi\/wp-json\/wp\/v2\/posts\/118417\/revisions"}],"wp:featuredmedia":[{"embeddable":true,"href":"https:\/\/www.europesays.com\/fi\/wp-json\/wp\/v2\/media\/118418"}],"wp:attachment":[{"href":"https:\/\/www.europesays.com\/fi\/wp-json\/wp\/v2\/media?parent=118417"}],"wp:term":[{"taxonomy":"category","embeddable":true,"href":"https:\/\/www.europesays.com\/fi\/wp-json\/wp\/v2\/categories?post=118417"},{"taxonomy":"post_tag","embeddable":true,"href":"https:\/\/www.europesays.com\/fi\/wp-json\/wp\/v2\/tags?post=118417"}],"curies":[{"name":"wp","href":"https:\/\/api.w.org\/{rel}","templated":true}]}}