{"id":118423,"date":"2025-12-17T03:24:07","date_gmt":"2025-12-17T03:24:07","guid":{"rendered":"https:\/\/www.europesays.com\/fi\/118423\/"},"modified":"2025-12-17T03:24:07","modified_gmt":"2025-12-17T03:24:07","slug":"oluset-festivaalilla-kuullaan-myos-rap-musiikkia-artistikattaus-taydentyi-kahdella-uudella-nimella-paikalliset","status":"publish","type":"post","link":"https:\/\/www.europesays.com\/fi\/118423\/","title":{"rendered":"Oluset-festivaalilla kuullaan my\u00f6s rap-musiikkia \u2013 Artistikattaus t\u00e4ydentyi kahdella uudella nimell\u00e4 | Paikalliset"},"content":{"rendered":"<p>&#8221;Olusten molempina p\u00e4ivin\u00e4 esiintyy viisi artistia sek\u00e4 telttalavan liveb\u00e4ndi. Lis\u00e4ksi auki on viel\u00e4 muutama yll\u00e4tysesiintyj\u00e4&#8221;.<\/p>\n<p>Iisalmessa 10.\u201311. hein\u00e4kuuta j\u00e4rjestett\u00e4v\u00e4n Oluset-festivaalin artistikattaus on saanut j\u00e4lleen t\u00e4ydennyst\u00e4. Uusimpina nimin\u00e4 esiintyj\u00e4kaartiin liittyv\u00e4t suomalaiset rap-artistit Aste ja Ege Zulu.<\/p>\n","protected":false},"excerpt":{"rendered":"&#8221;Olusten molempina p\u00e4ivin\u00e4 esiintyy viisi artistia sek\u00e4 telttalavan liveb\u00e4ndi. Lis\u00e4ksi auki on viel\u00e4 muutama yll\u00e4tysesiintyj\u00e4&#8221;. Iisalmessa 10.\u201311. hein\u00e4kuuta&hellip;\n","protected":false},"author":2,"featured_media":118424,"comment_status":"","ping_status":"","sticky":false,"template":"","format":"standard","meta":{"footnotes":""},"categories":[130],"tags":[138,137,33,31,30,3525,763,525,47,141,32,397,484,109],"class_list":{"0":"post-118423","1":"post","2":"type-post","3":"status-publish","4":"format-standard","5":"has-post-thumbnail","7":"category-viihde","8":"tag-audio","9":"tag-entertainment","10":"tag-fi","11":"tag-finland","12":"tag-finnish","13":"tag-konsertit","14":"tag-kulttuuri-ja-viihde","15":"tag-laulaminen-ja-laulajat","16":"tag-musiikki","17":"tag-muusikot-bandit","18":"tag-suomi","19":"tag-taide","20":"tag-taiteellinen-ilmaisu-ja-mediat","21":"tag-viihde"},"share_on_mastodon":{"url":"https:\/\/pubeurope.com\/@fi\/115732772475364552","error":""},"_links":{"self":[{"href":"https:\/\/www.europesays.com\/fi\/wp-json\/wp\/v2\/posts\/118423","targetHints":{"allow":["GET"]}}],"collection":[{"href":"https:\/\/www.europesays.com\/fi\/wp-json\/wp\/v2\/posts"}],"about":[{"href":"https:\/\/www.europesays.com\/fi\/wp-json\/wp\/v2\/types\/post"}],"author":[{"embeddable":true,"href":"https:\/\/www.europesays.com\/fi\/wp-json\/wp\/v2\/users\/2"}],"replies":[{"embeddable":true,"href":"https:\/\/www.europesays.com\/fi\/wp-json\/wp\/v2\/comments?post=118423"}],"version-history":[{"count":0,"href":"https:\/\/www.europesays.com\/fi\/wp-json\/wp\/v2\/posts\/118423\/revisions"}],"wp:featuredmedia":[{"embeddable":true,"href":"https:\/\/www.europesays.com\/fi\/wp-json\/wp\/v2\/media\/118424"}],"wp:attachment":[{"href":"https:\/\/www.europesays.com\/fi\/wp-json\/wp\/v2\/media?parent=118423"}],"wp:term":[{"taxonomy":"category","embeddable":true,"href":"https:\/\/www.europesays.com\/fi\/wp-json\/wp\/v2\/categories?post=118423"},{"taxonomy":"post_tag","embeddable":true,"href":"https:\/\/www.europesays.com\/fi\/wp-json\/wp\/v2\/tags?post=118423"}],"curies":[{"name":"wp","href":"https:\/\/api.w.org\/{rel}","templated":true}]}}