{"id":118438,"date":"2025-12-17T03:50:09","date_gmt":"2025-12-17T03:50:09","guid":{"rendered":"https:\/\/www.europesays.com\/fi\/118438\/"},"modified":"2025-12-17T03:50:09","modified_gmt":"2025-12-17T03:50:09","slug":"nyt-sita-herkkua-taas-saa-post-apokalyptinen-loistosarja-palasi-suoratoistoon-episodi-fi","status":"publish","type":"post","link":"https:\/\/www.europesays.com\/fi\/118438\/","title":{"rendered":"Nyt sit\u00e4 herkkua taas saa! Post-apokalyptinen loistosarja palasi suoratoistoon &#8211; Episodi.fi"},"content":{"rendered":"<ol>\n<li><a href=\"https:\/\/news.google.com\/rss\/articles\/CBMirgFBVV95cUxOR3R4UF9wd2FiSlU2OGdCTDY5V3lidG8yWElyYzRtVXk4RmZDWUNuRDhmdDBWOVEyRG9OWlkxNTVXOFk4S3VDYnB0REVzLWlfQW51OE9rRFd2MGpueTIyVUJ6ZlE0SFpQV0xCYmRCNWllOFFuRkljeDl3eVF2SlNBR2E5YThIcndEZFM1LV9tRUlrUzBpMVUtckZmQ2VhdGpReTZLcjZBMnhuSFFWWkE?oc=5\" target=\"_blank\" rel=\"nofollow noopener\">Nyt sit\u00e4 herkkua taas saa! Post-apokalyptinen loistosarja palasi suoratoistoon<\/a>&nbsp;&nbsp;Episodi.fi<\/li>\n<li><a href=\"https:\/\/news.google.com\/rss\/articles\/CBMitgFBVV95cUxPZ1ZnS3V4NG9QNmtOazZmOVlVTWx5VmhvT2xQUVRRRFpWN1VUd1J6UmNsQkxzeFhXbkRUZmZ5eEMyRXVIcTkwWVF1RU9SNFVtcGYydWVoUVp1NzVHODVIZV9ycktidWh4UkZkRF90RXZjTFl1WFdoWklvTjg1QlJNSFNoS1pYNEFKdUlYYTZCOFBaUk5UX3V5eUFzdWxCUHhmRGVvYjZpMGJqbDRoRTFzV0l3dVJQQQ?oc=5\" target=\"_blank\" rel=\"nofollow noopener\">Joulukuun odotetuin sarja alkaa Suomessa huomenna, USA:ssa jo t\u00e4n\u00e4\u00e4n<\/a>&nbsp;&nbsp;Muropaketti.com<\/li>\n<li><a href=\"https:\/\/news.google.com\/rss\/articles\/CBMijgFBVV95cUxOX3dLWkhrOGR1ZzhiZVVXZUlRbFBmTEQwQkRNeVFsc0pRbWZsLURNaFJwc0NpVVRhNElsMC05Y3g5LWtqQXFGdzk2ZHUyelNhYW41alVWeHZ4RlhhQ3phNUV6ZnFycHBTZk9BNkFMeElTMTRqZ1AyNUJHMGhCUEZTWjNXbWlGcFVlRE11X3dR?oc=5\" target=\"_blank\" rel=\"nofollow noopener\">Hittisarja Falloutista uusi kausi \u2013 t\u00e4t\u00e4 on luvassa<\/a>&nbsp;&nbsp;Seiska.fi<\/li>\n<li><a href=\"https:\/\/news.google.com\/rss\/articles\/CBMisAFBVV95cUxQWjNEQThON0FrSlVRM243N2ZvSk5FZFdEQVRQeEtKTzVSdUwyc19meUJNUXR6LUNEYWF1WEpMaUgzem9mM1RVQUFrMlFiNXlzaV9ia1pZdUdIcFVkS09RWDM3M3BPZU9uUUpPaUFPZjJzM1ROVHktR1FzZmtLc3FobHFTZ3h0UnBSaVRDeXZYM0lZNW8wNFZZZzFva0JkaHZ1d3p1R0dJN2ZRcVAxRmdNcg?oc=5\" target=\"_blank\" rel=\"nofollow noopener\">Amazon Prime Video siirt\u00e4\u00e4 Fallout Season 2:n ensi-iltaa p\u00e4iv\u00e4ll\u00e4 huomiseksi<\/a>&nbsp;&nbsp;Gamereactor<\/li>\n<li><a href=\"https:\/\/news.google.com\/rss\/articles\/CBMixAFBVV95cUxPX3JiUHotQmtVT29zR2hoMmlTaWhvMHVZR1VVZW1EcnFhMW8tX2tyQ2tJdGNiTWFBaU1zZnJSNUZvcmZNZV9WRzl1RzdaQ3JDQ1BEejRnZ1M1TTV6RE05VXJaYWV0aTdWR2k2SzRieldjLWpnSkVYMV9aVTdDZTcydmg3Tk1OM3lxb29oeW5UWnh1MlQ1WEljTE4zSzctR3JjVlNWT1VKNjJRRnVtVGlUV2trNzBaa0k1NUVFWFFGeDhtbHhx?oc=5\" target=\"_blank\" rel=\"nofollow noopener\">Fallout: New Vegas on kenties kaikkien aikojen paras roolipeli \u2013 tiesitk\u00f6 n\u00e4it\u00e4 yksityiskohtia siit\u00e4?<\/a>&nbsp;&nbsp;Tilt.fi<\/li>\n<\/ol>\n","protected":false},"excerpt":{"rendered":"Nyt sit\u00e4 herkkua taas saa! Post-apokalyptinen loistosarja palasi suoratoistoon&nbsp;&nbsp;Episodi.fi Joulukuun odotetuin sarja alkaa Suomessa huomenna, USA:ssa jo t\u00e4n\u00e4\u00e4n&nbsp;&nbsp;Muropaketti.com&hellip;\n","protected":false},"author":2,"featured_media":118439,"comment_status":"","ping_status":"","sticky":false,"template":"","format":"standard","meta":{"footnotes":""},"categories":[130],"tags":[137,33,31,30,175,32,109],"class_list":{"0":"post-118438","1":"post","2":"type-post","3":"status-publish","4":"format-standard","5":"has-post-thumbnail","7":"category-viihde","8":"tag-entertainment","9":"tag-fi","10":"tag-finland","11":"tag-finnish","12":"tag-prime-video","13":"tag-suomi","14":"tag-viihde"},"share_on_mastodon":{"url":"https:\/\/pubeurope.com\/@fi\/115732874759033274","error":""},"_links":{"self":[{"href":"https:\/\/www.europesays.com\/fi\/wp-json\/wp\/v2\/posts\/118438","targetHints":{"allow":["GET"]}}],"collection":[{"href":"https:\/\/www.europesays.com\/fi\/wp-json\/wp\/v2\/posts"}],"about":[{"href":"https:\/\/www.europesays.com\/fi\/wp-json\/wp\/v2\/types\/post"}],"author":[{"embeddable":true,"href":"https:\/\/www.europesays.com\/fi\/wp-json\/wp\/v2\/users\/2"}],"replies":[{"embeddable":true,"href":"https:\/\/www.europesays.com\/fi\/wp-json\/wp\/v2\/comments?post=118438"}],"version-history":[{"count":0,"href":"https:\/\/www.europesays.com\/fi\/wp-json\/wp\/v2\/posts\/118438\/revisions"}],"wp:featuredmedia":[{"embeddable":true,"href":"https:\/\/www.europesays.com\/fi\/wp-json\/wp\/v2\/media\/118439"}],"wp:attachment":[{"href":"https:\/\/www.europesays.com\/fi\/wp-json\/wp\/v2\/media?parent=118438"}],"wp:term":[{"taxonomy":"category","embeddable":true,"href":"https:\/\/www.europesays.com\/fi\/wp-json\/wp\/v2\/categories?post=118438"},{"taxonomy":"post_tag","embeddable":true,"href":"https:\/\/www.europesays.com\/fi\/wp-json\/wp\/v2\/tags?post=118438"}],"curies":[{"name":"wp","href":"https:\/\/api.w.org\/{rel}","templated":true}]}}