{"id":118442,"date":"2025-12-17T03:54:07","date_gmt":"2025-12-17T03:54:07","guid":{"rendered":"https:\/\/www.europesays.com\/fi\/118442\/"},"modified":"2025-12-17T03:54:07","modified_gmt":"2025-12-17T03:54:07","slug":"trump-venezuelan-hallinto-maaritelty-ulkomaalaiseksi-terroristijarjstoksi-uutisia-lyhyesti","status":"publish","type":"post","link":"https:\/\/www.europesays.com\/fi\/118442\/","title":{"rendered":"Trump: Venezuelan hallinto m\u00e4\u00e4ritelty ulkomaalaiseksi terroristij\u00e4rjst\u00f6ksi | Uutisia lyhyesti"},"content":{"rendered":"<p class=\"aw-1gybjub aw-5vja16 kEtdKx kmuxyA yle__article__paragraph\">Yhdysvaltain presidentti sanoo my\u00f6s asettavansa saartoon pakotteiden alaiset \u00f6ljytankkerit, jotka saapuvat Venzuelaan tai l\u00e4htev\u00e4t sielt\u00e4.<\/p>\n<p><img decoding=\"async\" alt=\"Donald Trump ja Nicolas Maduro vierekk\u00e4isiss\u00e4 kuvissa.\" src=\"https:\/\/www.europesays.com\/fi\/wp-content\/uploads\/2025\/12\/39-153891168f06a237fe4e.png\" class=\"aw-1l9m598 hKVVvP\"\/><\/p>\n<p>Avaa kuvien katselu<\/p>\n<p>Trump on syytt\u00e4nyt Maduron hallinnon salakuljettavan huumeita Yhdysvaltoihin. Maduron mukaan Yhdysvaltain tavoitteena on syrj\u00e4ytt\u00e4\u00e4 h\u00e4net ja ottaa haltuun Venezuelan \u00f6ljyvarannot. Kuva: Francis Chung \/ EPA, Miguel Gutierres \/ EPA<\/p>\n<p class=\"aw-1gybjub aw-1p7kakr kEtdKx cEmitX yle__article__paragraph\">Yhdysvaltain presidentti <strong class=\"aw-ak79eh KyCXm yle__article__strong\">Donald Trump<\/strong> sanoo, ett\u00e4 Venezuelan presidentti <strong class=\"aw-ak79eh KyCXm yle__article__strong\">Nicolas Maduron<\/strong> hallinto on m\u00e4\u00e4ritelty ulkomaalaiseksi terroristij\u00e4rjst\u00f6ksi. Trump <a class=\"aw-iao6s4 iHOxEa yle__article__link\" href=\"https:\/\/truthsocial.com\/@realDonaldTrump\/posts\/115731908387416458\" role=\"link\" rel=\"nofollow noopener\" target=\"_blank\">ilmoitti <\/a>asiasta omalla Truth Social -alustallaan paikallista aikaa tiistaina.<\/p>\n<p class=\"aw-1gybjub aw-1p7kakr kEtdKx cEmitX yle__article__paragraph\">Julkaisussaan Trump kirjoittaa my\u00f6s asettavansa saartoon pakotteiden alaiset \u00f6ljytankkerit, jotka saapuvat Venezuelaan tai l\u00e4htev\u00e4t sielt\u00e4.<\/p>\n<p class=\"aw-1gybjub aw-1p7kakr kEtdKx cEmitX yle__article__paragraph\">Venezuelan hallinto tuomitsi lausunnossaan Trumpin viimeisimm\u00e4t toimet. Venezuelalaishallinnon mukaan Trumpin ilmoittama saarto on j\u00e4rjet\u00f6n.<\/p>\n<p class=\"aw-1gybjub aw-1p7kakr kEtdKx cEmitX yle__article__paragraph\">Trump syytt\u00e4\u00e4 julkaisussaan Venezuelaa muun muassa \u00f6ljyn ja maan varastamisesta Yhdysvalloilta. Presidentti uhkaa kasvattaa Yhdysvaltain laivaston l\u00e4sn\u00e4oloa alueella, jos Venezuela palauttaa Trumpin varastamiksi kuvaileman omaisuuden.<\/p>\n<p class=\"aw-1gybjub aw-1p7kakr kEtdKx cEmitX yle__article__paragraph\">Yhdysvallat kertoi viikko sitten takavarikoineensa \u00f6ljytankkerin Venezuelan rannikon edustalla. Maduro tuomitsi tankkerin takavarikoinnin ja kutsui tapahtunutta merirosvoukseksi. Lis\u00e4ksi Maduro sanoi tapahtuneen kirist\u00e4v\u00e4n entisest\u00e4\u00e4n j\u00e4nnitteit\u00e4 Yhdysvaltojen ja Venezuelan v\u00e4lill\u00e4.<\/p>\n<p class=\"aw-1gybjub aw-1p7kakr kEtdKx cEmitX yle__article__paragraph\">Yhdysvallat on syytt\u00e4nyt Maduron hallinnon salakuljettavan huumeita Yhdysvaltoihin. Maduron mukaan Yhdysvaltain tavoitteena on syrj\u00e4ytt\u00e4\u00e4 h\u00e4net ja ottaa haltuun Venezuelan \u00f6ljyvarannot.<\/p>\n<p class=\"aw-1gybjub aw-1p7kakr kEtdKx cEmitX yle__article__paragraph\">L\u00e4hteet: AFP, Reuters<\/p>\n<p class=\"aw-1gybjub aw-1p7kakr kEtdKx cEmitX yle__article__paragraph\">Lis\u00e4tty juttuun Venezuelan hallinnon vastaus Trumpin ilmoitukseen 17.12.2025 kello 4.22.<\/p>\n","protected":false},"excerpt":{"rendered":"Yhdysvaltain presidentti sanoo my\u00f6s asettavansa saartoon pakotteiden alaiset \u00f6ljytankkerit, jotka saapuvat Venzuelaan tai l\u00e4htev\u00e4t sielt\u00e4. Avaa kuvien katselu&hellip;\n","protected":false},"author":2,"featured_media":118443,"comment_status":"","ping_status":"","sticky":false,"template":"","format":"standard","meta":{"footnotes":""},"categories":[14],"tags":[22,23,26,27,33,31,30,17,2765,24,25,28,29,15,5913,18,21,15589,32,19,20,546,56,16,59,60,61],"class_list":{"0":"post-118442","1":"post","2":"type-post","3":"status-publish","4":"format-standard","5":"has-post-thumbnail","7":"category-ulkomaat","8":"tag-breaking-news","9":"tag-breakingnews","10":"tag-featured-news","11":"tag-featurednews","12":"tag-fi","13":"tag-finland","14":"tag-finnish","15":"tag-headlines","16":"tag-huumeiden-kauppa-ja-salakuljetus","17":"tag-latest-news","18":"tag-latestnews","19":"tag-main-news","20":"tag-mainnews","21":"tag-news","22":"tag-oljy","23":"tag-otsikot","24":"tag-paauutiset","25":"tag-pakotteet","26":"tag-suomi","27":"tag-top-stories","28":"tag-topstories","29":"tag-turvallisuus","30":"tag-ulkomaat","31":"tag-uutiset","32":"tag-world","33":"tag-world-news","34":"tag-worldnews"},"share_on_mastodon":{"url":"https:\/\/pubeurope.com\/@fi\/115732890721177793","error":""},"_links":{"self":[{"href":"https:\/\/www.europesays.com\/fi\/wp-json\/wp\/v2\/posts\/118442","targetHints":{"allow":["GET"]}}],"collection":[{"href":"https:\/\/www.europesays.com\/fi\/wp-json\/wp\/v2\/posts"}],"about":[{"href":"https:\/\/www.europesays.com\/fi\/wp-json\/wp\/v2\/types\/post"}],"author":[{"embeddable":true,"href":"https:\/\/www.europesays.com\/fi\/wp-json\/wp\/v2\/users\/2"}],"replies":[{"embeddable":true,"href":"https:\/\/www.europesays.com\/fi\/wp-json\/wp\/v2\/comments?post=118442"}],"version-history":[{"count":0,"href":"https:\/\/www.europesays.com\/fi\/wp-json\/wp\/v2\/posts\/118442\/revisions"}],"wp:featuredmedia":[{"embeddable":true,"href":"https:\/\/www.europesays.com\/fi\/wp-json\/wp\/v2\/media\/118443"}],"wp:attachment":[{"href":"https:\/\/www.europesays.com\/fi\/wp-json\/wp\/v2\/media?parent=118442"}],"wp:term":[{"taxonomy":"category","embeddable":true,"href":"https:\/\/www.europesays.com\/fi\/wp-json\/wp\/v2\/categories?post=118442"},{"taxonomy":"post_tag","embeddable":true,"href":"https:\/\/www.europesays.com\/fi\/wp-json\/wp\/v2\/tags?post=118442"}],"curies":[{"name":"wp","href":"https:\/\/api.w.org\/{rel}","templated":true}]}}