{"id":118444,"date":"2025-12-17T03:55:16","date_gmt":"2025-12-17T03:55:16","guid":{"rendered":"https:\/\/www.europesays.com\/fi\/118444\/"},"modified":"2025-12-17T03:55:16","modified_gmt":"2025-12-17T03:55:16","slug":"onko-rasismi-koulussasi-lisaantynyt-julkisuuden-henkiloiden-silmien-vaantelyn-seurauksena-kerro-meille-teemme-juttua-kotimaa","status":"publish","type":"post","link":"https:\/\/www.europesays.com\/fi\/118444\/","title":{"rendered":"Onko rasismi koulussasi lis\u00e4\u00e4ntynyt julkisuuden henkil\u00f6iden silmien v\u00e4\u00e4ntelyn seurauksena? Kerro meille, teemme juttua | Kotimaa"},"content":{"rendered":"<p class=\"aw-1gybjub aw-5vja16 kEtdKx kmuxyA yle__article__paragraph\">Yle tekee juttua siit\u00e4, millaisia seurauksia Miss Suomen ja perussuomalaisten rasistisilla silmienv\u00e4\u00e4ntelyposeerauksilla on ollut kouluarkeen.<\/p>\n<p><img decoding=\"async\" alt=\"Uusi Miss Suomi Tara Lehtonen,  Miss Suomi -kilpailun toimitusjohtaja Sunneva Sj\u00f6gren ja Miss Suomi tittelist\u00e4 luopunut Sarah Dzafce.\" src=\"https:\/\/www.europesays.com\/fi\/wp-content\/uploads\/2025\/12\/39-1567985693a9df230477.jpeg\" class=\"aw-1l9m598 hKVVvP\"\/><\/p>\n<p>Avaa kuvien katselu<\/p>\n<p>Miss Suomi -organisaatio poisti kruunun Sarah Dzafcelta joulukuussa 2025 h\u00e4nest\u00e4 tehdyn rasistisen somepostauksen takia. Kuva: Emmi Korhonen \/ Lehtikuva<\/p>\n<p class=\"aw-1gybjub aw-1p7kakr kEtdKx cEmitX yle__article__paragraph\">Viime viikkoina rasismi on ollut esill\u00e4 paljon mediassa ja sosiaalisen median kanavilla.<\/p>\n<p class=\"aw-1gybjub aw-1p7kakr kEtdKx cEmitX yle__article__paragraph\">Miss Suomi <strong class=\"aw-ak79eh KyCXm yle__article__strong\">Sarah Dzafce<\/strong> menetti tittelins\u00e4 kolme kuukautta kruunaamisen j\u00e4lkeen h\u00e4nest\u00e4 julkaistun rasistisen silmienvenytyskuvan takia. 22-vuotiaan Dzafcen yst\u00e4v\u00e4 julkaisi kuvan marraskuun lopulla yksityisell\u00e4 tilill\u00e4\u00e4n, mist\u00e4 se l\u00e4hti levi\u00e4m\u00e4\u00e4n. Kuvassa oli teksti: \u201dKiinalaisenkaa sy\u00f6m\u00e4s\u201d.<\/p>\n<p class=\"aw-1gybjub aw-1p7kakr kEtdKx cEmitX yle__article__paragraph\">Pian perussuomalaisten kansanedustajat <strong class=\"aw-ak79eh KyCXm yle__article__strong\">Juho Eerola<\/strong> ja <strong class=\"aw-ak79eh KyCXm yle__article__strong\">Kaisa Garedew<\/strong> matkivat per\u00e4ss\u00e4 ja julkaisivat omilla somekanavillaan vastaavanlaiset kuvat. My\u00f6s perussuomalaisten europarlamentaarikko <strong class=\"aw-ak79eh KyCXm yle__article__strong\">Sebastian Tynkkynen<\/strong> julkaisi <a class=\"aw-iao6s4 iHOxEa yle__article__link\" href=\"https:\/\/x.com\/SebastianTyne\/status\/1999169247772037443\" role=\"link\" rel=\"nofollow\">viestipalvelu X:ss\u00e4<\/a> \u201dMiss Suomen canceloinnista\u201d videon, jossa Tynkkynen venytt\u00e4\u00e4 silmi\u00e4\u00e4n.<\/p>\n<p class=\"aw-1gybjub aw-1p7kakr kEtdKx cEmitX yle__article__paragraph\">Kuvat ovat her\u00e4tt\u00e4neet paheksuntaa my\u00f6s maailmalla. Silmien venytys on rasistinen ele, joka pilkkaa aasialaistaustaisia.<\/p>\n<p class=\"aw-1gybjub aw-1p7kakr kEtdKx cEmitX yle__article__paragraph\">Onko rasismi koulussasi lis\u00e4\u00e4ntynyt julkisuuden henkil\u00f6iden silmien v\u00e4\u00e4ntelyn seurauksena? Kerro meille, mit\u00e4 rasistisesta silmien v\u00e4\u00e4ntelyst\u00e4 on seurannut.<\/p>\n<p class=\"aw-1gybjub aw-1p7kakr kEtdKx cEmitX yle__article__paragraph\">Voit j\u00e4tt\u00e4\u00e4 vastauksesi alta l\u00f6ytyv\u00e4ll\u00e4 lomakkeella tai olla yhteydess\u00e4 suoraan toimittajaan: <a class=\"aw-iao6s4 iHOxEa yle__article__link\" href=\"https:\/\/yle.fi\/a\/mailto:janette.leino@yle.fi\" role=\"link\" rel=\"nofollow noopener\" target=\"_blank\">janette.leino@yle.fi<\/a>.<\/p>\n<p class=\"aw-1gybjub aw-1p7kakr kEtdKx cEmitX yle__article__paragraph\">Vastauksia k\u00e4ytet\u00e4\u00e4n jutussa vain luvallasi, eik\u00e4 Yle luovuta yhteystietoja toimituksen ulkopuolisille ihmisille.<\/p>\n<p class=\"aw-1gybjub aw-1p7kakr kEtdKx cEmitX yle__article__paragraph\">Tietojasi k\u00e4sittelee vain aiheesta juttua tekev\u00e4 toimittaja.<\/p>\n","protected":false},"excerpt":{"rendered":"Yle tekee juttua siit\u00e4, millaisia seurauksia Miss Suomen ja perussuomalaisten rasistisilla silmienv\u00e4\u00e4ntelyposeerauksilla on ollut kouluarkeen. Avaa kuvien katselu&hellip;\n","protected":false},"author":2,"featured_media":118445,"comment_status":"","ping_status":"","sticky":false,"template":"","format":"standard","meta":{"footnotes":""},"categories":[12],"tags":[22,23,26,27,33,31,30,17,71,615,24,25,28,29,3458,15,18,21,49,637,4839,11698,32,19,20,16],"class_list":{"0":"post-118444","1":"post","2":"type-post","3":"status-publish","4":"format-standard","5":"has-post-thumbnail","7":"category-suomi","8":"tag-breaking-news","9":"tag-breakingnews","10":"tag-featured-news","11":"tag-featurednews","12":"tag-fi","13":"tag-finland","14":"tag-finnish","15":"tag-headlines","16":"tag-kotimaa","17":"tag-koulut","18":"tag-latest-news","19":"tag-latestnews","20":"tag-main-news","21":"tag-mainnews","22":"tag-miss-suomi","23":"tag-news","24":"tag-otsikot","25":"tag-paauutiset","26":"tag-perussuomalaiset","27":"tag-politiikka","28":"tag-rasismi","29":"tag-sarah-dzafce","30":"tag-suomi","31":"tag-top-stories","32":"tag-topstories","33":"tag-uutiset"},"share_on_mastodon":{"url":"https:\/\/pubeurope.com\/@fi\/115732894615172148","error":""},"_links":{"self":[{"href":"https:\/\/www.europesays.com\/fi\/wp-json\/wp\/v2\/posts\/118444","targetHints":{"allow":["GET"]}}],"collection":[{"href":"https:\/\/www.europesays.com\/fi\/wp-json\/wp\/v2\/posts"}],"about":[{"href":"https:\/\/www.europesays.com\/fi\/wp-json\/wp\/v2\/types\/post"}],"author":[{"embeddable":true,"href":"https:\/\/www.europesays.com\/fi\/wp-json\/wp\/v2\/users\/2"}],"replies":[{"embeddable":true,"href":"https:\/\/www.europesays.com\/fi\/wp-json\/wp\/v2\/comments?post=118444"}],"version-history":[{"count":0,"href":"https:\/\/www.europesays.com\/fi\/wp-json\/wp\/v2\/posts\/118444\/revisions"}],"wp:featuredmedia":[{"embeddable":true,"href":"https:\/\/www.europesays.com\/fi\/wp-json\/wp\/v2\/media\/118445"}],"wp:attachment":[{"href":"https:\/\/www.europesays.com\/fi\/wp-json\/wp\/v2\/media?parent=118444"}],"wp:term":[{"taxonomy":"category","embeddable":true,"href":"https:\/\/www.europesays.com\/fi\/wp-json\/wp\/v2\/categories?post=118444"},{"taxonomy":"post_tag","embeddable":true,"href":"https:\/\/www.europesays.com\/fi\/wp-json\/wp\/v2\/tags?post=118444"}],"curies":[{"name":"wp","href":"https:\/\/api.w.org\/{rel}","templated":true}]}}