{"id":118446,"date":"2025-12-17T03:56:09","date_gmt":"2025-12-17T03:56:09","guid":{"rendered":"https:\/\/www.europesays.com\/fi\/118446\/"},"modified":"2025-12-17T03:56:09","modified_gmt":"2025-12-17T03:56:09","slug":"kirkkohallitus-leikkaa-toimintaansa-lahes-kolmella-miljoonalla-ja-vahentaa-henkilostoa","status":"publish","type":"post","link":"https:\/\/www.europesays.com\/fi\/118446\/","title":{"rendered":"Kirkkohallitus leikkaa toimintaansa l\u00e4hes kolmella miljoonalla ja v\u00e4hent\u00e4\u00e4 henkil\u00f6st\u00f6\u00e4"},"content":{"rendered":"<p>Leikkaukset|Kirkkohallitus v\u00e4hent\u00e4\u00e4 yhteens\u00e4 31,6 henkil\u00f6ty\u00f6vuotta.<\/p>\n<p>16.12. 18:56<\/p>\n<p class=\"article-body mb-nof-24 px-nof-16\">Suomen evankelis-luterilaisen kirkon Kirkkohallitus leikkaa toimintaansa kolmella miljoonalla eurolla vuoden 2027 alkuun menness\u00e4. Kirkkohallituksen t\u00e4ysistunto hyv\u00e4ksyi s\u00e4\u00e4st\u00f6suunnitelman kokouksessaan tiistaina.<\/p>\n<p class=\"article-body mb-nof-24 px-nof-16\">Leikkaukset koostuvat tiedotteen mukaan p\u00e4\u00e4osin henkil\u00f6st\u00f6v\u00e4hennyksist\u00e4. Henkil\u00f6st\u00f6\u00e4 v\u00e4hent\u00e4m\u00e4ll\u00e4 s\u00e4\u00e4stet\u00e4\u00e4n noin 2,7 miljoonaa euroa. Henkil\u00f6ty\u00f6vuosia v\u00e4hennet\u00e4\u00e4n kaikkiaan 31,6.<\/p>\n<p class=\"article-body mb-nof-24 px-nof-16\">Neuvottelujen piiriss\u00e4 on 186 Kirkkohallituksen ty\u00f6ntekij\u00e4\u00e4. Tiedotteen mukaan henkil\u00f6tason p\u00e4\u00e4t\u00f6kset tehd\u00e4\u00e4n 30. tammikuuta.<\/p>\n<p class=\"article-body mb-nof-24 px-nof-16\">S\u00e4\u00e4st\u00f6j\u00e4 saadaan Kirkkohallituksen mukaan my\u00f6s sopimus- ja j\u00e4rjestelm\u00e4muutoksista ja v\u00e4hent\u00e4m\u00e4ll\u00e4 avustuksia.<\/p>\n","protected":false},"excerpt":{"rendered":"Leikkaukset|Kirkkohallitus v\u00e4hent\u00e4\u00e4 yhteens\u00e4 31,6 henkil\u00f6ty\u00f6vuotta. 16.12. 18:56 Suomen evankelis-luterilaisen kirkon Kirkkohallitus leikkaa toimintaansa kolmella miljoonalla eurolla vuoden 2027&hellip;\n","protected":false},"author":2,"featured_media":96697,"comment_status":"","ping_status":"","sticky":false,"template":"","format":"standard","meta":{"footnotes":""},"categories":[5],"tags":[22,23,26,27,33,31,30,17,46,24,25,28,29,15,18,21,32,19,20,16],"class_list":{"0":"post-118446","1":"post","2":"type-post","3":"status-publish","4":"format-standard","5":"has-post-thumbnail","7":"category-otsikot","8":"tag-breaking-news","9":"tag-breakingnews","10":"tag-featured-news","11":"tag-featurednews","12":"tag-fi","13":"tag-finland","14":"tag-finnish","15":"tag-headlines","16":"tag-helsingin-sanomat","17":"tag-latest-news","18":"tag-latestnews","19":"tag-main-news","20":"tag-mainnews","21":"tag-news","22":"tag-otsikot","23":"tag-paauutiset","24":"tag-suomi","25":"tag-top-stories","26":"tag-topstories","27":"tag-uutiset"},"share_on_mastodon":{"url":"https:\/\/pubeurope.com\/@fi\/115732898334706249","error":""},"_links":{"self":[{"href":"https:\/\/www.europesays.com\/fi\/wp-json\/wp\/v2\/posts\/118446","targetHints":{"allow":["GET"]}}],"collection":[{"href":"https:\/\/www.europesays.com\/fi\/wp-json\/wp\/v2\/posts"}],"about":[{"href":"https:\/\/www.europesays.com\/fi\/wp-json\/wp\/v2\/types\/post"}],"author":[{"embeddable":true,"href":"https:\/\/www.europesays.com\/fi\/wp-json\/wp\/v2\/users\/2"}],"replies":[{"embeddable":true,"href":"https:\/\/www.europesays.com\/fi\/wp-json\/wp\/v2\/comments?post=118446"}],"version-history":[{"count":0,"href":"https:\/\/www.europesays.com\/fi\/wp-json\/wp\/v2\/posts\/118446\/revisions"}],"wp:featuredmedia":[{"embeddable":true,"href":"https:\/\/www.europesays.com\/fi\/wp-json\/wp\/v2\/media\/96697"}],"wp:attachment":[{"href":"https:\/\/www.europesays.com\/fi\/wp-json\/wp\/v2\/media?parent=118446"}],"wp:term":[{"taxonomy":"category","embeddable":true,"href":"https:\/\/www.europesays.com\/fi\/wp-json\/wp\/v2\/categories?post=118446"},{"taxonomy":"post_tag","embeddable":true,"href":"https:\/\/www.europesays.com\/fi\/wp-json\/wp\/v2\/tags?post=118446"}],"curies":[{"name":"wp","href":"https:\/\/api.w.org\/{rel}","templated":true}]}}