{"id":118453,"date":"2025-12-17T04:15:08","date_gmt":"2025-12-17T04:15:08","guid":{"rendered":"https:\/\/www.europesays.com\/fi\/118453\/"},"modified":"2025-12-17T04:15:08","modified_gmt":"2025-12-17T04:15:08","slug":"uutta-kuntoutusta-tyoikaisille-muistisairaille-tukea-arkeen-yhdessa-laheisen-kanssa","status":"publish","type":"post","link":"https:\/\/www.europesays.com\/fi\/118453\/","title":{"rendered":"Uutta kuntoutusta ty\u00f6ik\u00e4isille muistisairaille \u2013 tukea arkeen yhdess\u00e4 l\u00e4heisen kanssa"},"content":{"rendered":"<p>Kev\u00e4\u00e4ll\u00e4 2026 k\u00e4ynnistyy uusi kuntoutus muistisairauteen sairastuneille. Kuntoutus on suunnattu alle 68-vuotiaille, joilla on todettu esimerkiksi Alzheimerin tauti, Lewyn kappale -tauti tai otsa-ohimolohkorappeuma.<\/p>\n<p>Kuntoutuksessa osallistuja ja h\u00e4nen aikuinen l\u00e4heisens\u00e4 saavat tukea arjen muutoksiin, keinoja toimintakyvyn yll\u00e4pit\u00e4miseen sek\u00e4 vahvistusta omiin voimavaroihin. L\u00e4heisen mukanaolo on olennainen osa kuntoutusta, sill\u00e4 se auttaa siirt\u00e4m\u00e4\u00e4n opitut asiat arkeen my\u00f6s kuntoutusjakson p\u00e4\u00e4tytty\u00e4.<\/p>\n<p>\u2013 Usein l\u00e4heinen on t\u00e4rkein tukija \u2013 ja voimavara. Kuntoutuksessa opitaan yhdess\u00e4 ymm\u00e4rt\u00e4m\u00e4\u00e4n sairauden vaikutuksia arkeen ja l\u00f6yt\u00e4m\u00e4\u00e4n keinoja tasapainon ja hyvinvoinnin tukemiseen, kertoo Kelan kuntoutuspalvelujen suunnittelija <strong>Ville R\u00e4ty<\/strong>.<\/p>\n<p>Tavoitteena vahvempi arki ja parempi ymm\u00e4rrys<\/p>\n<p>Kuntoutus tukee osallistujien sopeutumista sairastumisen tuomiin muutoksiin sek\u00e4 ty\u00f6- ja toimintakyvyn s\u00e4ilymist\u00e4. Ryhm\u00e4ss\u00e4 ja asiantuntijoiden ohjauksessa on mahdollista pys\u00e4hty\u00e4 pohtimaan, miten el\u00e4\u00e4 mahdollisimman itsen\u00e4ist\u00e4 ja mielek\u00e4st\u00e4 el\u00e4m\u00e4\u00e4 sairaudesta huolimatta. Vertaistuki tarjoaa jaettuja kokemuksia ja toivoa.<\/p>\n<p>\u2013 Sairastuminen ty\u00f6i\u00e4ss\u00e4 voi olla iso muutos. Kuntoutuksessa sit\u00e4 ei tarvitse kohdata yksin, Ville R\u00e4ty sanoo.<\/p>\n<p>Moniammatillista tukea viiden vuorokauden ajan<\/p>\n<p>Kuntoutus toteutetaan palveluntuottajan tiloissa viiden vuorokauden jaksona, joko majoittuen tai kotoa k\u00e4sin p\u00e4ivitt\u00e4in osallistuen. Ohjelmaan sis\u00e4ltyy pienryhm\u00e4ty\u00f6skentely\u00e4, ryhm\u00e4keskusteluja ja yksil\u00f6tapaamisia.<\/p>\n<p>Moniammatilliseen tiimiin kuuluu esimerkiksi neurologian erikoisl\u00e4\u00e4k\u00e4ri sek\u00e4 hoitoty\u00f6n, psykologian ja sosiaalialan asiantuntijoita. Tarvittaessa mukana on my\u00f6s muita ammattilaisia osallistujan tilanteen mukaan.<\/p>\n<p>N\u00e4in haet kuntoutukseen<\/p>\n<p>Kuntoutusta haetaan OmaKelassa. Hakemuksen liitteeksi tarvitaan l\u00e4\u00e4k\u00e4rin B-lausunto tai sairauskertomusote, jossa kuntoutusta suositellaan.<\/p>\n<p>Lue lis\u00e4\u00e4<\/p>\n<p><a href=\"https:\/\/www.kela.fi\/muistisairaus-kuntoutus\" rel=\"nofollow noopener\" target=\"_blank\">Muistisairaan ty\u00f6ik\u00e4isen kuntoutus<\/a> (<a href=\"http:\/\/kela.fi\" rel=\"nofollow noopener\" target=\"_blank\">kela.fi<\/a>)<\/p>\n<p><a href=\"https:\/\/elamassa.fi\/terveys\/sirpa-sairastui-alzheimerin-tautiin-poikkeuksellisen-varhain-diagnoosi-oli-ennemminkin-helpotus-kuin-jarkytys\/\" rel=\"nofollow noopener\" target=\"_blank\">Sirpa sairastui Alzheimerin tautiin poikkeuksellisen varhain \u2013 diagnoosi oli ennemminkin helpotus kuin j\u00e4rkytys (elamassa.fi)<\/a><\/p>\n","protected":false},"excerpt":{"rendered":"Kev\u00e4\u00e4ll\u00e4 2026 k\u00e4ynnistyy uusi kuntoutus muistisairauteen sairastuneille. Kuntoutus on suunnattu alle 68-vuotiaille, joilla on todettu esimerkiksi Alzheimerin tauti,&hellip;\n","protected":false},"author":2,"featured_media":118454,"comment_status":"","ping_status":"","sticky":false,"template":"","format":"standard","meta":{"footnotes":""},"categories":[165],"tags":[33,31,30,166,32,167],"class_list":{"0":"post-118453","1":"post","2":"type-post","3":"status-publish","4":"format-standard","5":"has-post-thumbnail","7":"category-terveys","8":"tag-fi","9":"tag-finland","10":"tag-finnish","11":"tag-health","12":"tag-suomi","13":"tag-terveys"},"share_on_mastodon":{"url":"https:\/\/pubeurope.com\/@fi\/115732973023315680","error":""},"_links":{"self":[{"href":"https:\/\/www.europesays.com\/fi\/wp-json\/wp\/v2\/posts\/118453","targetHints":{"allow":["GET"]}}],"collection":[{"href":"https:\/\/www.europesays.com\/fi\/wp-json\/wp\/v2\/posts"}],"about":[{"href":"https:\/\/www.europesays.com\/fi\/wp-json\/wp\/v2\/types\/post"}],"author":[{"embeddable":true,"href":"https:\/\/www.europesays.com\/fi\/wp-json\/wp\/v2\/users\/2"}],"replies":[{"embeddable":true,"href":"https:\/\/www.europesays.com\/fi\/wp-json\/wp\/v2\/comments?post=118453"}],"version-history":[{"count":0,"href":"https:\/\/www.europesays.com\/fi\/wp-json\/wp\/v2\/posts\/118453\/revisions"}],"wp:featuredmedia":[{"embeddable":true,"href":"https:\/\/www.europesays.com\/fi\/wp-json\/wp\/v2\/media\/118454"}],"wp:attachment":[{"href":"https:\/\/www.europesays.com\/fi\/wp-json\/wp\/v2\/media?parent=118453"}],"wp:term":[{"taxonomy":"category","embeddable":true,"href":"https:\/\/www.europesays.com\/fi\/wp-json\/wp\/v2\/categories?post=118453"},{"taxonomy":"post_tag","embeddable":true,"href":"https:\/\/www.europesays.com\/fi\/wp-json\/wp\/v2\/tags?post=118453"}],"curies":[{"name":"wp","href":"https:\/\/api.w.org\/{rel}","templated":true}]}}