{"id":118459,"date":"2025-12-17T04:20:12","date_gmt":"2025-12-17T04:20:12","guid":{"rendered":"https:\/\/www.europesays.com\/fi\/118459\/"},"modified":"2025-12-17T04:20:12","modified_gmt":"2025-12-17T04:20:12","slug":"uutisanalyysi-miksi-peeassa-vaihtui-iso-valkeisen-tontilla-keskoksi-taustalla-tapahtui-jotain-mista-kukaan-ei-halua-puhua-savo","status":"publish","type":"post","link":"https:\/\/www.europesays.com\/fi\/118459\/","title":{"rendered":"Uutisanalyysi | Miksi Pee\u00e4ss\u00e4 vaihtui Iso-Valkeisen tontilla Keskoksi? \u2013\u2009taustalla tapahtui jotain, mist\u00e4 kukaan ei halua puhua | Savo"},"content":{"rendered":"<p>Kesko jys\u00e4ytti maanantaina jymyuutisen kertomalla, ett\u00e4 se on ostanut Iso-Valkeisen tontin Kuopion P\u00e4iv\u00e4rannasta kiinteist\u00f6sijoittaja <strong>Pekka Poutiaiselta<\/strong> ja suunnittelee sinne K-Rautaa. Uutinen uudesta kaupasta on mielenkiintoinen jo ihan sellaisenaankin, mutta erityisen kiinnostavaksi sen tekee Iso-Valkeisen tontin aiemmat suunnitelmat.<\/p>\n","protected":false},"excerpt":{"rendered":"Kesko jys\u00e4ytti maanantaina jymyuutisen kertomalla, ett\u00e4 se on ostanut Iso-Valkeisen tontin Kuopion P\u00e4iv\u00e4rannasta kiinteist\u00f6sijoittaja Pekka Poutiaiselta ja suunnittelee&hellip;\n","protected":false},"author":2,"featured_media":118460,"comment_status":"","ping_status":"","sticky":false,"template":"","format":"standard","meta":{"footnotes":""},"categories":[76],"tags":[79,77,33,31,30,21474,3777,1132,402,32,78,3778],"class_list":{"0":"post-118459","1":"post","2":"type-post","3":"status-publish","4":"format-standard","5":"has-post-thumbnail","7":"category-talous","8":"tag-business","9":"tag-economy","10":"tag-fi","11":"tag-finland","12":"tag-finnish","13":"tag-iso-valkeinen","14":"tag-kesko","15":"tag-kuopio","16":"tag-rakentaminen-kiinteistot","17":"tag-suomi","18":"tag-talous","19":"tag-vahittaiskauppa"},"share_on_mastodon":{"url":"https:\/\/pubeurope.com\/@fi\/115732992770745239","error":""},"_links":{"self":[{"href":"https:\/\/www.europesays.com\/fi\/wp-json\/wp\/v2\/posts\/118459","targetHints":{"allow":["GET"]}}],"collection":[{"href":"https:\/\/www.europesays.com\/fi\/wp-json\/wp\/v2\/posts"}],"about":[{"href":"https:\/\/www.europesays.com\/fi\/wp-json\/wp\/v2\/types\/post"}],"author":[{"embeddable":true,"href":"https:\/\/www.europesays.com\/fi\/wp-json\/wp\/v2\/users\/2"}],"replies":[{"embeddable":true,"href":"https:\/\/www.europesays.com\/fi\/wp-json\/wp\/v2\/comments?post=118459"}],"version-history":[{"count":0,"href":"https:\/\/www.europesays.com\/fi\/wp-json\/wp\/v2\/posts\/118459\/revisions"}],"wp:featuredmedia":[{"embeddable":true,"href":"https:\/\/www.europesays.com\/fi\/wp-json\/wp\/v2\/media\/118460"}],"wp:attachment":[{"href":"https:\/\/www.europesays.com\/fi\/wp-json\/wp\/v2\/media?parent=118459"}],"wp:term":[{"taxonomy":"category","embeddable":true,"href":"https:\/\/www.europesays.com\/fi\/wp-json\/wp\/v2\/categories?post=118459"},{"taxonomy":"post_tag","embeddable":true,"href":"https:\/\/www.europesays.com\/fi\/wp-json\/wp\/v2\/tags?post=118459"}],"curies":[{"name":"wp","href":"https:\/\/api.w.org\/{rel}","templated":true}]}}