{"id":118479,"date":"2025-12-17T04:49:12","date_gmt":"2025-12-17T04:49:12","guid":{"rendered":"https:\/\/www.europesays.com\/fi\/118479\/"},"modified":"2025-12-17T04:49:12","modified_gmt":"2025-12-17T04:49:12","slug":"ylen-saamat-tiedot-paljastavat-etta-suomi-on-hankkinut-tiedettya-enemman-aseita-israelista-gazan-sodan-aikana-ulkomaat","status":"publish","type":"post","link":"https:\/\/www.europesays.com\/fi\/118479\/","title":{"rendered":"Ylen saamat tiedot paljastavat, ett\u00e4 Suomi on hankkinut tiedetty\u00e4 enemm\u00e4n aseita Israelista Gazan sodan aikana | Ulkomaat"},"content":{"rendered":"<ul class=\"aw-1jjocuh iJTSwP yle__article__list yle__article__list--ul\">\n<li class=\"aw-1j7gwms gNYKfi\">Suomi on tehnyt puolustushankintoja Israelista Gazan sodan aikana 67,2 miljoonalla eurolla.<\/li>\n<li class=\"aw-1j7gwms gNYKfi\">Hankinnat perustuvat ennen sotaa tehtyihin sopimuksiin. Suurin niist\u00e4 on 58 miljoonan euron arvoinen ohjusosto.<\/li>\n<li class=\"aw-1j7gwms gNYKfi\">Puolustusministeri\u00f6n mukaan hankintoja ei ole voitu perua, koska ne ovat elint\u00e4rkeit\u00e4 Suomen puolustuskyvylle.<\/li>\n<\/ul>\n<p class=\"aw-1gybjub aw-1p7kakr kEtdKx cEmitX yle__article__paragraph\">Ylen tietopyynn\u00f6ll\u00e4 saamat asiakirjat osoittavat, ett\u00e4 Suomi on tehnyt puolustushankintoja Israelista Gazan sodan aikana enemm\u00e4n kuin aiemmin on tullut julki.<\/p>\n<p class=\"aw-1gybjub aw-1p7kakr kEtdKx cEmitX yle__article__paragraph\">Puolustusvoimien logistiikkalaitos luovutti Ylelle tiedot 11 hankintap\u00e4\u00e4t\u00f6ksest\u00e4, jotka se on tehnyt Gazan sodan alkamisen j\u00e4lkeen.<\/p>\n<p class=\"aw-1gybjub aw-1p7kakr kEtdKx cEmitX yle__article__paragraph\">N\u00e4iden hankintojen yhteisarvo on noin 67,2 miljoonaa euroa.<\/p>\n<p class=\"aw-1gybjub aw-1p7kakr kEtdKx cEmitX yle__article__paragraph\"><strong class=\"aw-ak79eh KyCXm yle__article__strong\">Katso grafiikasta, mit\u00e4 puolustustarvikkeita Suomi on hankkinut Israelista Gazan sodan aikana:<\/strong><\/p>\n<p class=\"aw-1gybjub aw-1p7kakr kEtdKx cEmitX yle__article__paragraph\">N\u00e4ist\u00e4 hankinnoista ei ole aikaisemmin keskusteltu julkisuudessa, sanoo Suomen ja Israelin asekauppaan perehtynyt v\u00e4it\u00f6skirjatutkija <strong class=\"aw-ak79eh KyCXm yle__article__strong\">Kari Paasonen<\/strong>.<\/p>\n<p class=\"aw-1gybjub aw-1p7kakr kEtdKx cEmitX yle__article__paragraph\">\u2013 Ne tuovat uutta tietoa Suomen ja Israelin v\u00e4lisest\u00e4 asekaupasta Gazan sodan aikana.<\/p>\n<p class=\"aw-1gybjub aw-1p7kakr kEtdKx cEmitX yle__article__paragraph\"><strong class=\"aw-ak79eh KyCXm yle__article__strong\">Videolla v\u00e4it\u00f6skirjatutkija Kari Paasonen arvioi Puolustusvoimien Israelista tekemi\u00e4 hankintoja:<\/strong><\/p>\n<p>Kari Paasonen ty\u00f6skentelee v\u00e4it\u00f6skirjatutkijana Tampereen yliopiston rauhan- ja konfliktintutkimuskeskus TAPRI:ssa.<\/p>\n<p class=\"aw-1gybjub aw-1p7kakr kEtdKx cEmitX yle__article__paragraph\">Kaikki Ylen saamat hankintap\u00e4\u00e4t\u00f6kset liittyv\u00e4t kauppoihin, jotka Suomi ja israelilaiset puolustusteollisuusyhti\u00f6t ovat tehneet ennen Gazan sodan alkamista.<\/p>\n<p class=\"aw-1gybjub aw-1p7kakr kEtdKx cEmitX yle__article__paragraph\">Ne koskevat esimerkiksi jo ostettujen aseiden ja j\u00e4rjestelmien huoltoa, varaosia ja koulutusta.<\/p>\n<p class=\"aw-1gybjub aw-1p7kakr kEtdKx cEmitX yle__article__paragraph\">Puolustusministeri\u00f6n mukaan Israelista tehdyt hankinnat ovat olleet elint\u00e4rkeit\u00e4 Suomen turvallisuudelle ja puolustuskyvylle.<\/p>\n<p class=\"aw-1gybjub aw-1p7kakr kEtdKx cEmitX yle__article__paragraph\">\u2013 N\u00e4m\u00e4 p\u00e4\u00e4t\u00f6kset on tehty ennen Gazan sodan alkamista ja hankinnat optioineen ovat Suomen puolustuskyvylle kriittisen t\u00e4rkeit\u00e4. Ei ole ollut edellytyksi\u00e4 keskeytt\u00e4\u00e4 niit\u00e4, sanoo puolustusministeri\u00f6n materiaaliyksik\u00f6n johtaja <strong class=\"aw-ak79eh KyCXm yle__article__strong\">Pasi Pajunen<\/strong>.<\/p>\n<p class=\"aw-1gybjub aw-1p7kakr kEtdKx cEmitX yle__article__paragraph\"><strong class=\"aw-ak79eh KyCXm yle__article__strong\">Videolla puolustusministeri\u00f6n materiaaliyksik\u00f6n johtaja Pasi Pajunen kertoo, miksi Suomi ei ole perunut asehankintoja Israelista:<\/strong><\/p>\n<p>Pasi Pajusen mukaan Suomi ei ole riippuvainen Israelin aseteollisuudesta.<\/p>\n<p class=\"aw-1gybjub aw-1p7kakr kEtdKx cEmitX yle__article__paragraph\">Aseostot Israelista ovat Suomessa poliittisesti kiistanalainen aihe Israelin ep\u00e4iltyjen ihmisoikeusrikosten takia.<\/p>\n<p class=\"aw-1gybjub aw-1p7kakr kEtdKx cEmitX yle__article__paragraph\">YK:n riippumattoman <a class=\"aw-iao6s4 iHOxEa yle__article__link\" href=\"https:\/\/unric.org\/fi\/ykn-tutkintakomissio-israel-syyllistyy-kansanmurhaan-gazassa\/\" role=\"link\" rel=\"nofollow noopener\" target=\"_blank\">tutkintakomission raportin mukaan<\/a> Israel on syyllistynyt kansanmurhaan Gazassa. Komission n\u00e4kemys ei ole YK:n virallinen kanta.<\/p>\n<ul class=\"aw-1jjocuh iJTSwP yle__article__list yle__article__list--ul\">\n<li class=\"aw-1j7gwms gNYKfi\">Gazan sodassa on kuollut noin 70 000 ihmist\u00e4.<\/li>\n<li class=\"aw-1j7gwms gNYKfi\">Sota alkoi, kun terroristij\u00e4rjest\u00f6 Hamas hy\u00f6kk\u00e4si Israeliin 7. lokakuuta 2023. Hamas tappoi noin 1 200 ihmist\u00e4 ja otti 251 panttivankia.<\/li>\n<li class=\"aw-1j7gwms gNYKfi\">Sen j\u00e4lkeen Israel hy\u00f6kk\u00e4si Gazaan.<\/li>\n<li class=\"aw-1j7gwms gNYKfi\">T\u00e4ll\u00e4 hetkell\u00e4 Israelin ja Gazan v\u00e4lill\u00e4 vallitsee aselepo. V\u00e4kivaltaisuudet ovat jatkuneet lokakuussa alkaneen aselevon aikanakin.<\/li>\n<li class=\"aw-1j7gwms gNYKfi\">Kansainv\u00e4linen tuomioistuin tutkii, onko Israel syyllistynyt Gazassa kansanmurhaan. Israel on kiist\u00e4nyt t\u00e4m\u00e4n.<\/li>\n<li class=\"aw-1j7gwms gNYKfi\">EU-maista Espanja ja Slovenia ovat lopettaneet kaikki aseostot Israelista.<\/li>\n<\/ul>\n<p>Logistiikkalaitos p\u00e4\u00e4tti 58 miljoonan euron ohjusoptiosta<\/p>\n<p class=\"aw-1gybjub aw-1p7kakr kEtdKx cEmitX yle__article__paragraph\">Suurin Ylen tietoon tulleista logistiikkalaitoksen hankintap\u00e4\u00e4t\u00f6ksist\u00e4 on 58 miljoonan euron ohjusosto-option lunastaminen.<\/p>\n<p class=\"aw-1gybjub aw-1p7kakr kEtdKx cEmitX yle__article__paragraph\">Ohjuksia k\u00e4ytet\u00e4\u00e4n israelilaisessa Daavidin linko -ilmatorjuntaj\u00e4rjestelm\u00e4ss\u00e4.<\/p>\n<p class=\"aw-1gybjub aw-1p7kakr kEtdKx cEmitX yle__article__paragraph\"><strong class=\"aw-ak79eh KyCXm yle__article__strong\">Otteita ohjusoption hankintap\u00e4\u00e4t\u00f6ksest\u00e4:<\/strong><\/p>\n<p><img decoding=\"async\" alt=\"Puolustusvoimien logistiikkakeskuksen hankintap\u00e4\u00e4t\u00f6ksen sivu.\" src=\"https:\/\/www.europesays.com\/fi\/wp-content\/uploads\/2025\/12\/39-156428969316a4a1d0c7.jpeg\" class=\"aw-1l9m598 hKVVvP\"\/><\/p>\n<p>Avaa kuvien katselu<\/p>\n<p><img decoding=\"async\" alt=\"Puolustusvoimien logistiikkakeskuksen hankintap\u00e4\u00e4t\u00f6ksen sivu.\" src=\"https:\/\/www.europesays.com\/fi\/wp-content\/uploads\/2025\/12\/39-156429069316a4a8456e.jpeg\" class=\"aw-1l9m598 hKVVvP\"\/><\/p>\n<p>Avaa kuvien katselu<\/p>\n<p class=\"aw-1gybjub aw-1p7kakr kEtdKx cEmitX yle__article__paragraph\">Daavidin lingon hankinta on ollut usein esill\u00e4 keskustelussa Suomen ja Israelin asekaupoista.<\/p>\n<p class=\"aw-1gybjub aw-1p7kakr kEtdKx cEmitX yle__article__paragraph\">Suomi p\u00e4\u00e4tti yli 300 miljoonan euron ilmatorjuntaj\u00e4rjestelm\u00e4n ostamisesta huhtikuussa 2023. Israelilainen Rafael Advanced Defence Systems -yhti\u00f6 toimittaa j\u00e4rjestelm\u00e4n tulevina vuosina.<\/p>\n<p class=\"aw-1gybjub aw-1p7kakr kEtdKx cEmitX yle__article__paragraph\">P\u00e4\u00e4t\u00f6kseen sis\u00e4ltyi optio hankkia lis\u00e4\u00e4 ohjuksia, tutkia ja muita j\u00e4rjestelm\u00e4\u00e4n liittyvi\u00e4 tuotteita 213 miljoonalla eurolla.<\/p>\n<p class=\"aw-1gybjub aw-1p7kakr kEtdKx cEmitX yle__article__paragraph\">Logistiikkalaitoksella oli p\u00e4\u00e4t\u00f6svalta ohjusoption lunastamiseen. Se p\u00e4\u00e4tti asiasta t\u00e4m\u00e4n vuoden tammikuun lopussa. Ennen p\u00e4\u00e4t\u00f6st\u00e4 valtioneuvoston raha-asiainvaliokunta puolsi option lunastamista.<\/p>\n<p class=\"aw-1gybjub aw-1p7kakr kEtdKx cEmitX yle__article__paragraph\">Tampereen yliopiston rauhan- ja konfliktintutkimuskeskus TAPRI:ssa ty\u00f6skentelev\u00e4 Paasonen toteaa, ett\u00e4 vain muutama Suomen Israelista tekemist\u00e4 asekaupoista on kokonaisuudessaan ollut ohjusoptiota suurempi.<\/p>\n<p class=\"aw-1gybjub aw-1p7kakr kEtdKx cEmitX yle__article__paragraph\">\u2013 Tieto option lunastamisesta on t\u00e4h\u00e4n asti j\u00e4\u00e4nyt julkisuudelta piiloon.<\/p>\n<p class=\"aw-1gybjub aw-1p7kakr kEtdKx cEmitX yle__article__paragraph\">Paasonen pit\u00e4\u00e4 ongelmallisena, ettei puolustusministeri\u00f6 kysynyt p\u00e4\u00e4t\u00f6kseen ulkoministeri\u00f6n kannanottoa.<\/p>\n<p class=\"aw-1gybjub aw-1p7kakr kEtdKx cEmitX yle__article__paragraph\">\u2013 Vaikuttaa, ettei ulkopoliittista harkintaa ole k\u00e4yt\u00e4nn\u00f6ss\u00e4 tehty, vaikka kyseess\u00e4 on ollut ulkopoliittisesti kiistanalainen hankinta.<\/p>\n<p>Tietopyynt\u00f6 hankintap\u00e4\u00e4t\u00f6ksist\u00e4<\/p>\n<ul class=\"aw-1jjocuh iJTSwP yle__article__list yle__article__list--ul\">\n<li class=\"aw-1j7gwms gNYKfi\">Yle pyysi Puolustusvoimien logistiikkalaitokselta tietoja Israelista vuoden 2023 alun j\u00e4lkeen tehdyist\u00e4 puolustustarvikkeiden hankintap\u00e4\u00e4t\u00f6ksist\u00e4.<\/li>\n<li class=\"aw-1j7gwms gNYKfi\">Logistiikkalaitos luovutti 16 hankintap\u00e4\u00e4t\u00f6st\u00e4. Niist\u00e4 11 on tehty Gazan sodan alkamisen j\u00e4lkeen.<\/li>\n<li class=\"aw-1j7gwms gNYKfi\">Lis\u00e4ksi logistiikkalaitos kertoi tehneens\u00e4 11 t\u00e4ysin salattua hankintap\u00e4\u00e4t\u00f6st\u00e4 israelilaisilta puolustusteollisuusyhti\u00f6ilt\u00e4.<\/li>\n<li class=\"aw-1j7gwms gNYKfi\">Salattujen hankintap\u00e4\u00e4t\u00f6sten yhteisarvo on noin 17 miljoonaa euroa.<\/li>\n<li class=\"aw-1j7gwms gNYKfi\">Tietopyynn\u00f6ill\u00e4 saadut tiedot ovat julkisia.<\/li>\n<\/ul>\n<p>Logistiikkalaitos p\u00e4\u00e4tt\u00e4\u00e4 yleens\u00e4 alle 15 miljoonan euron hankinnoista<\/p>\n<p class=\"aw-1gybjub aw-1p7kakr kEtdKx cEmitX yle__article__paragraph\">Puolustusministeri\u00f6n toimivaltaan kuuluvat yli 15 miljoonan euron hankinnat Puolustusvoimille. Sit\u00e4 pienempien puolustushankintojen ratkaisuoikeus on logistiikkalaitoksella.<\/p>\n<p class=\"aw-1gybjub aw-1p7kakr kEtdKx cEmitX yle__article__paragraph\">Puolustusministeri\u00f6 korotti logistiikkalaitoksen ratkaisuoikeutta hankintap\u00e4\u00e4t\u00f6ksiss\u00e4 nelj\u00e4st\u00e4 miljoonasta eurosta 15 miljoonaan euroon kes\u00e4kuussa 2022.<\/p>\n<p class=\"aw-1gybjub aw-1p7kakr kEtdKx cEmitX yle__article__paragraph\">Puolustusministeri\u00f6n mukaan hankintaprosessia piti nopeuttaa muuttuneessa turvallisuustilanteessa, kun Ven\u00e4j\u00e4 oli hy\u00f6k\u00e4nnyt Ukrainaan.<\/p>\n<p class=\"aw-1gybjub aw-1p7kakr kEtdKx cEmitX yle__article__paragraph\">Ministeri\u00f6 voi antaa logistiikkalaitokselle oikeuden p\u00e4\u00e4tt\u00e4\u00e4 my\u00f6s yli 15 miljoonan euron optioista, jotka sis\u00e4ltyv\u00e4t alkuper\u00e4iseen hankintap\u00e4\u00e4t\u00f6kseen.<\/p>\n<p class=\"aw-1gybjub aw-1p7kakr kEtdKx cEmitX yle__article__paragraph\"><strong class=\"aw-ak79eh KyCXm yle__article__strong\">Katso video Suomen Israelista tilaamasta Daavidin linko -ilmatorjuntaj\u00e4rjestelm\u00e4st\u00e4:<\/strong><\/p>\n<p>Israelin armeija otti Daavidin linko -ilmatorjuntaj\u00e4rjestelm\u00e4n k\u00e4ytt\u00f6\u00f6n vuonna 2017. Suomi on ensimm\u00e4inen ulkomaa, joka on ostanut kyseisen ilmatorjuntaj\u00e4rjestelm\u00e4n.<\/p>\n<p class=\"aw-1gybjub aw-1p7kakr kEtdKx cEmitX yle__article__paragraph\">Puolustusvoimien logistiikkalaitoksen luovuttamista hankintap\u00e4\u00e4t\u00f6ksist\u00e4 on salattu j\u00e4rjestelm\u00e4tietoja, tilausten toimittajien nimi\u00e4, valmistelijoiden nimi\u00e4, sopimuskausien pituuksia ja varastointipaikkoja.<\/p>\n<p class=\"aw-1gybjub aw-1p7kakr kEtdKx cEmitX yle__article__paragraph\">Logistiikkalaitoksen luovuttamien dokumenttien lis\u00e4ksi se on tehnyt vuoden 2023 alun j\u00e4lkeen 11 t\u00e4ysin salattua hankintap\u00e4\u00e4t\u00f6st\u00e4, joiden yhteisarvo on noin 17 miljoonaa euroa.<\/p>\n<p><img decoding=\"async\" alt=\"Asiakirjoja, joissa on runsaasti tummennuksia tietojen peitt\u00e4miseksi.\" src=\"https:\/\/www.europesays.com\/fi\/wp-content\/uploads\/2025\/12\/39-15601876927244d03ba4.jpeg\" loading=\"lazy\" class=\"aw-1l9m598 hKVVvP\"\/><\/p>\n<p>Avaa kuvien katselu<\/p>\n<p>Kuvassa on Puolustusvoimien logistiikkalaitoksen israelilaisilta puolustusteollisuusyhti\u00f6ilt\u00e4 tekemi\u00e4 hankintap\u00e4\u00e4t\u00f6ksi\u00e4. Kuva: Mikko Koski \/ YleVaraosia voi ostaa vain alkuper\u00e4iselt\u00e4 toimittajalta<\/p>\n<p class=\"aw-1gybjub aw-1p7kakr kEtdKx cEmitX yle__article__paragraph\">Useimpien hankintap\u00e4\u00e4t\u00f6sten perusteluissa sanotaan, ettei Suomi voi ostaa tuotetta muualta kuin hankinnan alkuper\u00e4iselt\u00e4 israelilaiselta toimittajalta.<\/p>\n<p class=\"aw-1gybjub aw-1p7kakr kEtdKx cEmitX yle__article__paragraph\">P\u00e4\u00e4t\u00f6ksiss\u00e4 todetaan, ett\u00e4 esimerkiksi varaosia ja p\u00e4ivityksi\u00e4 voi hankkia vain laitteiden ja j\u00e4rjestelmien toimittajilta. Syyn\u00e4 on se, ettei tietoja saa luovuttaa kilpaileville valmistajille.<\/p>\n<p class=\"aw-1gybjub aw-1p7kakr kEtdKx cEmitX yle__article__paragraph\"><strong class=\"aw-ak79eh KyCXm yle__article__strong\">Otteita Puolustusvoimien Israelista tekemist\u00e4 hankintap\u00e4\u00e4t\u00f6ksist\u00e4:<\/strong><\/p>\n<p><img decoding=\"async\" alt=\"Puolustusvoimien logistiikkakeskuksen hankintap\u00e4\u00e4t\u00f6ksen sivu.\" src=\"https:\/\/www.europesays.com\/fi\/wp-content\/uploads\/2025\/12\/39-156428769316a493fc69.jpeg\" class=\"aw-1l9m598 hKVVvP\"\/><\/p>\n<p>Avaa kuvien katselu<\/p>\n<p><img decoding=\"async\" alt=\"Puolustusvoimien logistiikkakeskuksen hankintap\u00e4\u00e4t\u00f6ksen sivu.\" src=\"https:\/\/www.europesays.com\/fi\/wp-content\/uploads\/2025\/12\/39-156429369316a4b84093.jpeg\" class=\"aw-1l9m598 hKVVvP\"\/><\/p>\n<p>Avaa kuvien katselu<\/p>\n<p><img decoding=\"async\" alt=\"Puolustusvoimien logistiikkakeskuksen hankintap\u00e4\u00e4t\u00f6ksen sivu.\" src=\"https:\/\/www.europesays.com\/fi\/wp-content\/uploads\/2025\/12\/39-156429269316a4b15053.jpeg\" class=\"aw-1l9m598 hKVVvP\"\/><\/p>\n<p>Avaa kuvien katselu<\/p>\n<p><img decoding=\"async\" alt=\"Puolustusvoimien logistiikkakeskuksen hankintap\u00e4\u00e4t\u00f6ksen sivu.\" src=\"https:\/\/www.europesays.com\/fi\/wp-content\/uploads\/2025\/12\/39-156429169316a4ae3c5a.jpeg\" class=\"aw-1l9m598 hKVVvP\"\/><\/p>\n<p>Avaa kuvien katselu<\/p>\n<p class=\"aw-1gybjub aw-1p7kakr kEtdKx cEmitX yle__article__paragraph\">Puolustusministeri\u00f6n materiaaliyksik\u00f6n johtaja Pasi Pajunen sanoo, ett\u00e4 kysynt\u00e4 puolustusmarkkinoilla on ylitt\u00e4nyt tarjonnan Ven\u00e4j\u00e4n Ukrainassa aloittaman hy\u00f6kk\u00e4yssodan j\u00e4lkeen.<\/p>\n<p class=\"aw-1gybjub aw-1p7kakr kEtdKx cEmitX yle__article__paragraph\">\u2013 Puolustusmateriaalin hankinta-ajat ovat pitki\u00e4. Hankintojen peruminen ja uusien hankintaprosessien aloittaminen viiv\u00e4stytt\u00e4isi Suomen puolustuksen kannalta kriittisen suorituskyvyn rakentamista useilla vuosilla.<\/p>\n<p class=\"aw-1gybjub aw-1p7kakr kEtdKx cEmitX yle__article__paragraph\">Kari Paasosen mukaan Suomi olisi voinut ostaa asej\u00e4rjestelmi\u00e4 Israelin sijasta muualta.<\/p>\n<p class=\"aw-1gybjub aw-1p7kakr kEtdKx cEmitX yle__article__paragraph\">\u2013 On vaikea arvioida, kuinka kriittisi\u00e4 kaikki hankinnat ovat olleet. Kansainv\u00e4linen asekauppa on joka tapauksessa niin kilpailtu ala, ett\u00e4 samaa tarkoitusta palvelevia asej\u00e4rjestelmi\u00e4 ja muita tuotteita olisi voinut hankkia my\u00f6s muualta kuin Israelista.<\/p>\n<p class=\"aw-1gybjub aw-1p7kakr kEtdKx cEmitX yle__article__paragraph\"><strong class=\"aw-ak79eh KyCXm yle__article__strong\">Videolla v\u00e4it\u00f6skirjatutkija Kari Paasonen kertoo, onko Suomi riippuvainen Israelin aseteollisuudesta:<\/strong><\/p>\n<p>Kari Paasosen mukaan Suomi on vahvasti riippuvainen israelilaisesta aseteollisuudesta.<\/p>\n<p class=\"aw-1gybjub aw-1p7kakr kEtdKx cEmitX yle__article__paragraph\">Puolustusvoimien j\u00e4rjestelmien rakentaminen vie v\u00e4hint\u00e4\u00e4n vuosia ja ne voivat olla k\u00e4yt\u00f6ss\u00e4 vuosikymmeni\u00e4. J\u00e4rjestelmien korvaaminen kest\u00e4\u00e4 pitk\u00e4\u00e4n ja on kallista.<\/p>\n<p class=\"aw-1gybjub aw-1p7kakr kEtdKx cEmitX yle__article__paragraph\">Silti Paasonen pit\u00e4\u00e4 mahdollisena, ett\u00e4 Suomi voisi korvata Israelista jo tehdyt hankinnat.<\/p>\n<p class=\"aw-1gybjub aw-1p7kakr kEtdKx cEmitX yle__article__paragraph\">\u2013 Silloin Suomella olisi tulevina vuosikymmenin\u00e4 j\u00e4rjestelm\u00e4t, jotka olisi hankittu jostain luotettavammasta maasta kuin Israelista eli Euroopasta tai Yhdysvalloista.<\/p>\n","protected":false},"excerpt":{"rendered":"Suomi on tehnyt puolustushankintoja Israelista Gazan sodan aikana 67,2 miljoonalla eurolla. Hankinnat perustuvat ennen sotaa tehtyihin sopimuksiin. Suurin&hellip;\n","protected":false},"author":2,"featured_media":118480,"comment_status":"","ping_status":"","sticky":false,"template":"","format":"standard","meta":{"footnotes":""},"categories":[12],"tags":[10115,22,23,26,27,33,31,30,505,17,993,24,25,28,29,15,18,21,11591,4097,32,19,20,56,16],"class_list":{"0":"post-118479","1":"post","2":"type-post","3":"status-publish","4":"format-standard","5":"has-post-thumbnail","7":"category-suomi","8":"tag-asekauppa","9":"tag-breaking-news","10":"tag-breakingnews","11":"tag-featured-news","12":"tag-featurednews","13":"tag-fi","14":"tag-finland","15":"tag-finnish","16":"tag-gazan-sota","17":"tag-headlines","18":"tag-israel","19":"tag-latest-news","20":"tag-latestnews","21":"tag-main-news","22":"tag-mainnews","23":"tag-news","24":"tag-otsikot","25":"tag-paauutiset","26":"tag-puolustusministerio","27":"tag-puolustusvoimat","28":"tag-suomi","29":"tag-top-stories","30":"tag-topstories","31":"tag-ulkomaat","32":"tag-uutiset"},"share_on_mastodon":{"url":"https:\/\/pubeurope.com\/@fi\/115733107072320017","error":""},"_links":{"self":[{"href":"https:\/\/www.europesays.com\/fi\/wp-json\/wp\/v2\/posts\/118479","targetHints":{"allow":["GET"]}}],"collection":[{"href":"https:\/\/www.europesays.com\/fi\/wp-json\/wp\/v2\/posts"}],"about":[{"href":"https:\/\/www.europesays.com\/fi\/wp-json\/wp\/v2\/types\/post"}],"author":[{"embeddable":true,"href":"https:\/\/www.europesays.com\/fi\/wp-json\/wp\/v2\/users\/2"}],"replies":[{"embeddable":true,"href":"https:\/\/www.europesays.com\/fi\/wp-json\/wp\/v2\/comments?post=118479"}],"version-history":[{"count":0,"href":"https:\/\/www.europesays.com\/fi\/wp-json\/wp\/v2\/posts\/118479\/revisions"}],"wp:featuredmedia":[{"embeddable":true,"href":"https:\/\/www.europesays.com\/fi\/wp-json\/wp\/v2\/media\/118480"}],"wp:attachment":[{"href":"https:\/\/www.europesays.com\/fi\/wp-json\/wp\/v2\/media?parent=118479"}],"wp:term":[{"taxonomy":"category","embeddable":true,"href":"https:\/\/www.europesays.com\/fi\/wp-json\/wp\/v2\/categories?post=118479"},{"taxonomy":"post_tag","embeddable":true,"href":"https:\/\/www.europesays.com\/fi\/wp-json\/wp\/v2\/tags?post=118479"}],"curies":[{"name":"wp","href":"https:\/\/api.w.org\/{rel}","templated":true}]}}