{"id":11848,"date":"2025-08-21T06:06:07","date_gmt":"2025-08-21T06:06:07","guid":{"rendered":"https:\/\/www.europesays.com\/fi\/11848\/"},"modified":"2025-08-21T06:06:07","modified_gmt":"2025-08-21T06:06:07","slug":"milla-von-plato-tammeen-lasten-ja-nuortenkirjojen-kustannuspaallikoksi","status":"publish","type":"post","link":"https:\/\/www.europesays.com\/fi\/11848\/","title":{"rendered":"Milla von Plato Tammeen lasten- ja nuortenkirjojen kustannusp\u00e4\u00e4llik\u00f6ksi"},"content":{"rendered":"<p><strong><\/p>\n<p><strong>Tammen lasten- ja nuortenkirjatoimituksen nykyinen tiimi vahvistuu idearikkaalla ja vahvaa kaupallista n\u00e4kemyst\u00e4 omaavalla kustannusp\u00e4\u00e4llik\u00f6ll\u00e4, kun Milla von Plato aloittaa ty\u00f6ss\u00e4\u00e4n 1.10.2025. Tammen kantaviin voimiin kuuluva kustannustoimittaja Anna Warras j\u00e4\u00e4 el\u00e4kkeelle 1.12.2025.<\/strong><\/p>\n<p><\/strong><\/p>\n<p>\u201dIloitsemme Tammessa suuresti Millan paluusta joukkoihimme! Milla on osoittanut taitonsa uusien hankkeiden ideoinnissa ja kirjantekij\u00f6iden tukemisessa, ja lis\u00e4ksi h\u00e4nen kanssaan on aina kiva tehd\u00e4 t\u00f6it\u00e4\u201d, riemuitsee kustantaja <strong>Saara Tiuraniemi<\/strong>.<\/p>\n<p>Milla von Platolla on monipuolinen kokemus kirja-alalta. H\u00e4n tulee Tammeen Bazarilta, jossa on ty\u00f6skennellyt kotimaisen kaunokirjallisuuden kustannustoimittajana. T\u00e4t\u00e4 ennen Milla on toiminut pitk\u00e4\u00e4n Tammen lasten- ja nuortenkirjojen myyntip\u00e4\u00e4llikk\u00f6n\u00e4.<\/p>\n<p>\u201dTammi on minulle aiemman ty\u00f6ni kautta l\u00e4heiseksi tullut kustantamo, joten olen valtavan iloinen aloittaessani uudessa roolissa juuri Tammessa. Nuoria lukijoita t\u00e4rke\u00e4mp\u00e4\u00e4 kohderyhm\u00e4\u00e4 ei ole. Siksi tuntuu erityisen merkitykselliselt\u00e4 liitty\u00e4 arvostettuun lasten- ja nuortenkirjallisuuden tiimiin, joka ty\u00f6skentelee lahjakkaiden kirjailijoiden kanssa suurella syd\u00e4mell\u00e4 ja mahdollistaa unohtumattomia lukukokemuksia uusille sukupolville\u201d, sanoo Milla von Plato.<\/p>\n<p>\u201dHaluan my\u00f6s kiitt\u00e4\u00e4 l\u00e4mpim\u00e4sti my\u00f6hemmin t\u00e4n\u00e4 vuonna el\u00e4kkeelle j\u00e4\u00e4v\u00e4\u00e4 Anna Warrasta, jonka k\u00e4denj\u00e4lki Tammen lasten- ja nuortenkirjoissa on merkitt\u00e4v\u00e4. Anna on huumorintajuinen, valoisa ja ulosp\u00e4in suuntautunut persoona, joka on yli 30 vuotta jatkuneen uran aikana vaikuttanut suomalaiseen lasten- ja nuortenkirjallisuuteen vahvasti. H\u00e4nen ty\u00f6lleen on ollut ominaista vilpit\u00f6n kiinnostus maailman ilmi\u00f6it\u00e4 kohtaan: lasten ja nuorten maailman seuraaminen edellytt\u00e4\u00e4 nopeaa ja uteliasta mielenlaatua\u201d, sanoo kustantaja Saara Tiuraniemi.<\/p>\n<p>Anna Warras aloitti Tammessa kustannustoimittajana vuonna 1988. H\u00e4n on tehnyt merkitt\u00e4v\u00e4\u00e4 ja tuloksellista yhteisty\u00f6t\u00e4 lukuisten kotimaisten kirjantekij\u00f6iden kanssa. Heihin lukeutuvat muun muassa <strong>Sinikka<\/strong> ja <strong>Tiina Nopola<\/strong> ja <strong>Paula Noronen<\/strong>. Kustannustoimittajan ty\u00f6n ohella h\u00e4n on suomentanut kymmeni\u00e4 lastenkirjoja.<\/p>\n<p><strong>Lis\u00e4tiedot:<\/strong><\/p>\n<p>Saara Tiuraniemi, Tammen lasten- ja nuortenkirjallisuuden kustantaja<\/p>\n<p><a href=\"https:\/\/www.sttinfo.fi\/tiedote\/71371796\/mailto:saara.tiuraniemi@tammi.fi\" rel=\"nofollow noopener\" target=\"_blank\">saara.tiuraniemi@tammi.fi<\/a><\/p>\n<p>puh. 0400 873 335<\/p>\n","protected":false},"excerpt":{"rendered":"Tammen lasten- ja nuortenkirjatoimituksen nykyinen tiimi vahvistuu idearikkaalla ja vahvaa kaupallista n\u00e4kemyst\u00e4 omaavalla kustannusp\u00e4\u00e4llik\u00f6ll\u00e4, kun Milla von Plato&hellip;\n","protected":false},"author":2,"featured_media":11849,"comment_status":"","ping_status":"","sticky":false,"template":"","format":"standard","meta":{"footnotes":""},"categories":[134],"tags":[377,137,33,31,30,378,32,109],"class_list":{"0":"post-11848","1":"post","2":"type-post","3":"status-publish","4":"format-standard","5":"has-post-thumbnail","7":"category-kirjat","8":"tag-books","9":"tag-entertainment","10":"tag-fi","11":"tag-finland","12":"tag-finnish","13":"tag-kirjat","14":"tag-suomi","15":"tag-viihde"},"share_on_mastodon":{"url":"","error":""},"_links":{"self":[{"href":"https:\/\/www.europesays.com\/fi\/wp-json\/wp\/v2\/posts\/11848","targetHints":{"allow":["GET"]}}],"collection":[{"href":"https:\/\/www.europesays.com\/fi\/wp-json\/wp\/v2\/posts"}],"about":[{"href":"https:\/\/www.europesays.com\/fi\/wp-json\/wp\/v2\/types\/post"}],"author":[{"embeddable":true,"href":"https:\/\/www.europesays.com\/fi\/wp-json\/wp\/v2\/users\/2"}],"replies":[{"embeddable":true,"href":"https:\/\/www.europesays.com\/fi\/wp-json\/wp\/v2\/comments?post=11848"}],"version-history":[{"count":0,"href":"https:\/\/www.europesays.com\/fi\/wp-json\/wp\/v2\/posts\/11848\/revisions"}],"wp:featuredmedia":[{"embeddable":true,"href":"https:\/\/www.europesays.com\/fi\/wp-json\/wp\/v2\/media\/11849"}],"wp:attachment":[{"href":"https:\/\/www.europesays.com\/fi\/wp-json\/wp\/v2\/media?parent=11848"}],"wp:term":[{"taxonomy":"category","embeddable":true,"href":"https:\/\/www.europesays.com\/fi\/wp-json\/wp\/v2\/categories?post=11848"},{"taxonomy":"post_tag","embeddable":true,"href":"https:\/\/www.europesays.com\/fi\/wp-json\/wp\/v2\/tags?post=11848"}],"curies":[{"name":"wp","href":"https:\/\/api.w.org\/{rel}","templated":true}]}}