{"id":118483,"date":"2025-12-17T05:02:08","date_gmt":"2025-12-17T05:02:08","guid":{"rendered":"https:\/\/www.europesays.com\/fi\/118483\/"},"modified":"2025-12-17T05:02:08","modified_gmt":"2025-12-17T05:02:08","slug":"janne-saarinen-avautuu-kelkkailuonnettomuuden-vaikutuksista-gogin-kantabaarissa","status":"publish","type":"post","link":"https:\/\/www.europesays.com\/fi\/118483\/","title":{"rendered":"Janne Saarinen avautuu kelkkailuonnettomuuden vaikutuksista Gogin kantabaarissa"},"content":{"rendered":"<p>\n            20250923, Helsinki. Syke tv-sarjan pressi. Kuvassa Janne Saarinen.<br \/>\n            Timo Korhonen\n        <\/p>\n<p class=\"subtitle \">Janne Saarinen sai aivovamman kelkkailuonnettomuudessa. H\u00e4n kertoo Gogin kantabaarissa tilanteestaan nyt.<\/p>\n<p class=\"article-content article-content-width !bg-background\">Radiojuontaja-n\u00e4yttelij\u00e4  kertoo Gogin kantabaarin tuoreessa jaksossa 17.12. nykytilanteestaan onnettomuutensa j\u00e4lkeen.<\/p>\n<p class=\"font-weight-bold m-font-weight-bold article-content article-content-width !bg-background\">Video: Janne Saarinen, milloin nauroit viimeksi?<\/p>\n<p class=\"article-content article-content-width !bg-background\">Janne t\u00e4ht\u00e4si kelkkailijana vuoden 2026 talviolympialaisiin. Raju takaisku haaveelle sattui 20.11.2024, kun Janne kaatui harjoituslaskussa Norjan Lillehammerissa parinsa  kanssa. Janne loukkaantui vakavasti onnettomuudessa. H\u00e4n p\u00e4\u00e4tyi sairaalaan.<\/p>\n<p>        <a itemprop=\"url\" href=\"https:\/\/www.seiska.fi\/kotimaa\/janne-saarinen-vakavassa-onnettomuudessa-itkuinen-video-sairaalasta\/1527598\" rel=\"nofollow noopener\" target=\"_blank\"><\/p>\n<p class=\"section-date\">\n        <strong class=\"article-section\" data-section=\"kotimaa\"><br \/>\n            kotimaa<br \/>\n        <\/strong><br \/>\n        21.11.2024 14:57\n    <\/p>\n<p>Janne Saarinen vakavassa onnettomuudessa \u2013 itkuinen video sairaalasta!\n    <\/p>\n<p itemprop=\"description\" class=\"subtitle \">\n    Janne julkaisi videon pian sen j\u00e4lkeen, kun h\u00e4n oli her\u00e4nnyt sairaalasta.\n<\/p>\n<p>        <\/a><\/p>\n<p class=\"article-content article-content-width !bg-background\">Podcastin luotsaaja  kysyy Jannelta, mill\u00e4 mielin t\u00e4m\u00e4 seuraa vuodenvaihteessa Italiassa alkavia talviolympialaisia. Jannen lis\u00e4ksi jakson vieraana on toimittaja-juontaja .<\/p>\n<p class=\"article-content article-content-width !bg-background\">\u2013 J\u00e4nn\u00e4 reaktio k\u00e4vi \u00e4sken, koska kun media on t\u00e4st\u00e4 kysellyt, niin siihen on keksinyt aina saman vastauksen, joka tulee aina automaattisesti, mutta teid\u00e4n kanssanne t\u00e4m\u00e4 ei tunnu semmoiselta, vaan olemme v\u00e4h\u00e4n kuin frendej\u00e4, Janne toteaa ja sanoo:<\/p>\n<p class=\"article-content article-content-width !bg-background\">\u2013 Yht\u00e4kki\u00e4 huomasin, ett\u00e4 apua, nyt alkaa tulla kyyneleit\u00e4 heti, kun nostit tuon aiheen, koska se on oikeasti, mit\u00e4 tunnen.<\/p>\n<p class=\"article-content article-content-width !bg-background\">Janne kertoo, ett\u00e4 jotkut unelmat murskaantuvat, ja t\u00e4ss\u00e4 tapauksessa unelma oli jo tavoite, koska h\u00e4n oli jo sen laittanut k\u00e4yt\u00e4nt\u00f6\u00f6n. H\u00e4n oli pist\u00e4nyt kaikkensa likoon unelmansa eteen, ja kun se vietiin, tuntui se h\u00e4nest\u00e4 pahalta.<\/p>\n<p>Janne herkistyy<\/p>\n<p class=\"article-content article-content-width !bg-background\">Janne kertoo, ettei ole katkera tapahtuneesta, koska h\u00e4n on pystynyt kokeilemaan unelmaansa. Laji vie vuositasolla kymmeni\u00e4 tuhansia euroja, ja h\u00e4n on pystynyt sit\u00e4 harjoittamaan. Janne sanoo my\u00f6s, ett\u00e4 on hyv\u00e4ksynyt tilanteensa. H\u00e4n on my\u00f6s k\u00e4\u00e4nt\u00e4nyt ajatusmaailmansa niin, ett\u00e4 h\u00e4nell\u00e4 k\u00e4vi tuuri, ettei k\u00e4ynyt pahemmin.<\/p>\n<p class=\"article-content article-content-width !bg-background\">Tilanne on mennyt h\u00e4nen mukaansa paremmin, mutta esimerkiksi Gogin podcastissa vierailu on h\u00e4nelle eritt\u00e4in stressaava tilanne.<\/p>\n<p class=\"article-content article-content-width !bg-background\">\u2013 Joudun miettim\u00e4\u00e4n tosi pitk\u00e4\u00e4n asioita, mit\u00e4 sanon. Ja se ett\u00e4 olen ollut sellainen tyyppi aina, joka l\u00f6yt\u00e4\u00e4 sanat joka tilanteeseen, ja nyt min\u00e4 joudunkin tosi paljon miettim\u00e4\u00e4n, mit\u00e4 sanon, koska minulla ei tule niit\u00e4 sanoja p\u00e4\u00e4h\u00e4ni, Janne murtuu kyyneliin.<\/p>\n<p>        <a itemprop=\"url\" href=\"https:\/\/www.seiska.fi\/kotimaa\/aivovamman-saanut-janne-saarinen-pimeassa-on-kavelty\/1998983\" rel=\"nofollow noopener\" target=\"_blank\"><\/p>\n<p>\nAivovamman saanut Syke-t\u00e4hti:\n<\/p>\n<p class=\"section-date\">\n        <strong class=\"article-section\" data-section=\"kotimaa\"><br \/>\n            kotimaa<br \/>\n        <\/strong><br \/>\n        20.11. 20:30\n    <\/p>\n<p>Aivovamman saanut Janne Saarinen: &#8221;Pime\u00e4ss\u00e4 on k\u00e4velty&#8221;\n    <\/p>\n<p itemprop=\"description\" class=\"subtitle \">\n    Syke-sarjan t\u00e4hden onnettomuudesta on kulunut nyt vuosi.\n<\/p>\n<p>        <\/a><\/p>\n<p>                <img decoding=\"async\" src=\"https:\/\/www.europesays.com\/fi\/wp-content\/uploads\/2025\/12\/1999097.webp\" width=\"576\" height=\"274\" alt=\"Janne on tullut tutuksi muun muassa Syke-sarjasta.\" loading=\"lazy\" \/>            <\/p>\n<p>\n            Janne on tullut tutuksi muun muassa Syke-sarjasta.<br \/>\n            Jani Korpela\n        <\/p>\n<p class=\"article-content article-content-width !bg-background\">Janne kertoo, ett\u00e4 onnettomuus on aiheuttanut sen, ettei sanoja l\u00f6ydy kuten ennen. H\u00e4n kertoo, ett\u00e4 on pelottavaa, kun ei voi olla t\u00e4ysin tilanteen p\u00e4\u00e4ll\u00e4. H\u00e4n sanoo rakastavansa ihmisi\u00e4, jotka osaavat k\u00e4ytt\u00e4\u00e4 suomen kielt\u00e4 rikkaasti, kuten h\u00e4n saattoi tehd\u00e4 ennen.<\/p>\n<p class=\"article-content article-content-width !bg-background\">Radioty\u00f6ss\u00e4\u00e4n Janne ei ennen onnettomuutta tehnyt itselleen k\u00e4sikirjoitusta l\u00e4hetyst\u00e4 varten, mutta nykyisin h\u00e4nell\u00e4 t\u00e4ytyy olla asioita paperilla tukemassa l\u00e4hetyksen kulkua.<\/p>\n<p class=\"article-content article-content-width !bg-background\">\u2013 Minun on pakko, koska saattaa k\u00e4yd\u00e4 niin, ett\u00e4 hukkaan yht\u00e4kki\u00e4, mist\u00e4 puhun, miss\u00e4 olen. Ja kuitenkin haluan antaa kuulijalleni sen fiiliksen, ett\u00e4 t\u00e4m\u00e4 on kaikkien aikojen paras p\u00e4iv\u00e4, Janne kertoo.<\/p>\n<p>        <a itemprop=\"url\" href=\"https:\/\/www.seiska.fi\/katso\/kia-lehmuskoski-podcastissa-sukset-ristiin-ttk-tanssiparin-kanssa\/2010151\" rel=\"nofollow noopener\" target=\"_blank\"><\/p>\n<p>\nKia Lehmuskoski podcastissa:\n<\/p>\n<p class=\"section-date\">\n        <strong class=\"article-section\" data-section=\"katso\"><br \/>\n            katso<br \/>\n        <\/strong><br \/>\n        10.12. 06:15\n    <\/p>\n<p>Kia Lehmuskoski podcastissa: Sukset ristiin TTK-tanssiparin kanssa\n    <\/p>\n<p itemprop=\"description\" class=\"subtitle \">\n    Kia Lehmuskoski my\u00f6nt\u00e4\u00e4, ett\u00e4 uransa aikana h\u00e4nell\u00e4 on ollut ihastumisia tanssiparia kohtaan.\n<\/p>\n<p>        <\/a><\/p>\n<p>Pelottava tilanne<\/p>\n<p class=\"article-content article-content-width !bg-background\">H\u00e4n kertoo, ett\u00e4 podcastissa vierailu on pelottavaa, koska h\u00e4nell\u00e4 ei ole mihin tukeutua. H\u00e4n kokee kuitenkin, kun tarpeeksi k\u00e4y ep\u00e4mukavuusalueella, siit\u00e4 syntyy hyvi\u00e4 asioita.<\/p>\n<p class=\"article-content article-content-width !bg-background\">\u2013 Aika pys\u00e4ytt\u00e4v\u00e4 diagnoosi, en tuollaista ajatellut. Kun mainitsit tuon suomen kielen kikkailun, voin allekirjoittaa, on varmaan kamalaa, Peltsi pohtii.<\/p>\n<p class=\"article-content article-content-width !bg-background\">Janne kertoo, ett\u00e4 onnettomuuden vaikutuksia ei osata m\u00e4\u00e4ritt\u00e4\u00e4, eli mihin se lopulta vaikuttaa ja kuinka pitk\u00e4\u00e4n.<\/p>\n<p class=\"article-content article-content-width !bg-background\">\u2013 Yritet\u00e4\u00e4n taklata kaikki pois, mit\u00e4 on taklattavissa.<\/p>\n<p class=\"article-content article-content-width !bg-background\">Olympialaisia h\u00e4n ei ole kokonaan heitt\u00e4nyt pois, sill\u00e4 h\u00e4n tiet\u00e4\u00e4, kuinka hyv\u00e4 iskukyky h\u00e4nell\u00e4 parinsa kanssa oli. Perspektiivi on muuttunut, sill\u00e4 suurempia unelmia h\u00e4nell\u00e4 my\u00f6s on.<\/p>\n<p class=\"italic m-italic article-content article-content-width !bg-background\">Gogin kantabaari Yle Areenassa.<\/p>\n<p>        <a itemprop=\"url\" href=\"https:\/\/www.seiska.fi\/katso\/gogi-mavromichalis-pidatettiin-ulkomailla\/1904567\" rel=\"nofollow noopener\" target=\"_blank\"><\/p>\n<p>\nGogi Mavromichalis\n<\/p>\n<p class=\"section-date\">\n        <strong class=\"article-section\" data-section=\"katso\"><br \/>\n            katso<br \/>\n        <\/strong><br \/>\n        20.8. 10:15\n    <\/p>\n<p>Gogi Mavromichalis pid\u00e4tettiin ulkomailla\n    <\/p>\n<p itemprop=\"description\" class=\"subtitle \">\n    Gogi joutui tekemisiin poliisin kanssa Isossa-Britanniassa.\n<\/p>\n<p>        <\/a><\/p>\n","protected":false},"excerpt":{"rendered":"20250923, Helsinki. Syke tv-sarjan pressi. Kuvassa Janne Saarinen. Timo Korhonen Janne Saarinen sai aivovamman kelkkailuonnettomuudessa. H\u00e4n kertoo Gogin&hellip;\n","protected":false},"author":2,"featured_media":118484,"comment_status":"","ping_status":"","sticky":false,"template":"","format":"standard","meta":{"footnotes":""},"categories":[136],"tags":[4969,407,137,33,31,30,2858,4898,11415,408,11414,3222,2923,32,2775,1318,109],"class_list":{"0":"post-118483","1":"post","2":"type-post","3":"status-publish","4":"format-standard","5":"has-post-thumbnail","7":"category-julkkikset","8":"tag-aivovamma","9":"tag-celebrities","10":"tag-entertainment","11":"tag-fi","12":"tag-finland","13":"tag-finnish","14":"tag-gogi-mavromichalis","15":"tag-gogin-kantabaari","16":"tag-janne-saarinen","17":"tag-julkkikset","18":"tag-kelkkailuonnettomuus","19":"tag-mikko-peltola","20":"tag-podcast","21":"tag-suomi","22":"tag-talviolympialaiset","23":"tag-tv-ohjelma","24":"tag-viihde"},"share_on_mastodon":{"url":"https:\/\/pubeurope.com\/@fi\/115733158009225960","error":""},"_links":{"self":[{"href":"https:\/\/www.europesays.com\/fi\/wp-json\/wp\/v2\/posts\/118483","targetHints":{"allow":["GET"]}}],"collection":[{"href":"https:\/\/www.europesays.com\/fi\/wp-json\/wp\/v2\/posts"}],"about":[{"href":"https:\/\/www.europesays.com\/fi\/wp-json\/wp\/v2\/types\/post"}],"author":[{"embeddable":true,"href":"https:\/\/www.europesays.com\/fi\/wp-json\/wp\/v2\/users\/2"}],"replies":[{"embeddable":true,"href":"https:\/\/www.europesays.com\/fi\/wp-json\/wp\/v2\/comments?post=118483"}],"version-history":[{"count":0,"href":"https:\/\/www.europesays.com\/fi\/wp-json\/wp\/v2\/posts\/118483\/revisions"}],"wp:featuredmedia":[{"embeddable":true,"href":"https:\/\/www.europesays.com\/fi\/wp-json\/wp\/v2\/media\/118484"}],"wp:attachment":[{"href":"https:\/\/www.europesays.com\/fi\/wp-json\/wp\/v2\/media?parent=118483"}],"wp:term":[{"taxonomy":"category","embeddable":true,"href":"https:\/\/www.europesays.com\/fi\/wp-json\/wp\/v2\/categories?post=118483"},{"taxonomy":"post_tag","embeddable":true,"href":"https:\/\/www.europesays.com\/fi\/wp-json\/wp\/v2\/tags?post=118483"}],"curies":[{"name":"wp","href":"https:\/\/api.w.org\/{rel}","templated":true}]}}