{"id":118493,"date":"2025-12-17T05:14:20","date_gmt":"2025-12-17T05:14:20","guid":{"rendered":"https:\/\/www.europesays.com\/fi\/118493\/"},"modified":"2025-12-17T05:14:20","modified_gmt":"2025-12-17T05:14:20","slug":"nobel-palkittu-machado-mursi-selkanikamansa-matkallaan-venezuelasta-norjaan-uutissuomalainen","status":"publish","type":"post","link":"https:\/\/www.europesays.com\/fi\/118493\/","title":{"rendered":"Nobel-palkittu Machado mursi selk\u00e4nikamansa matkallaan Venezuelasta Norjaan | Uutissuomalainen"},"content":{"rendered":"<p>Nobelin rauhanpalkinnon saanut venezuelalainen oppositiojohtaja Maria Corina Machado mursi selk\u00e4nikamansa poistuessaan viime viikolla Venezuelasta matkalla Norjaan vastaanottamaan palkintoa.<\/p>\n<p>Norjalaisen <a href=\"https:\/\/www.aftenposten.no\/verden\/i\/5pVdw6\/maria-corina-machado-ble-skadet-under-flukten-fra-venezuela\" rel=\"nofollow noopener\" target=\"_blank\">Aftenposten<\/a>-lehden mukaan tapaturma sattui kalastusveneell\u00e4 tehdyll\u00e4 vaarallisella merimatkalla. Lehden mukaan Machado k\u00e4vi tutkimuksissa Oslon yliopistollisessa sairaalassa. Machadon tiedottaja vahvisti nikamamurtuman, mutta ei antanut asiasta lis\u00e4tietoja.<\/p>\n<p>Yhdysvaltalaisen <a href=\"https:\/\/www.wsj.com\/world\/americas\/rescued-at-sea-how-venezuelas-machado-survived-the-riskiest-leg-of-her-escape-1e47a73c\" rel=\"nofollow noopener\" target=\"_blank\">Wall Street Journal<\/a> -lehden mukaan Machado matkusti kalastusveneell\u00e4 Venezuelasta Hollantiin kuuluvalle Curacaon saarelle, josta yksityiskone lenn\u00e4tti h\u00e4net Osloon. Kovassa merenk\u00e4ynniss\u00e4 tehty merimatka kesti l\u00e4hes 12 tuntia. Vene eksyi kurssistaan, koska sen gps-laite putosi mereen eik\u00e4 sen varaj\u00e4rjestelm\u00e4 toiminut.<\/p>\n<p>Machado my\u00f6h\u00e4styi lopulta t\u00e4p\u00e4r\u00e4sti Nobel-seremoniasta.<\/p>\n","protected":false},"excerpt":{"rendered":"Nobelin rauhanpalkinnon saanut venezuelalainen oppositiojohtaja Maria Corina Machado mursi selk\u00e4nikamansa poistuessaan viime viikolla Venezuelasta matkalla Norjaan vastaanottamaan palkintoa.&hellip;\n","protected":false},"author":2,"featured_media":118494,"comment_status":"","ping_status":"","sticky":false,"template":"","format":"standard","meta":{"footnotes":""},"categories":[14],"tags":[22,23,26,27,33,31,30,17,24,25,41,72,28,29,930,15,5836,18,21,637,32,19,20,56,16,872,59,60,61,534],"class_list":{"0":"post-118493","1":"post","2":"type-post","3":"status-publish","4":"format-standard","5":"has-post-thumbnail","7":"category-ulkomaat","8":"tag-breaking-news","9":"tag-breakingnews","10":"tag-featured-news","11":"tag-featurednews","12":"tag-fi","13":"tag-finland","14":"tag-finnish","15":"tag-headlines","16":"tag-latest-news","17":"tag-latestnews","18":"tag-liikunta-ja-urheilu","19":"tag-luonto","20":"tag-main-news","21":"tag-mainnews","22":"tag-metsastys-ja-kalastus","23":"tag-news","24":"tag-oslo","25":"tag-otsikot","26":"tag-paauutiset","27":"tag-politiikka","28":"tag-suomi","29":"tag-top-stories","30":"tag-topstories","31":"tag-ulkomaat","32":"tag-uutiset","33":"tag-vesistot","34":"tag-world","35":"tag-world-news","36":"tag-worldnews","37":"tag-ymparisto-ja-luonto"},"share_on_mastodon":{"url":"https:\/\/pubeurope.com\/@fi\/115733205117126925","error":""},"_links":{"self":[{"href":"https:\/\/www.europesays.com\/fi\/wp-json\/wp\/v2\/posts\/118493","targetHints":{"allow":["GET"]}}],"collection":[{"href":"https:\/\/www.europesays.com\/fi\/wp-json\/wp\/v2\/posts"}],"about":[{"href":"https:\/\/www.europesays.com\/fi\/wp-json\/wp\/v2\/types\/post"}],"author":[{"embeddable":true,"href":"https:\/\/www.europesays.com\/fi\/wp-json\/wp\/v2\/users\/2"}],"replies":[{"embeddable":true,"href":"https:\/\/www.europesays.com\/fi\/wp-json\/wp\/v2\/comments?post=118493"}],"version-history":[{"count":0,"href":"https:\/\/www.europesays.com\/fi\/wp-json\/wp\/v2\/posts\/118493\/revisions"}],"wp:featuredmedia":[{"embeddable":true,"href":"https:\/\/www.europesays.com\/fi\/wp-json\/wp\/v2\/media\/118494"}],"wp:attachment":[{"href":"https:\/\/www.europesays.com\/fi\/wp-json\/wp\/v2\/media?parent=118493"}],"wp:term":[{"taxonomy":"category","embeddable":true,"href":"https:\/\/www.europesays.com\/fi\/wp-json\/wp\/v2\/categories?post=118493"},{"taxonomy":"post_tag","embeddable":true,"href":"https:\/\/www.europesays.com\/fi\/wp-json\/wp\/v2\/tags?post=118493"}],"curies":[{"name":"wp","href":"https:\/\/api.w.org\/{rel}","templated":true}]}}