{"id":118496,"date":"2025-12-17T05:16:09","date_gmt":"2025-12-17T05:16:09","guid":{"rendered":"https:\/\/www.europesays.com\/fi\/118496\/"},"modified":"2025-12-17T05:16:09","modified_gmt":"2025-12-17T05:16:09","slug":"tanaan-oikeudessa-puhuvat-auerin-lapsia-haastatelleet-psykologit","status":"publish","type":"post","link":"https:\/\/www.europesays.com\/fi\/118496\/","title":{"rendered":"T\u00e4n\u00e4\u00e4n oikeudessa puhuvat Auerin lapsia haastatelleet psykologit"},"content":{"rendered":"<p>Anneli Auerin tapaus|Anneli Auerin oikeudenk\u00e4ynti jatkuu keskiviikkona Auerin lapsia haastatelleiden oikeuspsykologien kuulemisella. HS seuraa kello 09.00 alkavaa istuntoa paikan p\u00e4\u00e4ll\u00e4.<\/p>\n<p>Lue tiivistelm\u00e4<\/p>\n<p>Tiivistelm\u00e4 on teko\u00e4lyn tekem\u00e4 ja ihmisen tarkistama.<\/p>\n<p class=\"article-body mb-nof-24 px-nof-16 sndp-summary-bullet-point-font\">Turun k\u00e4r\u00e4j\u00e4oikeus kuulee t\u00e4n\u00e4\u00e4n kahta oikeuspsykologia, jotka haastattelivat Anneli Auerin lapsia vuonna 2011 ja arvioivat heid\u00e4n kertomustensa luotettavuutta.<\/p>\n<p class=\"article-body mb-nof-24 px-nof-16 sndp-summary-bullet-point-font\">Oikeudenk\u00e4ynniss\u00e4 on noussut esiin ristiriita, sill\u00e4 psykologien lausunnot perustuvat oletukseen ett\u00e4 lasten kertomukset syntyiv\u00e4t spontaanisti hein\u00e4kuussa 2011, mutta keskeiset videot kuvattiin vasta elokuussa.<\/p>\n<p class=\"article-body mb-nof-24 px-nof-16 sndp-summary-bullet-point-font\">Aueria ja Jens Kukkaa syytet\u00e4\u00e4n t\u00f6rkeist\u00e4 seksuaalirikoksista, ja Auerin aikuistuneet lapset ovat peruneet kertomuksensa ja kertoneet sijaisvanhempien johdatelleen heit\u00e4.<\/p>\n<p class=\"article-body mb-nof-24 px-nof-16\">Turun k\u00e4r\u00e4j\u00e4oikeus kuulee t\u00e4n\u00e4\u00e4n keskiviikkona kahta oikeuspsykologia, jotka haastattelivat Anneli Auerin lapsia vuonna 2011. Kuultavina ovat Tyksin lasten ja nuorten oikeuspsykologian yksik\u00f6n psykologit <a class=\"article-personlink\" href=\"https:\/\/www.hs.fi\/haku\/?query=Anu%20Arom%C3%A4ki-Stratos\" rel=\"nofollow noopener\" target=\"_blank\">Anu Arom\u00e4ki-Stratos <\/a>ja <a class=\"article-personlink\" href=\"https:\/\/www.hs.fi\/haku\/?query=Sanna-Kaija%20Nuotio\" rel=\"nofollow noopener\" target=\"_blank\">Sanna-Kaija Nuotio<\/a>.<\/p>\n<p class=\"article-body mb-nof-24 px-nof-16\">Psykologit arvioivat aikanaan lasten kertomusten luotettavuutta. Syytt\u00e4j\u00e4 pyysi oikeuspsykologeilta toissa vuonna hypoteesilausunnon todisteeksi osoittaakseen, ett\u00e4 lasten alkuper\u00e4iset hyv\u00e4ksik\u00e4ytt\u00f6kertomukset vuodelta 2011 olivat totuudenmukaisia.<\/p>\n<p class=\"article-body mb-nof-24 px-nof-16\">Lausunnossa psykologit p\u00e4\u00e4tyiv\u00e4t pit\u00e4m\u00e4\u00e4n eritt\u00e4in todenn\u00e4k\u00f6isen\u00e4, ett\u00e4 lasten alkuper\u00e4iset kertomukset olivat totta. Aikuisten lasten takaisinvedon he arvioivat johtuvan ulkoisesta vaikuttamisesta, stigman v\u00e4ltt\u00e4misest\u00e4 sek\u00e4 tarpeesta saada perheen hyv\u00e4ksynt\u00e4.<\/p>\n<p class=\"article-body mb-nof-24 px-nof-16\">\u201dVarsinaisen valetarinan kertominen vaatii kuitenkin monia taitoja, mihin pienten lasten kyvyt eiv\u00e4t viel\u00e4 riit\u00e4. Niinp\u00e4 pikkulapset saattavatkin j\u00e4\u00e4d\u00e4 kiinni valehtelustaan suhteellisen helposti esimerkiksi muutaman lis\u00e4kysymyksen my\u00f6t\u00e4, eiv\u00e4tk\u00e4 he siten kykene &#8217;t\u00e4ysimittaiseen valehteluun\u201d, psykologit kirjoittivat lausunnossaan.<\/p>\n<p class=\"article-body mb-nof-24 px-nof-16\">Oikeudenk\u00e4ynnin aikana on noussut esiin ristiriita, joka koskee lasten kertomusten synty\u00e4.<\/p>\n<p class=\"article-body mb-nof-24 px-nof-16\">Psykologien lausunnot perustuvat oletukseen, ett\u00e4 lasten kertomukset syntyiv\u00e4t spontaanisti lyhyess\u00e4 ajassa hein\u00e4kuun lopussa 2011. Sijaisvanhemmat kertoivat viranomaisille, ett\u00e4 lapset alkoivat kertoa murhay\u00f6st\u00e4 hein\u00e4kuun viimeisen\u00e4 viikonloppuna veneretkell\u00e4.<\/p>\n<p class=\"article-body mb-nof-24 px-nof-16\">Sijaisis\u00e4 kuitenkin my\u00f6nsi oikeudessa marraskuussa, ett\u00e4 h\u00e4n kuvasi tuona viikonloppuna vain yhden puolen minuutin pituisen videon. Kaksi oikeuspsykologien ensimm\u00e4isin\u00e4 pit\u00e4m\u00e4\u00e4 videota kuvattiinkin vasta 14. elokuuta \u2013 kaksi p\u00e4iv\u00e4\u00e4 ennen ensimm\u00e4isi\u00e4 virallisia haastatteluja.<\/p>\n<p class=\"article-body mb-nof-24 px-nof-16\">Psykologit arvioivat lausunnoissaan erityisesti yht\u00e4 videota, jossa 12-vuotias poika kertoo yksityiskohtaisesti murhay\u00f6st\u00e4. He pitiv\u00e4t videota ensimm\u00e4isen\u00e4 kuvattuna ja arvioivat kertomuksen spontaaniksi. Todellisuudessa video kuvattiin yli kaksi viikkoa v\u00e4itettyjen ensimm\u00e4isten kertomusten j\u00e4lkeen.<\/p>\n<p class=\"article-body mb-nof-24 px-nof-16\">Poika, joka on nyt aikuinen, kertoi oikeudessa, ett\u00e4 kertomuksia harjoiteltiin usean viikon ajan.<\/p>\n<p class=\"article-body mb-nof-24 px-nof-16\">Keskiviikon istunnossa puolustuksella on mahdollisuus kysy\u00e4 psykologeilta, miten virheellinen tieto videoiden kuvaamisajankohdasta on vaikuttanut heid\u00e4n arvioihinsa.<\/p>\n<p class=\"article-body mb-nof-24 px-nof-16\">Aueria ja Jens Kukkaa syytet\u00e4\u00e4n t\u00f6rkeist\u00e4 seksuaalirikoksista. Kumpikin kiist\u00e4\u00e4 syytteet. Auerin aikuistuneet lapset ovat peruneet kertomuksensa ja kertoneet oikeudessa, ett\u00e4 sijaisvanhemmat johdattelivat heit\u00e4.<\/p>\n<p class=\"article-body mb-nof-24 px-nof-16\">Korkein oikeus purki joulukuussa 2024 Auerin ja Kukan aiemmat seksuaalirikostuomiot. Uusi oikeudenk\u00e4ynti alkoi Varsinais-Suomen k\u00e4r\u00e4j\u00e4oikeudessa lokakuussa 2025.<\/p>\n<p class=\"article-body mb-nof-24 px-nof-16\">HS seuraa istuntoa Turun oikeustalolla.<\/p>\n","protected":false},"excerpt":{"rendered":"Anneli Auerin tapaus|Anneli Auerin oikeudenk\u00e4ynti jatkuu keskiviikkona Auerin lapsia haastatelleiden oikeuspsykologien kuulemisella. HS seuraa kello 09.00 alkavaa istuntoa&hellip;\n","protected":false},"author":2,"featured_media":118497,"comment_status":"","ping_status":"","sticky":false,"template":"","format":"standard","meta":{"footnotes":""},"categories":[5],"tags":[22,23,26,27,33,31,30,17,46,24,25,28,29,15,18,21,32,19,20,16],"class_list":{"0":"post-118496","1":"post","2":"type-post","3":"status-publish","4":"format-standard","5":"has-post-thumbnail","7":"category-otsikot","8":"tag-breaking-news","9":"tag-breakingnews","10":"tag-featured-news","11":"tag-featurednews","12":"tag-fi","13":"tag-finland","14":"tag-finnish","15":"tag-headlines","16":"tag-helsingin-sanomat","17":"tag-latest-news","18":"tag-latestnews","19":"tag-main-news","20":"tag-mainnews","21":"tag-news","22":"tag-otsikot","23":"tag-paauutiset","24":"tag-suomi","25":"tag-top-stories","26":"tag-topstories","27":"tag-uutiset"},"share_on_mastodon":{"url":"https:\/\/pubeurope.com\/@fi\/115733212851392876","error":""},"_links":{"self":[{"href":"https:\/\/www.europesays.com\/fi\/wp-json\/wp\/v2\/posts\/118496","targetHints":{"allow":["GET"]}}],"collection":[{"href":"https:\/\/www.europesays.com\/fi\/wp-json\/wp\/v2\/posts"}],"about":[{"href":"https:\/\/www.europesays.com\/fi\/wp-json\/wp\/v2\/types\/post"}],"author":[{"embeddable":true,"href":"https:\/\/www.europesays.com\/fi\/wp-json\/wp\/v2\/users\/2"}],"replies":[{"embeddable":true,"href":"https:\/\/www.europesays.com\/fi\/wp-json\/wp\/v2\/comments?post=118496"}],"version-history":[{"count":0,"href":"https:\/\/www.europesays.com\/fi\/wp-json\/wp\/v2\/posts\/118496\/revisions"}],"wp:featuredmedia":[{"embeddable":true,"href":"https:\/\/www.europesays.com\/fi\/wp-json\/wp\/v2\/media\/118497"}],"wp:attachment":[{"href":"https:\/\/www.europesays.com\/fi\/wp-json\/wp\/v2\/media?parent=118496"}],"wp:term":[{"taxonomy":"category","embeddable":true,"href":"https:\/\/www.europesays.com\/fi\/wp-json\/wp\/v2\/categories?post=118496"},{"taxonomy":"post_tag","embeddable":true,"href":"https:\/\/www.europesays.com\/fi\/wp-json\/wp\/v2\/tags?post=118496"}],"curies":[{"name":"wp","href":"https:\/\/api.w.org\/{rel}","templated":true}]}}