{"id":118498,"date":"2025-12-17T05:28:07","date_gmt":"2025-12-17T05:28:07","guid":{"rendered":"https:\/\/www.europesays.com\/fi\/118498\/"},"modified":"2025-12-17T05:28:07","modified_gmt":"2025-12-17T05:28:07","slug":"antti-railio-ja-siiri-vaimo-nauttivat-joulusta-elamansa-vaikeimman-vuoden-jalkeen-pelkasimme-etta-siiri-halvaantuu","status":"publish","type":"post","link":"https:\/\/www.europesays.com\/fi\/118498\/","title":{"rendered":"Antti Railio ja Siiri-vaimo nauttivat joulusta el\u00e4m\u00e4ns\u00e4 vaikeimman vuoden j\u00e4lkeen: \u201dPelk\u00e4simme, ett\u00e4 Siiri halvaantuu\u201d"},"content":{"rendered":"<p>Laulaja Antti Railio ja h\u00e4nen vaimonsa Siiri Railio valmistautuvat Etel\u00e4-Pohjanmaalla ihanaan ja l\u00e4mp\u00f6iseen perhejouluun. Se tulee tarpeeseen yhdess\u00e4 koetun rankan vuoden p\u00e4\u00e4tteeksi.<\/p>\n<p class=\"paragraph\">Sein\u00e4joen kupeessa sijaitsevan omakotitalon olohuoneessa t\u00f6r\u00f6tti koristeltu kuusi jo marraskuussa. Laulaja <strong>Antti Railio<\/strong>, 41, ja h\u00e4nen vaimonsa <strong>Siiri Railio<\/strong>, 38, tunnustautuvat t\u00e4ysverisiksi jouluihmisiksi. T\u00e4n\u00e4 jouluna on aihetta juhlaan: he ovat selvinneet el\u00e4m\u00e4ns\u00e4 vaikeimmasta vuodesta.<\/p>\n<p class=\"paragraph\">\u2013 Pelk\u00e4simme, ett\u00e4 Siiri halvaantuu, kertoo Antti Railio Iltalehdelle.<\/p>\n<p class=\"paragraph\">Ensimm\u00e4isen kerran Siiri-vaimon selk\u00e4 leikattiin v\u00e4lilevynpullistuman takia joulukuussa 2024. H\u00e4net operoitiin toisen kerran saman asian takia t\u00e4m\u00e4n vuoden huhtikuussa. Viimeiseksi diagnosoitiin selk\u00e4ydinkanavan ahtauma, joka leikattiin lokakuussa.<\/p>\n<p class=\"paragraph\">Tuolloin Siirin toisesta jalasta meni kokonaan tunto, eik\u00e4 se toiminut ollenkaan.<\/p>\n<p class=\"paragraph\">\u2013 Siiri kysyikin minulta, ett\u00e4 jos h\u00e4n joutuu py\u00f6r\u00e4tuoliin, j\u00e4t\u00e4nk\u00f6 h\u00e4net. Totesin siihen, ett\u00e4 en todellakaan. Sitten rakennetaan py\u00f6r\u00e4tuoliramppi kodin edustalle, laulaja sanoo.<\/p>\n<p class=\"paragraph\">Seitsem\u00e4n lapsen suurperhett\u00e4 py\u00f6ritt\u00e4v\u00e4 pariskunta on pit\u00e4nyt yht\u00e4 <a href=\"https:\/\/www.iltalehti.fi\/viihdeuutiset\/3926ec7b-86e7-4eea-ae00-770a43bd4d5b\" rel=\"nofollow noopener\" target=\"_blank\">hometalokriisiss\u00e4<\/a> ja sit\u00e4 seuranneessa loputtomassa remontoinnissa, talousongelmissa ja silloinkin, kun alkuvuodesta <a href=\"https:\/\/www.iltalehti.fi\/viihdeuutiset\/0015a06c-aa7a-43c8-81ef-b7248bb9f3d5\" rel=\"nofollow noopener\" target=\"_blank\">Antti paloi totaalisesti loppuun<\/a> paineiden keskell\u00e4.<\/p>\n<p class=\"paragraph\">Siiri-vaimo pit\u00e4\u00e4 yhten\u00e4 syyp\u00e4\u00e4n\u00e4 burn outiin sit\u00e4, ett\u00e4 perheenpy\u00f6ritys kasaantui liian pitk\u00e4\u00e4n h\u00e4nen miehens\u00e4 hartioille.<\/p>\n<p class=\"paragraph\">\u2013 H\u00e4n hoiti yksin kotimme asioita, kun olin poissa pelist\u00e4. En voi kuin kiitt\u00e4\u00e4 h\u00e4nt\u00e4 kaikesta, Antti tsemppasi minua terveysongelmieni keskell\u00e4.<\/p>\n<p>Siiri Railio pelk\u00e4si kuluneen vuoden aikana halvaantuvansa.  Juha Harju<\/p>\n<p class=\"paragraph\">Laulajan mukaan perheell\u00e4 on ollut taloudellisesti vaikeaa 3-4 vuotta. Siiri Railio on ollut pitk\u00e4\u00e4n sairauslomalla p\u00e4iv\u00e4ty\u00f6st\u00e4\u00e4n, ja kukkaron ny\u00f6rit on laitettu tiukemmalle.<\/p>\n<p class=\"paragraph\">\u2013 Kamppailin tosissaan sen kanssa, miten saan lapsille leiv\u00e4n p\u00f6yt\u00e4\u00e4n, Antti huokaa.<\/p>\n<p class=\"paragraph\">Vaikeuksistakin puhuttaessa parin puheissa sinkoilee huumoria ja huulenheittoa. Siiri kertoo naurua \u00e4\u00e4ness\u00e4\u00e4n tilanteesta, jossa h\u00e4n palasi lokakuussa kotiin sairaalasta, ja kodinhoitohuoneen ovi vedettiin nen\u00e4n edest\u00e4 kiinni.<\/p>\n<p class=\"paragraph\">\u2013 Siell\u00e4 oli pyykkikaaos vastassa!<\/p>\n<p class=\"paragraph\">\u2013 Ja min\u00e4 luimistelin oven raossa ja yritin peitell\u00e4 sit\u00e4 sotkua, Antti naurahtaa.<\/p>\n<p class=\"paragraph\">Siiri sanoo hoitavansa yhdeks\u00e4nhenkisen perheen pyykit aivan omalla systeemill\u00e4\u00e4n, Antin alaa on taas ruoanlaitto. H\u00e4n vastaa my\u00f6s perheen jouluruoista \u2013 ja t\u00e4n\u00e4 jouluna nautitaan.<\/p>\n<p>Joulu on Railioille heng\u00e4ht\u00e4misen aikaa. Juha Harju<\/p>\n<p>Koristelut ovat olleet esill\u00e4 kotona jo kauan ennen joulua. Juha Harju<\/p>\n<p>Ihanin aika vuodesta<\/p>\n<p class=\"paragraph\">Perhe aikoo panostaa jouluun t\u00e4ysill\u00e4. <a href=\"https:\/\/www.iltalehti.fi\/viihdeuutiset\/3f84a830-4f52-4529-9ba7-0dd28ce30880\" rel=\"nofollow noopener\" target=\"_blank\">Hometalokriisi on sel\u00e4tetty<\/a> ja talo on remonttien j\u00e4lkeen asuttavassa kunnossa.<\/p>\n<p class=\"paragraph\">\u2013 Meill\u00e4 on viel\u00e4 edess\u00e4 keitti\u00f6remontti, sek\u00e4 lattioiden ja lattial\u00e4mmityksen uusiminen, mutta sen aika ei ole nyt, Siiri sanoo ja kehuu helmikuussa valmiiksi tullutta saunaa.<\/p>\n<p class=\"paragraph\">\u2013 P\u00e4\u00e4semme my\u00f6s jouluksi saunaan!<\/p>\n<p class=\"paragraph\">Railioilla on pitk\u00e4st\u00e4 aikaa edess\u00e4 taloudellisesti hyv\u00e4 joulu. Tangomarkkinoilta poikineiden tangokeikkojen kysynt\u00e4 on kovaa ja tilanne on loppuvuotta kohti helpottanut. Antti Railio julkaisi vastik\u00e4\u00e4n uuden Rakkauden joulu -albumin ja kiert\u00e4\u00e4 joululaulujen kanssa samannimisell\u00e4 kiertueella ymp\u00e4ri Suomen.<\/p>\n<p class=\"paragraph\">\u2013 Se tuo taloudellista turvaa. Nyt voi heng\u00e4ht\u00e4\u00e4, Antti iloitsee.<\/p>\n<p class=\"paragraph\">\u2013 Haluan n\u00e4ill\u00e4 lauluilla tuoda ihmisille rakkauden parantavaa voimaa ihmisille. Sit\u00e4 olen totisesti itsekin tarvinnut. Rakkaus on kannatellut meit\u00e4.<\/p>\n<p class=\"paragraph\">Viikko ennen kiertueen alkua Antti k\u00e4rsi syd\u00e4noireista. Sairaalassa selvisi, ett\u00e4 kyse on eteisv\u00e4rin\u00e4st\u00e4, jota nyt l\u00e4\u00e4kit\u00e4\u00e4n verenohennusl\u00e4\u00e4kkeill\u00e4. Ik\u00e4v\u00e4 vaiva helpotti kolmessa p\u00e4iv\u00e4ss\u00e4, ja kiertue alkoi mallikkaasti.<\/p>\n<p class=\"paragraph\">\u2013 L\u00e4\u00e4k\u00e4ri sanoi, ett\u00e4 voin el\u00e4\u00e4 ihan normaalia el\u00e4m\u00e4\u00e4 ja vaikka menn\u00e4 kuntosalillekin, h\u00e4n sanoo ja kertoo, ett\u00e4 kardiologi seuraa tilannetta.<\/p>\n<p>Laulaja Antti Railio kertoo nauttivansa kiertue-el\u00e4m\u00e4st\u00e4. Siiri-vaimo toimii Antin assistenttina, hoitaa fanituotetilaukset ja viestii keikkamyyj\u00e4lle artistin aikatauluista. \u2013 T\u00e4m\u00e4 on perheyritys, sanoo laulaja. Juha Harju<\/p>\n<p class=\"paragraph\">Jouluaattona laulaja rauhoittuu kotioloihinsa, miss\u00e4 h\u00e4n laittaa tarjolle maistuvia ruokia. Yksi perinteist\u00e4 on ven\u00e4l\u00e4inen sillisalaatti ilman silli\u00e4.<\/p>\n<p class=\"paragraph\">\u2013 Se on iso\u00e4itini peruja. Siihen tulee suolakurkkuja, ja kermaan laitetaan tilkka etikkaa ja punajuuri raastetaan sekaan, h\u00e4n luettelee.<\/p>\n<p class=\"paragraph\">Sen kanssa vaimo haluaa lihapiirakkapellillisen. Antti Railio aikoo tehd\u00e4 my\u00f6s imelletyn perunalaatikon itse \u2013 ja tietenkin kinkun.<\/p>\n<p class=\"paragraph\">\u2013 Kinkun kanssa meill\u00e4 on aina v\u00e4\u00e4nt\u00f6\u00e4, ett\u00e4 milloin sit\u00e4 saa maistaa. Siiri haluaisi aloittaa r\u00e4\u00e4ppi\u00e4iset samantien, kun se on paistunut, mutta minusta siihen ei saa koskea ennen joulup\u00e4iv\u00e4llist\u00e4, sanoo Antti.<\/p>\n<p class=\"paragraph\">\u2013 Olen sit\u00e4 mielt\u00e4, ett\u00e4 kinkku t\u00e4ytyy koristella hyvin ja hunnuttaa sinapilla, ja siin\u00e4 vaiheessa siihen saa vasta iske\u00e4 k\u00e4tens\u00e4. Ei t\u00e4t\u00e4 ohjetta ole kyll\u00e4k\u00e4\u00e4n meill\u00e4 aina noudatettu, sanoo Antti paheksuvasti.<\/p>\n<p>Antti kertoo k\u00e4yneens\u00e4 Petteri Summasen kameran\u00e4yttelemisen kurssin ja iloitsee siit\u00e4, miten luontevalta se tuntui. Juha Harju<\/p>\n<p class=\"paragraph\">Joulukuusen alle pukki tuo paketteja maltillisesti, koska Railiot eiv\u00e4t usko kulutusjuhlaan. Viime vuodet ovat opettaneet heit\u00e4 s\u00e4\u00e4st\u00e4m\u00e4\u00e4n sukanvarteen.<\/p>\n<p class=\"paragraph\">\u2013 Olemme aina saaneet kaikille hankittua lahjat. Lasten toiveet ovat olleet sit\u00e4, ett\u00e4 joku toivoo kauniita kynttil\u00f6it\u00e4, toinen viitt\u00e4 eri kirjaa, Siiri huomauttaa.<\/p>\n<p class=\"paragraph\">He haluavat keskitty\u00e4 olennaiseen, eli perheen rentoon yhdess\u00e4oloon ja sukulaisten ja yst\u00e4vien vierailuihin.<\/p>\n<p class=\"paragraph\">\u2013 Olemme onnekkaita, kun meill\u00e4 on vahva tukiverkosto ja paljon l\u00e4heisi\u00e4, jotka ovat tukena kaikissa el\u00e4m\u00e4ntilanteissa.<\/p>\n<p class=\"paragraph\">Antti on samaa mielt\u00e4.<\/p>\n<p class=\"paragraph\">\u2013 Olemme saaneet vaikean tilanteen k\u00e4\u00e4nnetty\u00e4 voitoksi uskomalla tekemiseemme ja toisiimme. Vaikka mit\u00e4 tapahtuisi, kaikki on kunnossa, koska meill\u00e4 on toisemme ja lapset ovat terveit\u00e4.<\/p>\n<p>Antille ja Siirille on tulossa my\u00f6s yhteinen podcast. Juha Harju<\/p>\n","protected":false},"excerpt":{"rendered":"Laulaja Antti Railio ja h\u00e4nen vaimonsa Siiri Railio valmistautuvat Etel\u00e4-Pohjanmaalla ihanaan ja l\u00e4mp\u00f6iseen perhejouluun. Se tulee tarpeeseen yhdess\u00e4&hellip;\n","protected":false},"author":2,"featured_media":118499,"comment_status":"","ping_status":"","sticky":false,"template":"","format":"standard","meta":{"footnotes":""},"categories":[136],"tags":[35,407,137,33,31,30,101,3674,408,99,47,98,32,109],"class_list":{"0":"post-118498","1":"post","2":"type-post","3":"status-publish","4":"format-standard","5":"has-post-thumbnail","7":"category-julkkikset","8":"tag-24h","9":"tag-celebrities","10":"tag-entertainment","11":"tag-fi","12":"tag-finland","13":"tag-finnish","14":"tag-ihmissuhteet","15":"tag-juhla-ja-vapaapaivat","16":"tag-julkkikset","17":"tag-lapset","18":"tag-musiikki","19":"tag-perhe","20":"tag-suomi","21":"tag-viihde"},"share_on_mastodon":{"url":"https:\/\/pubeurope.com\/@fi\/115733260066012735","error":""},"_links":{"self":[{"href":"https:\/\/www.europesays.com\/fi\/wp-json\/wp\/v2\/posts\/118498","targetHints":{"allow":["GET"]}}],"collection":[{"href":"https:\/\/www.europesays.com\/fi\/wp-json\/wp\/v2\/posts"}],"about":[{"href":"https:\/\/www.europesays.com\/fi\/wp-json\/wp\/v2\/types\/post"}],"author":[{"embeddable":true,"href":"https:\/\/www.europesays.com\/fi\/wp-json\/wp\/v2\/users\/2"}],"replies":[{"embeddable":true,"href":"https:\/\/www.europesays.com\/fi\/wp-json\/wp\/v2\/comments?post=118498"}],"version-history":[{"count":0,"href":"https:\/\/www.europesays.com\/fi\/wp-json\/wp\/v2\/posts\/118498\/revisions"}],"wp:featuredmedia":[{"embeddable":true,"href":"https:\/\/www.europesays.com\/fi\/wp-json\/wp\/v2\/media\/118499"}],"wp:attachment":[{"href":"https:\/\/www.europesays.com\/fi\/wp-json\/wp\/v2\/media?parent=118498"}],"wp:term":[{"taxonomy":"category","embeddable":true,"href":"https:\/\/www.europesays.com\/fi\/wp-json\/wp\/v2\/categories?post=118498"},{"taxonomy":"post_tag","embeddable":true,"href":"https:\/\/www.europesays.com\/fi\/wp-json\/wp\/v2\/tags?post=118498"}],"curies":[{"name":"wp","href":"https:\/\/api.w.org\/{rel}","templated":true}]}}