{"id":11850,"date":"2025-08-21T06:07:11","date_gmt":"2025-08-21T06:07:11","guid":{"rendered":"https:\/\/www.europesays.com\/fi\/11850\/"},"modified":"2025-08-21T06:07:11","modified_gmt":"2025-08-21T06:07:11","slug":"uuden-salkkarit-nayttelijan-marko-nurmen-aani-voi-olla-monelle-entuudestaan-tuttu","status":"publish","type":"post","link":"https:\/\/www.europesays.com\/fi\/11850\/","title":{"rendered":"Uuden Salkkarit-n\u00e4yttelij\u00e4n Marko Nurmen \u00e4\u00e4ni voi olla monelle entuudestaan tuttu"},"content":{"rendered":"<p><strong class=\"typography-bold\">Marko Nurmi on Salatut el\u00e4m\u00e4t -sarjan uuden roolihahmon, poliisi Tatu V\u00e4ren takana.<\/strong><\/p>\n<p><a class=\"underline\" data-testid=\"internal-link\" role=\"link\" data-sentry-element=\"Link\" data-sentry-component=\"InternalLink\" data-sentry-source-file=\"InternalLink.tsx\" href=\"https:\/\/www.mtvuutiset.fi\/aihe\/marko-nurmi\/9206838\" rel=\"nofollow noopener\" target=\"_blank\"><strong class=\"typography-bold\">Marko Nurmi<\/strong><\/a>, lempinimelt\u00e4\u00e4n <strong class=\"typography-bold\">Makke<\/strong>, on uusi <a class=\"underline\" data-testid=\"internal-link\" role=\"link\" data-sentry-element=\"Link\" data-sentry-component=\"InternalLink\" data-sentry-source-file=\"InternalLink.tsx\" href=\"https:\/\/www.mtvuutiset.fi\/salatutelamat\" rel=\"nofollow noopener\" target=\"_blank\">Salatut el\u00e4m\u00e4t<\/a> -n\u00e4yttelij\u00e4, joka hypp\u00e4\u00e4 sarjassa uuden hahmon Tatu V\u00e4ren saappaisiin.\u00a0<\/p>\n<p>Tatu V\u00e4re on poliisi joka ty\u00f6skentelee Linda Eerik\u00e4isen (<a class=\"underline\" data-testid=\"internal-link\" role=\"link\" data-sentry-element=\"Link\" data-sentry-component=\"InternalLink\" data-sentry-source-file=\"InternalLink.tsx\" href=\"https:\/\/www.mtvuutiset.fi\/aihe\/monika-lindeman\/6571700\" rel=\"nofollow noopener\" target=\"_blank\"><strong class=\"typography-bold\">Monika Lindeman<\/strong><\/a>) ty\u00f6parina. Sarjassa V\u00e4ren ja Kalle Laitelan (<a class=\"underline\" data-testid=\"internal-link\" role=\"link\" data-sentry-element=\"Link\" data-sentry-component=\"InternalLink\" data-sentry-source-file=\"InternalLink.tsx\" href=\"https:\/\/www.mtvuutiset.fi\/aihe\/pete-lattu\/6571726\" rel=\"nofollow noopener\" target=\"_blank\"><strong class=\"typography-bold\">Pete Lattu<\/strong><\/a>) v\u00e4lille syttyy s\u00e4pin\u00e4\u00e4.\u00a0<\/p>\n<p>Nurmen mukaan h\u00e4nen roolihahmonsa on huumorintajuinen sek\u00e4 maanl\u00e4heinen veikko, eik\u00e4 &#8221;ainakaan viel\u00e4 kovin poukkoileva&#8221;.\u00a0<\/p>\n<p>\u2013 Ei ole viel\u00e4 ainakaan l\u00e4htenyt kovasti laukalle, ett\u00e4 onko h\u00e4n paha vai hyv\u00e4 vai mit\u00e4 h\u00e4n on, Nurmi nauraa.\u00a0<\/p>\n<p>Ensimm\u00e4ist\u00e4 kertaa ty\u00f6urallaan Nurmi p\u00e4\u00e4see n\u00e4yttelem\u00e4\u00e4n homoseksuaalia hahmoa.\u00a0<\/p>\n<p>\u2013 Se alkuun toi j\u00e4nnitt\u00e4vi\u00e4 fiiliksi\u00e4, ett\u00e4 miten l\u00e4hden tekem\u00e4\u00e4n sit\u00e4. Mielest\u00e4ni se on jo mennyt aika kivasti Kallen kanssa.\u00a0<\/p>\n<p>35-vuotias Nurmi kertoo olevansa p\u00e4\u00e4kaupunkiseudulta kotoisin oleva innokas moottoriurheilun yst\u00e4v\u00e4, ja my\u00f6s Puolustusvoimien moottoripy\u00f6r\u00e4l\u00e4hetti. H\u00e4n asteli viime vuonna avioliiton satamaan puolisonsa <strong class=\"typography-bold\">Anna-Sofian <\/strong>kanssa.\u00a0<\/p>\n<p><img alt=\"OMA Marko Nurmi Salatut el\u00e4m\u00e4t 2\" data-testid=\"crops-image\" class=\"h-full w-full object-cover transition duration-700 ease-in-out hover:scale-[1.05]\" fetchpriority=\"low\" loading=\"lazy\" width=\"1024\" height=\"576\" decoding=\"async\" style=\"color:transparent;background-size:cover;background-position:50% 50%;background-repeat:no-repeat;background-image:url(&quot;data:image\/svg+xml;base64,Cjxzdmcgd2lkdGg9IjEwMjQiIGhlaWdodD0iNTc2IiB2ZXJzaW9uPSIxLjEiIHhtbG5zPSJodHRwOi8vd3d3LnczLm9yZy8yMDAwL3N2ZyIgeG1sbnM6eGxpbms9Imh0dHA6Ly93d3cudzMub3JnLzE5OTkveGxpbmsiPgogIDxkZWZzPgogICAgPGxpbmVhckdyYWRpZW50IGlkPSJnIj4KICAgICAgPHN0b3Agc3RvcC1jb2xvcj0iIzBCMTgyMyIgb2Zmc2V0PSIyMCUiIC8+CiAgICAgIDxzdG9wIHN0b3AtY29sb3I9IiMxQTI3MzIiIG9mZnNldD0iNTAlIiAvPgogICAgICA8c3RvcCBzdG9wLWNvbG9yPSIjMEIxODIzIiBvZmZzZXQ9IjcwJSIgLz4KICAgIDwvbGluZWFyR3JhZGllbnQ+CiAgPC9kZWZzPgogIDxyZWN0IHdpZHRoPSIxMDI0IiBoZWlnaHQ9IjU3NiIgZmlsbD0iIzBCMTgyMyIgLz4KICA8cmVjdCBpZD0iciIgd2lkdGg9IjEwMjQiIGhlaWdodD0iNTc2IiBmaWxsPSJ1cmwoI2cpIiAvPgogIDxhbmltYXRlIHhsaW5rOmhyZWY9IiNyIiBhdHRyaWJ1dGVOYW1lPSJ4IiBmcm9tPSItMTAyNCIgdG89IjEwMjQiIGR1cj0iMXMiIHJlcGVhdENvdW50PSJpbmRlZmluaXRlIiAgLz4KPC9zdmc+&quot;)\" src=\"https:\/\/www.europesays.com\/fi\/wp-content\/uploads\/2025\/08\/1755756430_65_image\"\/>Marko Nurmi on intohimoinen moottoriurheilija, joka vietti kes\u00e4ns\u00e4 aktiivisesti muun muassa karting-kisoissa.Aino Haili \/ MTV<\/p>\n<p>Lue my\u00f6s: <a class=\"underline\" data-testid=\"internal-link\" role=\"link\" data-sentry-element=\"Link\" data-sentry-component=\"InternalLink\" data-sentry-source-file=\"InternalLink.tsx\" href=\"https:\/\/www.mtvuutiset.fi\/artikkeli\/hurja-olut-salkkareiden-kaupasta-loytyy-erikoisen-nimisia-tuotteita\/9198094\" rel=\"nofollow noopener\" target=\"_blank\">Hurja-olut! Salkkareiden kaupasta l\u00f6ytyy erikoisen nimisi\u00e4 tuotteita<\/a><\/p>\n<p>Nurmi valmistui Teatterikorkeakoulusta vuonna 2018. Sen j\u00e4lkeen Nurmi meni t\u00f6ihin Lahden kaupunginteatteriin, jossa vier\u00e4hti kaksi vuotta.\u00a0<\/p>\n<p>\u2013 Tein aika paljon musikaalirooleja, mutta my\u00f6s puherooleja. Noin nelj\u00e4 n\u00e4ytelm\u00e4\u00e4 per vuosi tehtiin niiden kahden vuoden aikana. Sitten tuli korona-aika, kun sopimukseni Lahdessa p\u00e4\u00e4ttyi, ja olen sittemmin tehnyt paljon muutakin. Spiikkaan kotona paljon, minulla on kotona spiikkistudio, ja harrastan my\u00f6s valo- sek\u00e4 videokuvausta, niin sill\u00e4 saralla olen my\u00f6s ty\u00f6llistynyt Lahden j\u00e4lkeen.\u00a0<\/p>\n<p>Lahden lis\u00e4ksi Nurmi on ty\u00f6skennellyt Mikkelin ja Porin kaupunginteattereissa. Nurmi on my\u00f6s tuttu n\u00e4ky Katsomon draamasarjasta Made in Finland, jossa kerrataan matkapuhelinvalmistaja Nokian vaiheista.\u00a0<\/p>\n<p>My\u00f6s Nurmen \u00e4\u00e4ni saattaa olla monille entuudestaan varsin tuttu: h\u00e4n on ollut muun muassa Fazerin mainosten \u00e4\u00e4ni. Lis\u00e4ksi Nurmi on vaikuttanut ty\u00f6ll\u00e4\u00e4n sosiaali- ja terveysalallakin.\u00a0<\/p>\n<p>\u2013 HUS:lla on t\u00e4mm\u00f6inen ADHD-applikaatio, niin olen tavallaan sen kertoja\u00e4\u00e4ni.\u00a0<\/p>\n<p>Kurssin kautta Salkkareihin<\/p>\n<p>Salatut el\u00e4m\u00e4t -sarjaan Nurmi p\u00e4\u00e4tyi koekuvausten kautta. H\u00e4n kertoo hakeneensa sarjaan useampaan otteeseen ja halunneensa erityisesti lis\u00e4\u00e4 kokemusta kameraty\u00f6skentelyst\u00e4.\u00a0<\/p>\n<p>Nurmi hakeutui my\u00f6s kurssille, jossa harjoiteltiin kameraty\u00f6skentely\u00e4. Kurssia veti juuri Salkkarit-konkari Monika Lindeman.<\/p>\n<p>\u2013 Tutustuimme siell\u00e4 ja olimme Instagram-kavereita, ja olin sanonut siell\u00e4 kurssilla, ett\u00e4 jos tulee jotain rooleja, niin olisin kyll\u00e4 kiinnostunut. Sitten h\u00e4n pisti minulle kerran viesti\u00e4, ett\u00e4 nyt haetaan Salkkareihin, ja min\u00e4h\u00e4n sitten heti pistin viesti\u00e4, ett\u00e4 olisin kiinnostunut t\u00e4st\u00e4.\u00a0<\/p>\n<p><img alt=\"OMA Marko Nurmi Salatut el\u00e4m\u00e4t 3\" data-testid=\"crops-image\" class=\"h-full w-full object-cover transition duration-700 ease-in-out hover:scale-[1.05]\" fetchpriority=\"low\" loading=\"lazy\" width=\"1024\" height=\"576\" decoding=\"async\" style=\"color:transparent;background-size:cover;background-position:50% 50%;background-repeat:no-repeat;background-image:url(&quot;data:image\/svg+xml;base64,Cjxzdmcgd2lkdGg9IjEwMjQiIGhlaWdodD0iNTc2IiB2ZXJzaW9uPSIxLjEiIHhtbG5zPSJodHRwOi8vd3d3LnczLm9yZy8yMDAwL3N2ZyIgeG1sbnM6eGxpbms9Imh0dHA6Ly93d3cudzMub3JnLzE5OTkveGxpbmsiPgogIDxkZWZzPgogICAgPGxpbmVhckdyYWRpZW50IGlkPSJnIj4KICAgICAgPHN0b3Agc3RvcC1jb2xvcj0iIzBCMTgyMyIgb2Zmc2V0PSIyMCUiIC8+CiAgICAgIDxzdG9wIHN0b3AtY29sb3I9IiMxQTI3MzIiIG9mZnNldD0iNTAlIiAvPgogICAgICA8c3RvcCBzdG9wLWNvbG9yPSIjMEIxODIzIiBvZmZzZXQ9IjcwJSIgLz4KICAgIDwvbGluZWFyR3JhZGllbnQ+CiAgPC9kZWZzPgogIDxyZWN0IHdpZHRoPSIxMDI0IiBoZWlnaHQ9IjU3NiIgZmlsbD0iIzBCMTgyMyIgLz4KICA8cmVjdCBpZD0iciIgd2lkdGg9IjEwMjQiIGhlaWdodD0iNTc2IiBmaWxsPSJ1cmwoI2cpIiAvPgogIDxhbmltYXRlIHhsaW5rOmhyZWY9IiNyIiBhdHRyaWJ1dGVOYW1lPSJ4IiBmcm9tPSItMTAyNCIgdG89IjEwMjQiIGR1cj0iMXMiIHJlcGVhdENvdW50PSJpbmRlZmluaXRlIiAgLz4KPC9zdmc+&quot;)\" src=\"https:\/\/www.europesays.com\/fi\/wp-content\/uploads\/2025\/08\/1755756431_798_image\"\/>Monika Lindeman on ollut Marko Nurmelle suuri tuki sek\u00e4 mentori Salkkareiden kulisseissa.Aino Haili \/ MTV<\/p>\n<p>Lue my\u00f6s: <a class=\"underline\" data-testid=\"internal-link\" role=\"link\" data-sentry-element=\"Link\" data-sentry-component=\"InternalLink\" data-sentry-source-file=\"InternalLink.tsx\" href=\"https:\/\/www.mtvuutiset.fi\/artikkeli\/salkkarit-tahti-on-pitanyt-yhta-puolisonsa-kanssa-jo-14-vuotta-julkaisi-tunnelmallisia-haakuvia\/9193428\" rel=\"nofollow noopener\" target=\"_blank\">Salkkarit-t\u00e4hti on pit\u00e4nyt yht\u00e4 puolisonsa kanssa jo 14 vuotta \u2013 julkaisi tunnelmallisia h\u00e4\u00e4kuvia<\/a><\/p>\n<p>Useiden hakuvaiheiden j\u00e4lkeen Nurmi tuli valituksi rooliin. H\u00e4n kertoo seuranneensa sarjaa erityisesti sen alkuaikoina. Nurmi oli itse 9-vuotias, kun Salkkarit alkoivat.\u00a0<\/p>\n<p>\u2013 Ensimm\u00e4iset 5 vuotta seurasin ihan s\u00e4\u00e4nn\u00f6llisesti. Aina, kun meill\u00e4 oli futistreenit piti sielt\u00e4kin p\u00e4\u00e4st\u00e4 nopeasti kotiin katsomaan Salkkareita. On ollut koukuttava sarja omassa lapsuudessa ja nuoruudessa.\u00a0<\/p>\n<p>Nurmen suosikkihahmot ylitse muiden ovat olleet Ismo Laitela (<a class=\"underline\" data-testid=\"internal-link\" role=\"link\" data-sentry-element=\"Link\" data-sentry-component=\"InternalLink\" data-sentry-source-file=\"InternalLink.tsx\" href=\"https:\/\/www.mtvuutiset.fi\/aihe\/esko-kovero\/6536128\" rel=\"nofollow noopener\" target=\"_blank\"><strong class=\"typography-bold\">Esko Kovero<\/strong><\/a>), Ulla Taalasmaa (<a class=\"underline\" data-testid=\"internal-link\" role=\"link\" data-sentry-element=\"Link\" data-sentry-component=\"InternalLink\" data-sentry-source-file=\"InternalLink.tsx\" href=\"https:\/\/www.mtvuutiset.fi\/aihe\/maija-liisa-peuhu\/6571764\" rel=\"nofollow noopener\" target=\"_blank\"><strong class=\"typography-bold\">Maija-Liisa Peuhu<\/strong><\/a>) sek\u00e4 Kari Taalasmaa (<a class=\"underline\" data-testid=\"internal-link\" role=\"link\" data-sentry-element=\"Link\" data-sentry-component=\"InternalLink\" data-sentry-source-file=\"InternalLink.tsx\" href=\"https:\/\/www.mtvuutiset.fi\/aihe\/tommi-taurula\/6571756\" rel=\"nofollow noopener\" target=\"_blank\"><strong class=\"typography-bold\">Tommi Taurula<\/strong><\/a>). Tunnelmat olivat j\u00e4nnitt\u00e4v\u00e4t, kun Nurmi p\u00e4\u00e4si ensimm\u00e4ist\u00e4 kertaa n\u00e4yttelem\u00e4\u00e4n sarjan konkareiden rinnalla. Peuhu j\u00e4i pois Salkkareista vuonna 2024, mutta Kovero ja Taurula hahmoineen ovat yh\u00e4 mukana.\u00a0<\/p>\n<p>Varsinkin Ismon tapaaminen roolihahmona oli Nurmen mukaan erityisen kutkuttavaa.\u00a0<\/p>\n<p>\u2013 Emme ehtineet kuin k\u00e4tell\u00e4 ja sanomaan omat nimemme, ja sitten jo vedettiin kohtausta purkkiin hahmoissa.\u00a0<\/p>\n<p>Salkkareissa ty\u00f6yhteis\u00f6n lis\u00e4ksi Nurmi on nauttinut ty\u00f6n rytmist\u00e4: toisin kuin teatterity\u00f6ss\u00e4, Salkkareista p\u00e4\u00e4see useimmiten illaksi kotiin. Toisaalta tahti on tiukempi: teatterissa sama asia voi olla ty\u00f6st\u00f6ss\u00e4 viikko- tai jopa kuukausitolkulla, kun taas Salkkareissa k\u00e4sikirjoitukset on hallittava paljon nopeammin.\u00a0<\/p>\n<p>Kaikin puolin ty\u00f6skentely Salkkareissa on tuntunut antoisalta ja mukavalta.\u00a0<\/p>\n<p>\u2013 Vaikka kyll\u00e4 ajattelin, ett\u00e4 t\u00e4m\u00e4 ty\u00f6 voi olla my\u00f6s tosi stressaavaa, kun aina tehd\u00e4\u00e4n joka p\u00e4iv\u00e4 uutta kohtausta ja p\u00e4iv\u00e4t voivat olla my\u00f6s hyvin pitki\u00e4. Se on kyll\u00e4 yll\u00e4tt\u00e4nyt, ett\u00e4 tunnen ottaneeni t\u00e4m\u00e4n kaiken ihan hyvin haltuun, vaikka alkuun se j\u00e4nnittikin tosi paljon, ett\u00e4 miten sopeudun t\u00e4h\u00e4n ty\u00f6rytmiin. Yll\u00e4tt\u00e4en se on mennyt tosi hyvin!<\/p>\n<p>Roolihahmossaan Nurmi pit\u00e4\u00e4 erityisesti siit\u00e4, ett\u00e4 Tatu V\u00e4ren ja Linda Eerik\u00e4isen v\u00e4lill\u00e4 n\u00e4hd\u00e4\u00e4n paljon naljailua \u2013 hyv\u00e4ntahtoista sellaista. Nurmi kertoo, ett\u00e4 Salkkareihin rutinoituneen Lindemanin rinnalla oli hyvin helppoa l\u00e4hte\u00e4 ty\u00f6skentelem\u00e4\u00e4n.\u00a0<\/p>\n<p>Lindeman on Nurmen mukaan muun muassa opettanut h\u00e4nelle, miten n\u00e4yttelij\u00e4 pystyy vaikuttamaan omalla suorituksellaan leikkaajan ty\u00f6h\u00f6n sek\u00e4 helpottamaan sit\u00e4.\u00a0<\/p>\n<p>\u2013 H\u00e4n on osannut ohjata minuakin siin\u00e4 kuvaustilanteessa monin tavoin.\u00a0<\/p>\n<p>\u2013 On ollut erilainen ty\u00f6tapa, jossa t\u00e4ytyy ottaa huomioon monia asioita. Teksti on omaksuttava tosi nopeasti ja sen vedon olisi oltava suht samanlainen eri ottojen v\u00e4lill\u00e4, jotta se leikkaantuisi kivasti. Tavallaan sekin j\u00e4nnitti aluksi, mutta Monikan kanssa on ollut todella helppoa tehd\u00e4, sill\u00e4 h\u00e4nell\u00e4 on niin paljon kokemusta ja h\u00e4n voi olla sellaisena mentorina siin\u00e4 samaan aikaan.\u00a0<\/p>\n<p>Lue my\u00f6s: <a class=\"underline\" data-testid=\"internal-link\" role=\"link\" data-sentry-element=\"Link\" data-sentry-component=\"InternalLink\" data-sentry-source-file=\"InternalLink.tsx\" href=\"https:\/\/www.mtvuutiset.fi\/artikkeli\/rajahdys-moottorikelkkaonnettomuus-ampumavalikohtaus-tanssiaisissa-muistatko-nama-salkkareiden-karmivat-paatosjaksot\/9177896\" rel=\"nofollow noopener\" target=\"_blank\">R\u00e4j\u00e4hdys, moottorikelkkaonnettomuus, ampumav\u00e4likohtaus tanssiaisissa&#8230; \u2013 muistatko n\u00e4m\u00e4 Salkkareiden karmivat p\u00e4\u00e4t\u00f6sjaksot?<\/a><strong class=\"typography-bold\">Salatut el\u00e4m\u00e4t<\/strong><strong class=\"typography-bold\">\u00a0arkisin\u00a0<\/strong><a class=\"underline\" data-testid=\"external-link\" href=\"http:\/\/mtv.fi\/\" rel=\"noopener noreferrer nofollow\" target=\"_blank\" data-sentry-component=\"ExternalLink\" data-sentry-source-file=\"ExternalLink.tsx\"><strong class=\"typography-bold\">MTV Katsomossa<\/strong><\/a><strong class=\"typography-bold\">\u00a0ja klo 19.30 MTV3-kanavalla.<\/strong><\/p>\n","protected":false},"excerpt":{"rendered":"Marko Nurmi on Salatut el\u00e4m\u00e4t -sarjan uuden roolihahmon, poliisi Tatu V\u00e4ren takana. Marko Nurmi, lempinimelt\u00e4\u00e4n Makke, on uusi&hellip;\n","protected":false},"author":2,"featured_media":11851,"comment_status":"","ping_status":"","sticky":false,"template":"","format":"standard","meta":{"footnotes":""},"categories":[133],"tags":[137,33,31,30,32,206,156,109],"class_list":{"0":"post-11850","1":"post","2":"type-post","3":"status-publish","4":"format-standard","5":"has-post-thumbnail","7":"category-televisiot","8":"tag-entertainment","9":"tag-fi","10":"tag-finland","11":"tag-finnish","12":"tag-suomi","13":"tag-televisiot","14":"tag-tv","15":"tag-viihde"},"share_on_mastodon":{"url":"","error":""},"_links":{"self":[{"href":"https:\/\/www.europesays.com\/fi\/wp-json\/wp\/v2\/posts\/11850","targetHints":{"allow":["GET"]}}],"collection":[{"href":"https:\/\/www.europesays.com\/fi\/wp-json\/wp\/v2\/posts"}],"about":[{"href":"https:\/\/www.europesays.com\/fi\/wp-json\/wp\/v2\/types\/post"}],"author":[{"embeddable":true,"href":"https:\/\/www.europesays.com\/fi\/wp-json\/wp\/v2\/users\/2"}],"replies":[{"embeddable":true,"href":"https:\/\/www.europesays.com\/fi\/wp-json\/wp\/v2\/comments?post=11850"}],"version-history":[{"count":0,"href":"https:\/\/www.europesays.com\/fi\/wp-json\/wp\/v2\/posts\/11850\/revisions"}],"wp:featuredmedia":[{"embeddable":true,"href":"https:\/\/www.europesays.com\/fi\/wp-json\/wp\/v2\/media\/11851"}],"wp:attachment":[{"href":"https:\/\/www.europesays.com\/fi\/wp-json\/wp\/v2\/media?parent=11850"}],"wp:term":[{"taxonomy":"category","embeddable":true,"href":"https:\/\/www.europesays.com\/fi\/wp-json\/wp\/v2\/categories?post=11850"},{"taxonomy":"post_tag","embeddable":true,"href":"https:\/\/www.europesays.com\/fi\/wp-json\/wp\/v2\/tags?post=11850"}],"curies":[{"name":"wp","href":"https:\/\/api.w.org\/{rel}","templated":true}]}}