{"id":118511,"date":"2025-12-17T05:42:09","date_gmt":"2025-12-17T05:42:09","guid":{"rendered":"https:\/\/www.europesays.com\/fi\/118511\/"},"modified":"2025-12-17T05:42:09","modified_gmt":"2025-12-17T05:42:09","slug":"listasimme-mitka-suklaavalmistajat-tekevat-edelleen-bisnesta-venajalla","status":"publish","type":"post","link":"https:\/\/www.europesays.com\/fi\/118511\/","title":{"rendered":"Listasimme, mitk\u00e4 suklaavalmistajat tekev\u00e4t edelleen bisnest\u00e4 Ven\u00e4j\u00e4ll\u00e4"},"content":{"rendered":"<p>Joulu|Kuluttajilla on paljon valtaa yritysten toimintaan, sanoo Ven\u00e4j\u00e4n kauppaan perehtynyt professori Kari Liuhto.<\/p>\n<p class=\"article-body mb-nof-24 px-nof-16\">Joulupaketeista paljastuu todenn\u00e4k\u00f6isesti t\u00e4n\u00e4kin vuonna suklaisia herkkuja. Tilastokeskus kertoi viime vuonna, ett\u00e4 l\u00e4hes 90 prosenttia niist\u00e4, jotka hankkivat lahjoja ruokakaupoista, ostivat lahjaksi suklaata tai muuta makeaa.<\/p>\n<p class=\"article-body mb-nof-24 px-nof-16\">HS listasi ne suklaavalmistajat, jotka ovat jatkaneet liiketoimiaan Ven\u00e4j\u00e4ll\u00e4 my\u00f6s sen j\u00e4lkeen, kun Ven\u00e4j\u00e4 aloitti hy\u00f6kk\u00e4yssodan Ukrainassa.<\/p>\n","protected":false},"excerpt":{"rendered":"Joulu|Kuluttajilla on paljon valtaa yritysten toimintaan, sanoo Ven\u00e4j\u00e4n kauppaan perehtynyt professori Kari Liuhto. Joulupaketeista paljastuu todenn\u00e4k\u00f6isesti t\u00e4n\u00e4kin vuonna&hellip;\n","protected":false},"author":2,"featured_media":118512,"comment_status":"","ping_status":"","sticky":false,"template":"","format":"standard","meta":{"footnotes":""},"categories":[5],"tags":[22,23,26,27,33,31,30,17,46,24,25,28,29,15,18,21,32,19,20,16],"class_list":{"0":"post-118511","1":"post","2":"type-post","3":"status-publish","4":"format-standard","5":"has-post-thumbnail","7":"category-otsikot","8":"tag-breaking-news","9":"tag-breakingnews","10":"tag-featured-news","11":"tag-featurednews","12":"tag-fi","13":"tag-finland","14":"tag-finnish","15":"tag-headlines","16":"tag-helsingin-sanomat","17":"tag-latest-news","18":"tag-latestnews","19":"tag-main-news","20":"tag-mainnews","21":"tag-news","22":"tag-otsikot","23":"tag-paauutiset","24":"tag-suomi","25":"tag-top-stories","26":"tag-topstories","27":"tag-uutiset"},"share_on_mastodon":{"url":"https:\/\/pubeurope.com\/@fi\/115733315117544976","error":""},"_links":{"self":[{"href":"https:\/\/www.europesays.com\/fi\/wp-json\/wp\/v2\/posts\/118511","targetHints":{"allow":["GET"]}}],"collection":[{"href":"https:\/\/www.europesays.com\/fi\/wp-json\/wp\/v2\/posts"}],"about":[{"href":"https:\/\/www.europesays.com\/fi\/wp-json\/wp\/v2\/types\/post"}],"author":[{"embeddable":true,"href":"https:\/\/www.europesays.com\/fi\/wp-json\/wp\/v2\/users\/2"}],"replies":[{"embeddable":true,"href":"https:\/\/www.europesays.com\/fi\/wp-json\/wp\/v2\/comments?post=118511"}],"version-history":[{"count":0,"href":"https:\/\/www.europesays.com\/fi\/wp-json\/wp\/v2\/posts\/118511\/revisions"}],"wp:featuredmedia":[{"embeddable":true,"href":"https:\/\/www.europesays.com\/fi\/wp-json\/wp\/v2\/media\/118512"}],"wp:attachment":[{"href":"https:\/\/www.europesays.com\/fi\/wp-json\/wp\/v2\/media?parent=118511"}],"wp:term":[{"taxonomy":"category","embeddable":true,"href":"https:\/\/www.europesays.com\/fi\/wp-json\/wp\/v2\/categories?post=118511"},{"taxonomy":"post_tag","embeddable":true,"href":"https:\/\/www.europesays.com\/fi\/wp-json\/wp\/v2\/tags?post=118511"}],"curies":[{"name":"wp","href":"https:\/\/api.w.org\/{rel}","templated":true}]}}