{"id":118513,"date":"2025-12-17T05:54:09","date_gmt":"2025-12-17T05:54:09","guid":{"rendered":"https:\/\/www.europesays.com\/fi\/118513\/"},"modified":"2025-12-17T05:54:09","modified_gmt":"2025-12-17T05:54:09","slug":"antti-reini-suuttui-wilma-schlizewskin-lapsenlapsen-kohtelusta","status":"publish","type":"post","link":"https:\/\/www.europesays.com\/fi\/118513\/","title":{"rendered":"Antti Reini suuttui Wilma Schlizewskin lapsenlapsen kohtelusta!"},"content":{"rendered":"<p>            Atte Kajova, Matti Matikainen\n        <\/p>\n<p class=\"subtitle \">Antti Reini ei purematta niele ik\u00e4v\u00e4\u00e4 palautetta.<\/p>\n<p class=\"article-content article-content-width !bg-background\"> oli aikansa kohujulkkis.<\/p>\n<p class=\"font-weight-bold m-font-weight-bold article-content article-content-width !bg-background\">Video: Antti Reini kertoo koulutiest\u00e4\u00e4n.<\/p>\n<p class=\"article-content article-content-width !bg-background\"> -nimell\u00e4 tunnettu nainen toivotti valtakunnallisessa tv-l\u00e4hetyksess\u00e4 vuonna 1984 ohjelman lopuksi \u201dhelvetin hyv\u00e4\u00e4 y\u00f6t\u00e4\u201d.<\/p>\n<p class=\"article-content article-content-width !bg-background\">Ja t\u00e4st\u00e4 nousi kohu \u2013 valtaisa sellainen, sill\u00e4 sovinnaisuuden katsottiin rikkoutuneen voimasanan my\u00f6t\u00e4.<\/p>\n<p class=\"article-content article-content-width !bg-background\">Aika oli eri, ja Wilman kotikyl\u00e4 Kuusankoskikin on nyky\u00e4\u00e4n osa Kouvolaa.<\/p>\n<p>        <a itemprop=\"url\" href=\"https:\/\/www.seiska.fi\/kotimaa\/wilma-schlizewski-kauppaa-omituista-otusta-kuva-kummajaisesta\/1699046\" rel=\"nofollow noopener\" target=\"_blank\"><\/p>\n<p>\nKuva!\n<\/p>\n<p class=\"section-date\">\n        <strong class=\"article-section\" data-section=\"kotimaa\"><br \/>\n            kotimaa<br \/>\n        <\/strong><br \/>\n        16.5. 10:59\n    <\/p>\n<p>Wilma Schlizewski kauppaa omituista otusta \u2013 kuva kummajaisesta\n    <\/p>\n<p itemprop=\"description\" class=\"subtitle \">\n    Virossa yritt\u00e4j\u00e4n\u00e4 toimiva Wilma myy jotakin kerrassaan erikoista.\n<\/p>\n<p>        <\/a><\/p>\n<p class=\"article-content article-content-width !bg-background\">T\u00e4ll\u00e4 viikolla Facebookissa Wilma jakoi kaksi piirustusta.<\/p>\n<p class=\"article-content article-content-width !bg-background\">Syykin on selv\u00e4 \u2013 ja t\u00e4rke\u00e4.<\/p>\n<p>                <img decoding=\"async\" src=\"https:\/\/www.europesays.com\/fi\/wp-content\/uploads\/2025\/12\/1699193.webp\" width=\"576\" height=\"322\" alt=\"Wilma Schlizewski asuu nykyisin Virossa aviomiehens\u00e4 Aryan Mishran kanssa.\" loading=\"lazy\" \/>            <\/p>\n<p>\n            Wilma Schlizewski asuu nykyisin Virossa aviomiehens\u00e4 Aryan Mishran kanssa.<br \/>\n            Atte Kajova\n        <\/p>\n<p>&#8221;\u00c4l\u00e4 hakeudu mihink\u00e4\u00e4n sellaiseen ammattiin&#8230;&#8221;<\/p>\n<p class=\"article-content article-content-width !bg-background\">Wilma puhuu nimitt\u00e4in koulusta ja kannustamisesta \u2013 tai sen puutteesta.<\/p>\n<p class=\"article-content article-content-width !bg-background\">\u2013 Olin megapaska koulussa. Numerot 4 ja 5, paitsi piirustus 10. Kev\u00e4isin neloset muutettiin vitosiksi, koska opettajat olivat varmoja, etten selvi\u00e4 ehdoista.<\/p>\n<p>        <a itemprop=\"url\" href=\"https:\/\/www.seiska.fi\/kotimaa\/haapaljastus-antti-reini-ja-marjo-rakas-edustivat-erikoisella-kokoonpanolla-hammentava-yhteiskuva\/2010313\" rel=\"nofollow noopener\" target=\"_blank\"><\/p>\n<p>\nH\u00e4mment\u00e4v\u00e4 yhteiskuva!\n<\/p>\n<p class=\"section-date\">\n        <strong class=\"article-section\" data-section=\"kotimaa\"><br \/>\n            kotimaa<br \/>\n        <\/strong><br \/>\n        4.12. 16:00\n    <\/p>\n<p>H\u00e4\u00e4paljastus! Antti Reini ja Marjo-rakas edustivat erikoisella kokoonpanolla \u2013 h\u00e4mment\u00e4v\u00e4 yhteiskuva!\n    <\/p>\n<p itemprop=\"description\" class=\"subtitle \">\n    N\u00e4yttelij\u00e4pari esitteli koko uusperheens\u00e4.\n<\/p>\n<p>        <\/a><\/p>\n<p class=\"article-content article-content-width !bg-background\">\u2013 \u00c4idinkielen opettaja sanoi minulle lukiossa, ett\u00e4 \u00e4l\u00e4 hakeudu mihink\u00e4\u00e4n sellaiseen ammattiin, jossa joudut kirjoittamaan nime\u00e4si enemp\u00e4\u00e4.<\/p>\n<p class=\"article-content article-content-width !bg-background\">Sitten Wilma kertoo, ett\u00e4 h\u00e4net valittiin copywriteriksi mainostoimistoon 3 500 hakijan joukosta.<\/p>\n<p>                <img decoding=\"async\" src=\"https:\/\/www.europesays.com\/fi\/wp-content\/uploads\/2025\/12\/1960423.webp\" width=\"576\" height=\"720\" alt=\"N\u00e4yttelij\u00e4 Antti Reini on nykyisin kihloissa n\u00e4yttelij\u00e4 Marjo Lahden kanssa.\" loading=\"lazy\" \/>            <\/p>\n<p>\n            N\u00e4yttelij\u00e4 Antti Reini on nykyisin kihloissa n\u00e4yttelij\u00e4 Marjo Lahden kanssa.<br \/>\n            Timo Korhonen\n        <\/p>\n<p>Lapsenlapsen piirrustukset<\/p>\n<p class=\"article-content article-content-width !bg-background\">T\u00e4ss\u00e4 tapauksessa copywriterilla tarkoitettaneen mainostekstien tekij\u00e4\u00e4.<\/p>\n<p class=\"article-content article-content-width !bg-background\">\u2013 Pihisen raivosta, kun lapsenlapseni, innokas piirt\u00e4j\u00e4, oli saanut opettajalta paskaa niskaan piirustuksistaan.<\/p>\n<p>        <a itemprop=\"url\" href=\"https:\/\/www.seiska.fi\/kotimaa\/antti-reini-osti-vegaanituotteen-ja-pettyi\/1945049\" rel=\"nofollow noopener\" target=\"_blank\"><\/p>\n<p>\nAntti Reini\n<\/p>\n<p class=\"section-date\">\n        <strong class=\"article-section\" data-section=\"kotimaa\"><br \/>\n            kotimaa<br \/>\n        <\/strong><br \/>\n        29.9. 15:31\n    <\/p>\n<p>Antti Reini osti vegaanituotteen ja pettyi\n    <\/p>\n<p itemprop=\"description\" class=\"subtitle \">\n    N\u00e4yttelij\u00e4 osti vegaanilakritsipussin ja pettyi sek\u00e4 makuun ett\u00e4 sis\u00e4lt\u00f6luetteloon.\n<\/p>\n<p>        <\/a><\/p>\n<p class=\"article-content article-content-width !bg-background\">\u2013 Teht\u00e4v\u00e4nanto oli seuraava: poptaide ja vastav\u00e4reill\u00e4 toteutettu kaupunkimaisema.<\/p>\n<p class=\"article-content article-content-width !bg-background\">Wilma mainitsee lopuksi, etteiv\u00e4t kyseiset kaksi piirustusta kuulemma vastanneet \u201dteht\u00e4v\u00e4nantoa\u201d.<\/p>\n<p class=\"article-content article-content-width !bg-background\">\u2013 Haluaisin n\u00e4hd\u00e4 muiden lasten piirustukset, jotka opettaja hyv\u00e4ksyi, Wilma jylisee.<\/p>\n<p>                <img decoding=\"async\" src=\"https:\/\/www.europesays.com\/fi\/wp-content\/uploads\/2025\/12\/1622104.webp\" width=\"576\" height=\"322\" alt=\"Antti Reini on tyylik\u00e4s ilmestys.\" loading=\"lazy\" \/>            <\/p>\n<p>\n            Antti Reini on tyylik\u00e4s ilmestys.<br \/>\n            Matti Matikainen\n        <\/p>\n<p>Marilyn ja Lontoon maamerkki<\/p>\n<p class=\"article-content article-content-width !bg-background\">Kuvista toinen tuo mieleen , mutta hiukset ovat vaaleiden sijaan tummat.<\/p>\n<p class=\"article-content article-content-width !bg-background\">Toisessa kuvassa taas on urbaani kaupunkisiluetti, josta on helppo tunnistaa Lontoossa sijaitseva Big Ben, jonka taustalla n\u00e4kyv\u00e4t kirkon kupolit sek\u00e4 maailmanpy\u00f6r\u00e4.<\/p>\n<p class=\"article-content article-content-width !bg-background\">P\u00e4ivitys on her\u00e4tt\u00e4nyt vahvoja mielipiteit\u00e4 kommenttiosiossa.<\/p>\n<p>        <a itemprop=\"url\" href=\"https:\/\/www.seiska.fi\/vain-seiskassa\/antti-reini-jahmettyi-suolapatsaaksi-ruokakaupassa-salakuva\/1794952\" rel=\"nofollow noopener\" target=\"_blank\"><\/p>\n<p>\nSalakuva!\n<\/p>\n<p class=\"section-date\">\n        <strong class=\"article-section\" data-section=\"vain seiskassa\"><br \/>\n            vain seiskassa<br \/>\n        <\/strong><br \/>\n        3.6. 17:00\n    <\/p>\n<p>Antti Reini j\u00e4hmettyi suolapatsaaksi ruokakaupassa \u2013 salakuva!\n    <\/p>\n<p itemprop=\"description\" class=\"subtitle \">\n    Suosikkin\u00e4yttelij\u00e4 pist\u00e4ytyi tamperelaisessa marketissa.\n<\/p>\n<p>        <\/a><\/p>\n<p class=\"article-content article-content-width !bg-background\">Osa ihmettelee t\u00e4ysin avoimesti, kuinka piirustukset muka eiv\u00e4t vastaisi teht\u00e4v\u00e4nantoa poptaiteesta tai kaupunkimaisemasta.<\/p>\n<p class=\"article-content article-content-width !bg-background\">Er\u00e4s kommentoija kehottaa tekem\u00e4\u00e4n valituksen rehtorille ja \u201dvaikka kunnalle ja opetusministeri\u00f6lle\u201d.<\/p>\n<p>                <img decoding=\"async\" src=\"https:\/\/www.europesays.com\/fi\/wp-content\/uploads\/2025\/12\/1670176.webp\" width=\"576\" height=\"274\" alt=\"Antti Reini muistetaan muun muassa Jussi Vareksen roolistaan.\" loading=\"lazy\" \/>            <\/p>\n<p>\n            Antti Reini muistetaan muun muassa Jussi Vareksen roolistaan.<br \/>\n            Solar Films\n        <\/p>\n<p>&#8221;T\u00e4\u00e4 maa on t\u00e4ynn\u00e4 ihmisi\u00e4, joiden&#8230;&#8221;<\/p>\n<p class=\"article-content article-content-width !bg-background\">My\u00f6s maineikas n\u00e4yttelij\u00e4  on jakanut oman n\u00e4kemyksens\u00e4.<\/p>\n<p class=\"article-content article-content-width !bg-background\">\u2013 Ilmeisesti kouluissa ei viel\u00e4k\u00e4\u00e4n ymm\u00e4rret\u00e4, mit\u00e4 luovuus merkitsee ihmisen el\u00e4m\u00e4lle.<\/p>\n<p class=\"article-content article-content-width !bg-background\">Antti muistuttaa, ettei kyse ole siit\u00e4, osaako joku piirt\u00e4\u00e4 tai laulaa \u201djoidenkin helvetin m\u00e4\u00e4reiden mukaan\u201d, vaan itse luomisesta.<\/p>\n<p>        <a itemprop=\"url\" href=\"https:\/\/www.seiska.fi\/kotimaa\/antti-reini-suuri-suru\/1880933\" rel=\"nofollow noopener\" target=\"_blank\"><\/p>\n<p>\nDramaattinen kuva!\n<\/p>\n<p class=\"section-date\">\n        <strong class=\"article-section\" data-section=\"kotimaa\"><br \/>\n            kotimaa<br \/>\n        <\/strong><br \/>\n        27.7. 16:30\n    <\/p>\n<p>Antti Reini: Suuri suru!\n    <\/p>\n<p itemprop=\"description\" class=\"subtitle \">\n    P\u00e4ivitys on kaikessa koruttomuudessaan sek\u00e4 kaunis ett\u00e4 vahva.\n<\/p>\n<p>        <\/a><\/p>\n<p class=\"article-content article-content-width !bg-background\">\u2013 T\u00e4\u00e4 maa on t\u00e4ynn\u00e4 ihmisi\u00e4, joiden luontainen halu ja uskallus ilmaista itse\u00e4\u00e4n on nujerrettu jo ensimm\u00e4isill\u00e4 luokilla kouluissa noiden typerien oikein\u2013v\u00e4\u00e4rin-arvostelujen pohjalta, aineissa, joista ei pit\u00e4isi antaa mink\u00e4\u00e4nlaisia arvosanoja.<\/p>\n<p class=\"article-content article-content-width !bg-background\">Kyll\u00e4 lapset ja nuoret, jotka \u201dtaiteista\u201d kiinnostuvat enemm\u00e4n ja tuntevat sen omakseen, hakeutuvat aloille, joissa n\u00e4it\u00e4 taitoja tarvitaan, ja kehitt\u00e4v\u00e4t niit\u00e4 lis\u00e4\u00e4.<\/p>\n<p class=\"article-content article-content-width !bg-background\">Vares-n\u00e4yttelij\u00e4 muistuttaa tulkinnanvapauden t\u00e4rkeydest\u00e4 ja siit\u00e4, ett\u00e4 asioita voi tehd\u00e4 omalla tavallaan ilman, ett\u00e4 teoksia laitetaan arvoj\u00e4rjestykseen.<\/p>\n<p class=\"article-content article-content-width !bg-background\">T\u00e4m\u00e4 olisi Antin mukaan hyv\u00e4\u00e4 ja sivist\u00e4v\u00e4\u00e4 kulttuurin tuntemusta sek\u00e4 madaltaisi \u201daskelmaa ymm\u00e4rt\u00e4\u00e4, mit\u00e4 kaikkea muuta kuin v\u00e4rioppia ja nuotilleen laulua taide voi olla\u201d.<\/p>\n<p>        <a itemprop=\"url\" href=\"https:\/\/www.seiska.fi\/kotimaa\/nain-antti-reinin-kihlatulle-kavi-vaaleissa\/1678291\" rel=\"nofollow noopener\" target=\"_blank\"><\/p>\n<p>\nAntti Reini\n<\/p>\n<p class=\"section-date\">\n        <strong class=\"article-section\" data-section=\"kotimaa\"><br \/>\n            kotimaa<br \/>\n        <\/strong><br \/>\n        20.4. 19:00\n    <\/p>\n<p>N\u00e4in Antti Reinin kihlatulle k\u00e4vi vaaleissa!\n    <\/p>\n<p itemprop=\"description\" class=\"subtitle \">\n    Antin Marjo-rakas oli ehdolla Porvoossa vihreiden listalla.\n<\/p>\n<p>        <\/a><\/p>\n<p class=\"article-content article-content-width !bg-background\">\u2013 Tuo kaupunkimaisemakin on ihan killerikova!!<\/p>\n<p class=\"article-content article-content-width !bg-background\">Antin n\u00e4kemys on resonoinut, ja kommentista on tyk\u00e4tty noin 200 k\u00e4ytt\u00e4j\u00e4n toimesta.<\/p>\n","protected":false},"excerpt":{"rendered":"Atte Kajova, Matti Matikainen Antti Reini ei purematta niele ik\u00e4v\u00e4\u00e4 palautetta. oli aikansa kohujulkkis. Video: Antti Reini kertoo&hellip;\n","protected":false},"author":2,"featured_media":118514,"comment_status":"","ping_status":"","sticky":false,"template":"","format":"standard","meta":{"footnotes":""},"categories":[136],"tags":[12238,407,155,137,33,31,30,408,96,1480,21479,32,109,21480],"class_list":{"0":"post-118513","1":"post","2":"type-post","3":"status-publish","4":"format-standard","5":"has-post-thumbnail","7":"category-julkkikset","8":"tag-antti-reini","9":"tag-celebrities","10":"tag-elokuvat","11":"tag-entertainment","12":"tag-fi","13":"tag-finland","14":"tag-finnish","15":"tag-julkkikset","16":"tag-koulutus","17":"tag-luovuus","18":"tag-piirustus","19":"tag-suomi","20":"tag-viihde","21":"tag-wilma-schlizewski"},"share_on_mastodon":{"url":"https:\/\/pubeurope.com\/@fi\/115733362514698768","error":""},"_links":{"self":[{"href":"https:\/\/www.europesays.com\/fi\/wp-json\/wp\/v2\/posts\/118513","targetHints":{"allow":["GET"]}}],"collection":[{"href":"https:\/\/www.europesays.com\/fi\/wp-json\/wp\/v2\/posts"}],"about":[{"href":"https:\/\/www.europesays.com\/fi\/wp-json\/wp\/v2\/types\/post"}],"author":[{"embeddable":true,"href":"https:\/\/www.europesays.com\/fi\/wp-json\/wp\/v2\/users\/2"}],"replies":[{"embeddable":true,"href":"https:\/\/www.europesays.com\/fi\/wp-json\/wp\/v2\/comments?post=118513"}],"version-history":[{"count":0,"href":"https:\/\/www.europesays.com\/fi\/wp-json\/wp\/v2\/posts\/118513\/revisions"}],"wp:featuredmedia":[{"embeddable":true,"href":"https:\/\/www.europesays.com\/fi\/wp-json\/wp\/v2\/media\/118514"}],"wp:attachment":[{"href":"https:\/\/www.europesays.com\/fi\/wp-json\/wp\/v2\/media?parent=118513"}],"wp:term":[{"taxonomy":"category","embeddable":true,"href":"https:\/\/www.europesays.com\/fi\/wp-json\/wp\/v2\/categories?post=118513"},{"taxonomy":"post_tag","embeddable":true,"href":"https:\/\/www.europesays.com\/fi\/wp-json\/wp\/v2\/tags?post=118513"}],"curies":[{"name":"wp","href":"https:\/\/api.w.org\/{rel}","templated":true}]}}